{"id":99818,"date":"2025-06-04T12:55:07","date_gmt":"2025-06-04T09:55:07","guid":{"rendered":"https:\/\/mersingazetesi.com\/?p=99818"},"modified":"2025-06-04T12:55:07","modified_gmt":"2025-06-04T09:55:07","slug":"biz-bu-filmi-daha-once-de-gorduk","status":"publish","type":"post","link":"https:\/\/mersingazetesi.com\/index.php\/2025\/06\/04\/biz-bu-filmi-daha-once-de-gorduk\/","title":{"rendered":"B\u0130Z BU F\u0130LM\u0130 DAHA \u00d6NCE DE G\u00d6RD\u00dcK!"},"content":{"rendered":"<div>Biz bu filmi daha \u00f6nce de g\u00f6rd\u00fck!<\/div>\n<div>Hem askeri darbeler d\u00f6neminde g\u00f6rd\u00fck, hem de Fet\u00f6c\u00fcler taraf\u0131ndan yap\u0131lan Askeri Casusluk ve Ergenekon gibi d\u00fczmece soru\u015fturmalarda g\u00f6rd\u00fck. K\u0131sacas\u0131, Biz bu filmi defalarca g\u00f6rd\u00fck.<\/div>\n<div>Her g\u00f6rd\u00fc\u011f\u00fcm\u00fczde de demokrasimiz ve hukukumuz ad\u0131na kayg\u0131 ve endi\u015fe duyup irkildik! Sadece irkilmedik, \u00fcz\u00fcld\u00fck de ayr\u0131ca.<\/div>\n<div>Hi\u00e7 kimse kusura bakmas\u0131n! Ekrem \u0130mamo\u011flu&#8217;na ve \u0130BB&#8217;ye y\u00f6nelik olarak y\u00fcr\u00fct\u00fclen soru\u015fturman\u0131n 6. Dalgas\u0131nda g\u00f6zalt\u0131na al\u0131nan bir\u00e7o\u011fu se\u00e7ilmi\u015f 36 ki\u015finin bas\u0131na ve medyaya servis edilen adliyeye sevk g\u00f6r\u00fcnt\u00fcleri, bu ki\u015fileri te\u015fhire ve itibars\u0131zla\u015ft\u0131rmaya d\u00f6n\u00fck bir uygulamad\u0131r ve hukukun \u00fcst\u00fcnl\u00fc\u011f\u00fcne inananlar i\u00e7in son derece rahats\u0131z edicidir. \u00c7\u00fcnk\u00fc bir hukuk devletinde b\u00f6yle \u015feyler olmaz.<\/div>\n<div>Olursa da o devlete hukuk devleti denmez.<\/div>\n<div>Adalet Bakan\u0131 Y\u0131lmaz Tun\u00e7, kameralar\u0131n kar\u015f\u0131s\u0131na her ge\u00e7ti\u011finde, &#8220;T\u00fcrkiye bir hukuk devletidir ve T\u00fcrk Yarg\u0131s\u0131 da ba\u011f\u0131ms\u0131z ve tarafs\u0131zd\u0131r&#8221; diyor.<\/div>\n<div>T\u00fcrkiye bir hukuk devleti, T\u00fcrk Yarg\u0131s\u0131 da ba\u011f\u0131ms\u0131z ve tarafs\u0131zsa, adalet niye hep yerlerde s\u00fcr\u00fcn\u00fcyor?<\/div>\n<div>Son zamanlarda yap\u0131lan t\u00fcm kamuoyu ara\u015ft\u0131rma sonu\u00e7lar\u0131 g\u00f6steriyor ki, bu \u00dclke&#8217;de adalete olan inan\u00e7 ve g\u00fcven y\u00fczde yirmilere d\u00fc\u015fm\u00fc\u015f durumda.<\/div>\n<div>Diplerde yani.<\/div>\n<div>T\u00fcrk Yarg\u0131s\u0131 kimin ad\u0131na karar veriyor?<\/div>\n<div>T\u00fcrk Milleti ad\u0131na de\u011fil mi?!<\/div>\n<div>Peki, T\u00fcrk Milleti kendi yarg\u0131s\u0131n\u0131n adaletine inan\u0131yor ve g\u00fcveniyor mu?<\/div>\n<div>\u0130nanm\u0131yor ve g\u00fcvenmiyor! \u0130nansayd\u0131 ve g\u00fcvenseydi, adalete olan inan\u00e7 ve g\u00fcven bu kadar dip yapar m\u0131yd\u0131? Ba\u015fta Adalet Bakan\u0131 ve \u0130\u00e7i\u015fleri Bakan\u0131 olmak \u00fczere, \u00dclke&#8217;yi y\u00f6netme mevki ve sorumlulu\u011funda olanlar\u0131n, her vicdan sahibi yurtta\u015f gibi bu durumdan rahats\u0131z olmalar\u0131 laz\u0131m.<\/div>\n<div>Bu yap\u0131lanlar, T\u00fcrkiye bir hukuk devletidir, T\u00fcrk Yarg\u0131s\u0131 da ba\u011f\u0131ms\u0131z ve tarafs\u0131zd\u0131r denilerek savu\u015fturulacak t\u00fcrden \u015feyler de\u011fildir.<\/div>\n<div>\u00d6yle oldu\u011fu i\u00e7in de vatanda\u015f ikna olmuyor.<\/div>\n<div>\u0130kna olup da yap\u0131lanlara destek vermiyor.<\/div>\n<div>Sadece T\u00fcrk Adaleti&#8217;nin insan\u0131n i\u00e7ini ac\u0131tan durumu de\u011fil, bu durum da anketlere yans\u0131yor.<\/div>\n<div>Farkl\u0131 anket \u015firketleri taraf\u0131ndan yap\u0131lan t\u00fcm ara\u015ft\u0131rmalarda, Toplumun b\u00fcy\u00fck bir k\u0131sm\u0131n\u0131n ya\u015fananlar\u0131 hukuki bulmad\u0131\u011f\u0131 g\u00f6r\u00fcl\u00fcyor.<\/div>\n<div>Bu durum, hukuk devleti olma iddias\u0131ndaki bir \u00dclke i\u00e7in s\u00fcrd\u00fcr\u00fclebilir bir \u015fey de\u011fildir.<\/div>\n<div>Dahas\u0131, \u00dclkemize yak\u0131\u015fan bir \u015fey de de\u011fildir.<\/div>\n<div>T\u00fcrk Milleti, devletinin hukuk devleti oldu\u011funa ve kendisi ad\u0131na karar veren T\u00fcrk Yarg\u0131s\u0131&#8217;n\u0131n da adalet \u00fcretti\u011fine inanmak ve g\u00fcvenmek istiyor.<\/div>\n<div>Bu \u00dclke&#8217;de su\u00e7 i\u015fleyen herkes elbette soru\u015fturulmal\u0131d\u0131r. Se\u00e7ilmi\u015fler de soru\u015fturulmal\u0131d\u0131r, atanm\u0131\u015flar da soru\u015fturulmal\u0131d\u0131r.<\/div>\n<div>Su\u00e7 i\u015flemi\u015f ya da su\u00e7a bula\u015fm\u0131\u015f olan hi\u00e7 kimse soru\u015fturulmaktan muaf tutulmamal\u0131d\u0131r.<\/div>\n<div>Fet\u00f6c\u00fclere belediye arsalar\u0131n\u0131 parsel parsel pe\u015fke\u015f \u00e7ekti\u011fi iddia edilen eski Ankara B\u00fcy\u00fck\u015fehir Belediye Ba\u015fkan\u0131 da muaf tutulmamal\u0131d\u0131r, ba\u015f\u0131nda bulundu\u011fu bakanl\u0131\u011fa kendi firmas\u0131ndan dezenfektan satt\u0131\u011f\u0131 iddia edilen Bakan da muaf tutulmamal\u0131d\u0131r.<\/div>\n<div>Haliyle, \u0130mamo\u011flu ve \u00e7al\u0131\u015fma arkada\u015flar\u0131 da muaf tutulmamal\u0131d\u0131r.<\/div>\n<div>Ancak, b\u00fct\u00fcn bunlar hukuka ba\u011fl\u0131 kal\u0131narak ve adalet anlay\u0131\u015f\u0131 \u00e7er\u00e7evesinde yap\u0131lmal\u0131d\u0131r.<\/div>\n<div>Aksi halde, i\u00e7 cephe yar\u0131l\u0131r ve \u00dclkemizle Milletimiz bu i\u015ften b\u00fcy\u00fck zarar g\u00f6r\u00fcr. G\u00f6r\u00fcyor da zaten.<\/div>\n<div>\u00dclkemizi b\u00f6ylesine s\u0131k\u0131nt\u0131l\u0131 bir s\u00fcrece sokmaya kimsenin hakk\u0131 ve yetkisi yoktur.<\/div>\n<div>Se\u00e7ilmi\u015fin de yoktur, atanm\u0131\u015f\u0131n da yoktur.<\/div>\n<div>T\u00fcrk Halk\u0131 olarak \u00dclkemizde huzur, g\u00fcven ve refah i\u00e7inde ya\u015famak istiyoruz.<\/div>\n<div>Buna da fazlas\u0131yla hakk\u0131m\u0131z oldu\u011funu d\u00fc\u015f\u00fcn\u00fcyoruz.<\/div>\n<div>Yap\u0131lan her t\u00fcrl\u00fc haks\u0131zl\u0131\u011f\u0131n, hukuksuzlu\u011fun ve adaletsizli\u011fin, yapan\u0131n ya da yapanlar\u0131n yan\u0131na k\u00e2r kalmayaca\u011f\u0131na olan inanc\u0131mla Milletimize esenlik ve kolayl\u0131k diliyorum!<\/div>\n<div>Ne diyor O\u011fuz Ka\u011fan?<\/div>\n<div>-KARA G\u00dcN KARARIP KALMAZ!<\/div>\n","protected":false},"excerpt":{"rendered":"<p>Biz bu filmi daha \u00f6nce de g\u00f6rd\u00fck! Hem askeri darbeler d\u00f6neminde g\u00f6rd\u00fck, hem de Fet\u00f6c\u00fcler taraf\u0131ndan yap\u0131lan Askeri Casusluk ve Ergenekon gibi d\u00fczmece soru\u015fturmalarda g\u00f6rd\u00fck. K\u0131sacas\u0131, Biz bu filmi defalarca g\u00f6rd\u00fck. Her g\u00f6rd\u00fc\u011f\u00fcm\u00fczde de demokrasimiz ve hukukumuz ad\u0131na kayg\u0131 ve endi\u015fe duyup irkildik! Sadece irkilmedik, \u00fcz\u00fcld\u00fck de ayr\u0131ca. Hi\u00e7 kimse kusura bakmas\u0131n! Ekrem \u0130mamo\u011flu&#8217;na ve [&hellip;]<\/p>\n","protected":false},"author":14,"featured_media":98746,"comment_status":"open","ping_status":"open","sticky":false,"template":"","format":"standard","meta":{"footnotes":""},"categories":[47],"tags":[],"class_list":["post-99818","post","type-post","status-publish","format-standard","has-post-thumbnail","hentry","category-erdogan-serin"],"views":521,"_links":{"self":[{"href":"https:\/\/mersingazetesi.com\/index.php\/wp-json\/wp\/v2\/posts\/99818","targetHints":{"allow":["GET"]}}],"collection":[{"href":"https:\/\/mersingazetesi.com\/index.php\/wp-json\/wp\/v2\/posts"}],"about":[{"href":"https:\/\/mersingazetesi.com\/index.php\/wp-json\/wp\/v2\/types\/post"}],"author":[{"embeddable":true,"href":"https:\/\/mersingazetesi.com\/index.php\/wp-json\/wp\/v2\/users\/14"}],"replies":[{"embeddable":true,"href":"https:\/\/mersingazetesi.com\/index.php\/wp-json\/wp\/v2\/comments?post=99818"}],"version-history":[{"count":0,"href":"https:\/\/mersingazetesi.com\/index.php\/wp-json\/wp\/v2\/posts\/99818\/revisions"}],"wp:featuredmedia":[{"embeddable":true,"href":"https:\/\/mersingazetesi.com\/index.php\/wp-json\/wp\/v2\/media\/98746"}],"wp:attachment":[{"href":"https:\/\/mersingazetesi.com\/index.php\/wp-json\/wp\/v2\/media?parent=99818"}],"wp:term":[{"taxonomy":"category","embeddable":true,"href":"https:\/\/mersingazetesi.com\/index.php\/wp-json\/wp\/v2\/categories?post=99818"},{"taxonomy":"post_tag","embeddable":true,"href":"https:\/\/mersingazetesi.com\/index.php\/wp-json\/wp\/v2\/tags?post=99818"}],"curies":[{"name":"wp","href":"https:\/\/api.w.org\/{rel}","templated":true}]}}