{"id":99710,"date":"2025-06-03T11:18:24","date_gmt":"2025-06-03T08:18:24","guid":{"rendered":"https:\/\/mersingazetesi.com\/?p=99710"},"modified":"2025-06-03T11:18:24","modified_gmt":"2025-06-03T08:18:24","slug":"imamoglu-operasyonu-ve-toplumsal-vicdan","status":"publish","type":"post","link":"https:\/\/mersingazetesi.com\/index.php\/2025\/06\/03\/imamoglu-operasyonu-ve-toplumsal-vicdan\/","title":{"rendered":"\u0130MAMO\u011eLU OPERASYONU VE TOPLUMSAL V\u0130CDAN!"},"content":{"rendered":"<div>Ekrem \u0130mamo\u011flu bu \u00dclke&#8217;de ilk defa belediye ba\u015fkan\u0131 olmad\u0131 ki!<\/div>\n<div>\u0130lki Beylikd\u00fcz\u00fc&#8217;nde, ikisi de \u0130stanbul B\u00fcy\u00fck\u015fehir&#8217;de olmak \u00fczere kesintisiz \u00fc\u00e7 d\u00f6nemdir belediye ba\u015fkanl\u0131\u011f\u0131 yap\u0131yor. Anayasam\u0131za ve yasalar\u0131m\u0131za g\u00f6re, belediyelerin her t\u00fcrl\u00fc i\u015f ve i\u015flemleri de idari ve mali y\u00f6nden denetimlere tabidir. Haliyle, bu denetimler Ekrem \u0130mamo\u011flu&#8217;nun y\u00f6netti\u011fi belediyeler i\u00e7in de ge\u00e7erlidir. \u0130mamo\u011flu y\u00f6netimindeki belediyeler, idari ve mali y\u00f6nden defalarca denetlenmi\u015fler ve bu denetimlerin hepsinden de aklanarak \u00e7\u0131km\u0131\u015flar.<\/div>\n<div>Hatta, zaman zaman yap\u0131lan \u015fikayetlerden bile aklanarak \u00e7\u0131km\u0131\u015flar.<\/div>\n<div>Ta ki, \u0130mamo\u011flu&#8217;nun cumhurba\u015fkanl\u0131\u011f\u0131na aday olma s\u00fcreci ba\u015flayana kadar.<\/div>\n<div>Bu s\u00fcre\u00e7le birlikte \u0130mamo\u011flu&#8217;nun \u00f6nce otuz be\u015f y\u0131ll\u0131k diplomas\u0131 usuls\u00fcz verildi\u011fi iddias\u0131yla tart\u0131\u015fmal\u0131 bir bi\u00e7imde iptal edilmi\u015f ve hemen arkas\u0131ndan da hakk\u0131nda yolsuzluk soru\u015fturmas\u0131 ba\u015flat\u0131l\u0131p, \u00f6nce g\u00f6zalt\u0131na al\u0131nm\u0131\u015f ve sonras\u0131nda da tutuklanm\u0131\u015ft\u0131r.<\/div>\n<div>Sadece kendisi tutuklanmam\u0131\u015f, birlikte \u00e7al\u0131\u015ft\u0131\u011f\u0131 arkada\u015flar\u0131n\u0131n da neredeyse tamam\u0131na yak\u0131n\u0131 tutuklanm\u0131\u015ft\u0131r. Tutuklanmayanlara da yurt d\u0131\u015f\u0131 \u00e7\u0131k\u0131\u015f yasa\u011f\u0131yla birlikte adli kontrol ve denetim \u015fart\u0131 getirilmi\u015ftir.<\/div>\n<div>Soru\u015fturmalar\u0131n ve tutuklamalar\u0131n adayl\u0131k s\u00fcreciyle birlikte ba\u015flat\u0131lm\u0131\u015f olmas\u0131 ve Cumhurba\u015fkan\u0131&#8217;n\u0131n olaya bizzat m\u00fcdahil olup, ba\u015fta \u0130mamo\u011flu olmak \u00fczere, hen\u00fcz h\u00fck\u00fcm giymemi\u015f insanlar hakk\u0131nda ger\u00e7ekmi\u015f gibi ithamlarda bulunmas\u0131, kamuoyunun meseleye \u015f\u00fcpheyle bakmas\u0131na yol a\u00e7m\u0131\u015ft\u0131r.<\/div>\n<div>Kamuoyundaki halihaz\u0131r alg\u0131, y\u00fcr\u00fct\u00fclen soru\u015fturmalar\u0131n ve operasyonlar\u0131n siyasi oldu\u011fu ve Ekrem \u0130mamo\u011flu&#8217;nun siyasi hayat\u0131n\u0131 bitirmeyi ama\u00e7lad\u0131\u011f\u0131 y\u00f6n\u00fcndedir. Nitekim, farkl\u0131 kamuoyu ara\u015ft\u0131rma \u015firketleri taraf\u0131ndan \u00e7e\u015fitli zamanlarda yap\u0131lan ara\u015ft\u0131rma sonu\u00e7lar\u0131 da bu hususu do\u011frular niteliktedir. An itibariyle Toplumun y\u00fczde altm\u0131\u015f\u0131, bu operasyonlar\u0131n siyasi oldu\u011funa inan\u0131yor ve yap\u0131lanlar\u0131 do\u011fru bulmuyor. Hukuki ve do\u011fru bulanlar\u0131n oran\u0131 ise y\u00fczde otuzlarda kal\u0131yor.<\/div>\n<div>Hukuki ve do\u011fru bulmayanlar\u0131n \u00f6nemli bir b\u00f6l\u00fcm\u00fcn\u00fc de \u0130ktidara destek veren se\u00e7menler olu\u015fturuyor.<\/div>\n<div>\u0130ktidara destek veren her d\u00f6rt se\u00e7menden birinin bu soru\u015fturmalar\u0131 siyasi buldu\u011fu ve inanmad\u0131\u011f\u0131, bir\u00e7ok anket \u015firketinin ara\u015ft\u0131rmalar\u0131na da yans\u0131yor. Soru\u015fturmalar\u0131n hep ayn\u0131 merkezden y\u00fcr\u00fct\u00fcl\u00fcyor olmas\u0131 ve farkl\u0131 birimlerdeki y\u00fczlerce insan\u0131 kapsamas\u0131 da kamuoyundaki inan\u00e7s\u0131zl\u0131\u011f\u0131 g\u00fc\u00e7lendiriyor. \u00c7\u00fcnk\u00fc farkl\u0131 birimlerdeki bu kadar insan\u0131n bir araya gelip yolsuzluk yapmas\u0131 ger\u00e7ek\u00e7i bulunmuyor.<\/div>\n<div>Ayr\u0131ca, gizli olarak y\u00fcr\u00fct\u00fclmesi gereken soru\u015fturmalar\u0131n, an\u0131nda \u0130ktidar yanl\u0131s\u0131 bas\u0131na ve medyaya s\u0131zmas\u0131 da soru\u015fturmalar\u0131n siyasi oldu\u011funa dair \u015f\u00fcpheleri art\u0131r\u0131yor.<\/div>\n<div>B\u00fct\u00fcn bunlara ra\u011fmen, bu soru\u015fturmalar\u0131n daha da geni\u015fletilece\u011fi ve \u0130mamo\u011flu&#8217;yla \u00e7al\u0131\u015fma arkada\u015flar\u0131n\u0131n olabildi\u011fince i\u00e7erde tutulaca\u011f\u0131 \u0130ktidar yanl\u0131s\u0131 bas\u0131n ve medya taraf\u0131ndan inatla ve \u0131srarla dillendiriliyor.<\/div>\n<div>Sadece dillendirilmiyor, h\u00fck\u00fcm giymemi\u015f insanlar hakk\u0131nda bas\u0131n ve medya yoluyla karalama kampanyalar\u0131 da y\u00fcr\u00fct\u00fcl\u00fcyor ve g\u00f6z g\u00f6re g\u00f6re bu insanlar\u0131n masumiyet karineleri ihlal ediliyor. Anla\u015f\u0131lan o ki, bu operasyonlar Ana Muhalefet Partisi&#8217;nin kurumsal yap\u0131s\u0131na da uzanacak \u015fekilde se\u00e7ime kadar devam edecek ve son noktay\u0131 sand\u0131kta se\u00e7men koyacak.<\/div>\n<div>Gelin g\u00f6r\u00fcn ki, b\u00fct\u00fcn bu hengamede olan gene \u00fccretliler ile dar ve sabit gelirlilere olacak.<\/div>\n<div>\u00c7\u00fcnk\u00fc hukuka ve adalete \u015f\u00fcpheyle bak\u0131lan b\u00f6yle bir ortamda ne enflasyon d\u00fc\u015fer ne de faizler iner.<\/div>\n","protected":false},"excerpt":{"rendered":"<p>Ekrem \u0130mamo\u011flu bu \u00dclke&#8217;de ilk defa belediye ba\u015fkan\u0131 olmad\u0131 ki! \u0130lki Beylikd\u00fcz\u00fc&#8217;nde, ikisi de \u0130stanbul B\u00fcy\u00fck\u015fehir&#8217;de olmak \u00fczere kesintisiz \u00fc\u00e7 d\u00f6nemdir belediye ba\u015fkanl\u0131\u011f\u0131 yap\u0131yor. Anayasam\u0131za ve yasalar\u0131m\u0131za g\u00f6re, belediyelerin her t\u00fcrl\u00fc i\u015f ve i\u015flemleri de idari ve mali y\u00f6nden denetimlere tabidir. Haliyle, bu denetimler Ekrem \u0130mamo\u011flu&#8217;nun y\u00f6netti\u011fi belediyeler i\u00e7in de ge\u00e7erlidir. \u0130mamo\u011flu y\u00f6netimindeki belediyeler, idari [&hellip;]<\/p>\n","protected":false},"author":14,"featured_media":98746,"comment_status":"open","ping_status":"open","sticky":false,"template":"","format":"standard","meta":{"footnotes":""},"categories":[47],"tags":[],"class_list":["post-99710","post","type-post","status-publish","format-standard","has-post-thumbnail","hentry","category-erdogan-serin"],"views":326,"_links":{"self":[{"href":"https:\/\/mersingazetesi.com\/index.php\/wp-json\/wp\/v2\/posts\/99710","targetHints":{"allow":["GET"]}}],"collection":[{"href":"https:\/\/mersingazetesi.com\/index.php\/wp-json\/wp\/v2\/posts"}],"about":[{"href":"https:\/\/mersingazetesi.com\/index.php\/wp-json\/wp\/v2\/types\/post"}],"author":[{"embeddable":true,"href":"https:\/\/mersingazetesi.com\/index.php\/wp-json\/wp\/v2\/users\/14"}],"replies":[{"embeddable":true,"href":"https:\/\/mersingazetesi.com\/index.php\/wp-json\/wp\/v2\/comments?post=99710"}],"version-history":[{"count":0,"href":"https:\/\/mersingazetesi.com\/index.php\/wp-json\/wp\/v2\/posts\/99710\/revisions"}],"wp:featuredmedia":[{"embeddable":true,"href":"https:\/\/mersingazetesi.com\/index.php\/wp-json\/wp\/v2\/media\/98746"}],"wp:attachment":[{"href":"https:\/\/mersingazetesi.com\/index.php\/wp-json\/wp\/v2\/media?parent=99710"}],"wp:term":[{"taxonomy":"category","embeddable":true,"href":"https:\/\/mersingazetesi.com\/index.php\/wp-json\/wp\/v2\/categories?post=99710"},{"taxonomy":"post_tag","embeddable":true,"href":"https:\/\/mersingazetesi.com\/index.php\/wp-json\/wp\/v2\/tags?post=99710"}],"curies":[{"name":"wp","href":"https:\/\/api.w.org\/{rel}","templated":true}]}}