{"id":99354,"date":"2025-05-28T15:13:30","date_gmt":"2025-05-28T12:13:30","guid":{"rendered":"https:\/\/mersingazetesi.com\/?p=99354"},"modified":"2025-05-28T15:13:30","modified_gmt":"2025-05-28T12:13:30","slug":"chpli-gulcan-kis-mersinde-chpli-belediyeler-calisiyor-iktidar-sadece-izliyor","status":"publish","type":"post","link":"https:\/\/mersingazetesi.com\/index.php\/2025\/05\/28\/chpli-gulcan-kis-mersinde-chpli-belediyeler-calisiyor-iktidar-sadece-izliyor\/","title":{"rendered":"CHP&#8217;li G\u00fclcan K\u0131\u015f: &#8220;Mersin&#8217;de CHP&#8217;li belediyeler \u00e7al\u0131\u015f\u0131yor, iktidar sadece izliyor!&#8221;"},"content":{"rendered":"<p class=\"v1MsoNormal\">CHP Mersin Milletvekili\u00a0<b>G\u00fclcan K\u0131\u015f<\/b>, Mersin kent i\u00e7i ula\u015f\u0131m\u0131nda hayati \u00f6neme sahip\u00a0<b>Akbelen Katl\u0131 Kav\u015fa\u011f\u0131<\/b>\u00a0meselesini T\u00fcrkiye B\u00fcy\u00fck Millet Meclisi g\u00fcndemine ta\u015f\u0131d\u0131. Genel Kurul&#8217;da yapt\u0131\u011f\u0131 konu\u015fmayla \u00e7arp\u0131c\u0131 ger\u00e7ekleri ortaya koyan G\u00fclcan K\u0131\u015f, Ula\u015ft\u0131rma ve Altyap\u0131 Bakan\u0131\u00a0<b>Abdulkadir Uralo\u011flu<\/b>\u00a0taraf\u0131ndan yan\u0131tlanmak \u00fczere kapsaml\u0131 bir\u00a0<b>soru \u00f6nergesi<\/b>\u00a0de verdi.<\/p>\n<p class=\"v1MsoNormal\">\n<p class=\"v1MsoNormal\">2017 y\u0131l\u0131nda ihale edilen Akbelen Katl\u0131 Kav\u015fa\u011f\u0131&#8217;n\u0131n aradan ge\u00e7en\u00a0<b>8 y\u0131la ra\u011fmen h\u00e2l\u00e2 tamamlanmad\u0131\u011f\u0131n\u0131<\/b>, hatta tek bir \u00e7ivi bile \u00e7ak\u0131lmad\u0131\u011f\u0131n\u0131 vurgulayan G\u00fclcan K\u0131\u015f, &#8220;Mersin B\u00fcy\u00fck\u015fehir Belediyemiz benzer projeleri 85 g\u00fcnde bitiriyor. Ama Karayollar\u0131&#8217;n\u0131n sorumlulu\u011fundaki bu projede yaprak bile k\u0131p\u0131rdam\u0131yor. \u00dcstelik burada sadece trafik de\u011fil, can kayb\u0131 ya\u015fan\u0131yor!&#8221; dedi.<\/p>\n<p class=\"v1MsoNormal\">\n<p class=\"v1MsoNormal\"><b>&#8220;Mersin halk\u0131 tasarrufun de\u011fil, hizmetin muhatab\u0131 olmak istiyor&#8221;<\/b><\/p>\n<p class=\"v1MsoNormal\">\n<p class=\"v1MsoNormal\">CHP&#8217;li G\u00fclcan K\u0131\u015f, gecikmenin gerek\u00e7esi olarak ileri s\u00fcr\u00fclen tasarruf tedbirlerini de sert bir dille ele\u015ftirerek \u015fu ifadeleri kulland\u0131:<\/p>\n<p class=\"v1MsoNormal\">\n<p class=\"v1MsoNormal\">&#8220;E\u011fer gerek\u00e7e tasarrufsa, sormak gerekir: Bu \u00fclkenin tasarrufu vatanda\u015f\u0131n can\u0131ndan m\u0131 ba\u015fl\u0131yor? Mersin halk\u0131 bu sorunun bir an \u00f6nce \u00e7\u00f6z\u00fclmesini bekliyor. Ama mesele, Mersin&#8217;e siyasi gerek\u00e7elerle ceza kesmekse; bu halk, cevab\u0131n\u0131 g\u00fcn\u00fc geldi\u011finde sand\u0131kta en sert bi\u00e7imde verecektir.&#8221;<\/p>\n<p class=\"v1MsoNormal\">\n<p class=\"v1MsoNormal\"><b>8 soruluk \u00f6nergeyle hesap sordu: \u015eeffafl\u0131k nerede?<\/b><\/p>\n<p class=\"v1MsoNormal\">\n<p class=\"v1MsoNormal\">Meclis&#8217;e sundu\u011fu yaz\u0131l\u0131 soru \u00f6nergesinde projenin ak\u0131betine ili\u015fkin \u00f6nemli sorular y\u00f6nelten G\u00fclcan K\u0131\u015f; ihalenin tarihinden y\u00fcklenici firmaya, fiziki ilerlemeden gecikme nedenlerine, \u015feffafl\u0131k eksikli\u011finden s\u00f6zle\u015fme detaylar\u0131na kadar bir\u00e7ok konunun a\u00e7\u0131kl\u0131\u011fa kavu\u015fturulmas\u0131n\u0131 istedi.<\/p>\n<p class=\"v1MsoNormal\">\n<p class=\"v1MsoNormal\"><b>&#8220;Mersin&#8217;in sorunlar\u0131n\u0131 g\u00f6rmezden gelen iktidara kar\u015f\u0131, CHP olarak halk\u0131n sesi olmaya devam edece\u011fiz&#8221;<\/b>\u00a0diyen G\u00fclcan K\u0131\u015f, sadece konu\u015fmakla kalmad\u0131, do\u011frudan kamu ad\u0131na hesap sormak i\u00e7in harekete ge\u00e7ti.<\/p>\n<p class=\"v1MsoNormal\">\n<p class=\"v1MsoNormal\"><b>&#8220;Mersin&#8217;de belediyeler \u00fcretiyor, iktidar seyrediyor&#8221;<\/b><\/p>\n<p class=\"v1MsoNormal\">\n<p class=\"v1MsoNormal\">G\u00fclcan K\u0131\u015f ayr\u0131ca yapt\u0131\u011f\u0131 a\u00e7\u0131klamada,\u00a0<b>Mersin&#8217;de CHP&#8217;li belediyelerin hizmet \u00fcretmekte zorlanmad\u0131\u011f\u0131n\u0131<\/b>, as\u0131l sorunun merkezi idarenin\u00a0<b>ayr\u0131mc\u0131 tutumu<\/b>\u00a0oldu\u011funu belirterek \u015fu mesaj\u0131 verdi:<\/p>\n<p class=\"v1MsoNormal\">\n<p class=\"v1MsoNormal\">&#8220;Mersin&#8217;de CHP&#8217;li belediyelerimiz \u00e7al\u0131\u015f\u0131yor, halk nefes al\u0131yor. Ama iktidar h\u00e2l\u00e2 Mersin&#8217;in y\u00fcz\u00fcne bakm\u0131yor. Ne yat\u0131r\u0131m var, ne ilgi, ne e\u015fitlik. Bu anlay\u0131\u015fa kar\u015f\u0131 biz susmayaca\u011f\u0131z. Mersin&#8217;in sesi Meclis&#8217;te de, sokakta da olmaya devam edece\u011fiz.&#8221;<\/p>\n<p class=\"v1MsoNormal\">\n","protected":false},"excerpt":{"rendered":"<p>CHP Mersin Milletvekili\u00a0G\u00fclcan K\u0131\u015f, Mersin kent i\u00e7i ula\u015f\u0131m\u0131nda hayati \u00f6neme sahip\u00a0Akbelen Katl\u0131 Kav\u015fa\u011f\u0131\u00a0meselesini T\u00fcrkiye B\u00fcy\u00fck Millet Meclisi g\u00fcndemine ta\u015f\u0131d\u0131. Genel Kurul&#8217;da yapt\u0131\u011f\u0131 konu\u015fmayla \u00e7arp\u0131c\u0131 ger\u00e7ekleri ortaya koyan G\u00fclcan K\u0131\u015f, Ula\u015ft\u0131rma ve Altyap\u0131 Bakan\u0131\u00a0Abdulkadir Uralo\u011flu\u00a0taraf\u0131ndan yan\u0131tlanmak \u00fczere kapsaml\u0131 bir\u00a0soru \u00f6nergesi\u00a0de verdi. 2017 y\u0131l\u0131nda ihale edilen Akbelen Katl\u0131 Kav\u015fa\u011f\u0131&#8217;n\u0131n aradan ge\u00e7en\u00a08 y\u0131la ra\u011fmen h\u00e2l\u00e2 tamamlanmad\u0131\u011f\u0131n\u0131, hatta tek [&hellip;]<\/p>\n","protected":false},"author":2,"featured_media":99135,"comment_status":"open","ping_status":"open","sticky":false,"template":"","format":"standard","meta":{"footnotes":""},"categories":[8,9],"tags":[],"class_list":["post-99354","post","type-post","status-publish","format-standard","has-post-thumbnail","hentry","category-mersin","category-siyaset"],"views":1343,"_links":{"self":[{"href":"https:\/\/mersingazetesi.com\/index.php\/wp-json\/wp\/v2\/posts\/99354","targetHints":{"allow":["GET"]}}],"collection":[{"href":"https:\/\/mersingazetesi.com\/index.php\/wp-json\/wp\/v2\/posts"}],"about":[{"href":"https:\/\/mersingazetesi.com\/index.php\/wp-json\/wp\/v2\/types\/post"}],"author":[{"embeddable":true,"href":"https:\/\/mersingazetesi.com\/index.php\/wp-json\/wp\/v2\/users\/2"}],"replies":[{"embeddable":true,"href":"https:\/\/mersingazetesi.com\/index.php\/wp-json\/wp\/v2\/comments?post=99354"}],"version-history":[{"count":0,"href":"https:\/\/mersingazetesi.com\/index.php\/wp-json\/wp\/v2\/posts\/99354\/revisions"}],"wp:featuredmedia":[{"embeddable":true,"href":"https:\/\/mersingazetesi.com\/index.php\/wp-json\/wp\/v2\/media\/99135"}],"wp:attachment":[{"href":"https:\/\/mersingazetesi.com\/index.php\/wp-json\/wp\/v2\/media?parent=99354"}],"wp:term":[{"taxonomy":"category","embeddable":true,"href":"https:\/\/mersingazetesi.com\/index.php\/wp-json\/wp\/v2\/categories?post=99354"},{"taxonomy":"post_tag","embeddable":true,"href":"https:\/\/mersingazetesi.com\/index.php\/wp-json\/wp\/v2\/tags?post=99354"}],"curies":[{"name":"wp","href":"https:\/\/api.w.org\/{rel}","templated":true}]}}