{"id":99121,"date":"2025-05-26T10:27:04","date_gmt":"2025-05-26T07:27:04","guid":{"rendered":"https:\/\/mersingazetesi.com\/?p=99121"},"modified":"2025-05-26T10:27:26","modified_gmt":"2025-05-26T07:27:26","slug":"yuk-devesi-bagirgan-olur","status":"publish","type":"post","link":"https:\/\/mersingazetesi.com\/index.php\/2025\/05\/26\/yuk-devesi-bagirgan-olur\/","title":{"rendered":"&#8220;Y\u00dcK DEVES\u0130 BA\u011eIRGAN OLUR!&#8221;"},"content":{"rendered":"<div>May\u0131s 2025 sonu itibariyle \u00dclkemizdeki piyasa kat\u0131l\u0131mc\u0131lar\u0131n\u0131n y\u0131ll\u0131k enflasyon beklentisi y\u00fczde yirmi be\u015flerde.<\/div>\n<div>Hane halk\u0131n\u0131n y\u0131ll\u0131k enflasyon beklentisi ise y\u00fczde altm\u0131\u015flarda.<\/div>\n<div>Bu da g\u00f6steriyor ki, vatanda\u015f\u0131n enflasyon beklentisi \u0130ktidar&#8217;\u0131n beklentisinin iki kat\u0131ndan fazla.<\/div>\n<div>Peki, nas\u0131l oluyor da iki beklenti aras\u0131nda bu kadar b\u00fcy\u00fck fark olabiliyor?<\/div>\n<div>Bunun tek nedeni var! Vatanda\u015f yedi\u011fi, i\u00e7ti\u011fi, giydi\u011fi (vb.) her \u015feyi \u00e7ar\u015f\u0131dan, pazardan para \u00f6deyerek al\u0131yor.<\/div>\n<div>Al\u0131rken de daha ucuzunu bulabilmek i\u00e7in kap\u0131 kap\u0131 dola\u015f\u0131yor.<\/div>\n<div>Merkez Bankas\u0131 ve T\u00dc\u0130K ise sepete doldurduklar\u0131n\u0131n hi\u00e7birine para \u00f6demiyor!<\/div>\n<div>Bu y\u00fczden de hane halk\u0131n\u0131n enflasyonu ile piyasa kat\u0131l\u0131mc\u0131lar\u0131n\u0131n enflasyonu birbiriyle \u00f6rt\u00fc\u015fm\u00fcyor. Bug\u00fcnk\u00fc anlay\u0131\u015fla \u00f6rt\u00fc\u015fecek gibi de g\u00f6r\u00fcnm\u00fcyor.<\/div>\n<div>\u00dclke her krize girdi\u011finde, iktidarlar taraf\u0131ndan bir oyun kurgulan\u0131yor ve b\u00fct\u00fcn y\u00fck \u00e7al\u0131\u015fanlar\u0131n, emeklilerin ve dar gelirlilerin s\u0131rt\u0131na y\u00fckleniyor.<\/div>\n<div>Bu da b\u00fcy\u00fck bir pi\u015fkinlikle yap\u0131l\u0131yor.<\/div>\n<div>\u00d6yle ki, vatanda\u015fa verirken karga, vatanda\u015ftan al\u0131rken \u015fahin olunuyor.<\/div>\n<div>K\u00fc\u00e7\u00fck bir kesim, y\u00fcksek faiz ve enflasyon yoluyla zenginle\u015firken, \u00e7al\u0131\u015fanlar, emekliler ve dar gelirliler faiz ve enflasyon y\u00fck\u00fc alt\u0131nda eziliyor.<\/div>\n<div>K\u00f6t\u00fc y\u00f6netimlerin ve beceriksizliklerin bedeli her defas\u0131nda vatanda\u015fa \u00f6detiliyor.<\/div>\n<div>Daha do\u011frusu, allem edilip kallem edilip, y\u00fck ba\u011f\u0131rtt\u0131ra ba\u011f\u0131rtt\u0131ra vatanda\u015f\u0131n s\u0131rt\u0131na y\u00fckleniyor.<\/div>\n<div>Y\u00fck\u00fc \u00e7ekenlerin sesi solu\u011fu \u00e7\u0131kmas\u0131n diye de sokak r\u00f6portajlar\u0131 bile engellenmeye \u00e7al\u0131\u015f\u0131l\u0131yor. \u0130steniyor ki, y\u00fck\u00fc \u00e7eken ba\u011f\u0131r\u0131p da ortal\u0131\u011f\u0131 aya\u011fa kald\u0131rmas\u0131n.<\/div>\n<div>El insaf yani!<\/div>\n<div>Hem vatanda\u015f\u0131n boynuna bu kadar a\u011f\u0131r bir y\u00fck\u00fc y\u00fckleyeceksiniz, hem de ba\u011f\u0131r\u0131p rahatlamas\u0131na dahi tahamm\u00fcl edemeyeceksiniz.<\/div>\n<div>Atalar bo\u015funa m\u0131 demi\u015fler, &#8220;Y\u00fck devesi ba\u011f\u0131rgan olur!&#8221; diye?<\/div>\n<div>Vatanda\u015f\u0131n s\u0131rt\u0131na b\u00f6ylesine a\u011f\u0131r bir y\u00fck\u00fc y\u00fckl\u00fcyorsan\u0131z, ba\u011f\u0131rmas\u0131na da tahamm\u00fcl edeceksiniz!<\/div>\n<div>Demokrasi b\u00f6yle bir \u015fey \u00e7\u00fcnk\u00fc.<\/div>\n<div dir=\"ltr\"><\/div>\n<div dir=\"ltr\">FIKRA DE\u011e\u0130L<\/div>\n<div dir=\"ltr\"><\/div>\n<div>Bu bir f\u0131kra de\u011fildir!<br \/>\n80\u2019lik Trabzonlu Temel&#8217;in, Torunu Eda&#8217;ya verilen \u00f6devle ilgili ba\u015f\u0131 derttedir. Eski\u015fehir&#8217;e g\u00f6\u00e7 eden arkada\u015f\u0131 Niyazi&#8217;ye bir mektup yaz\u0131p, ba\u015f\u0131na gelenleri anlat\u0131r.<br \/>\n-Niyazi\u00e7i\u011fum!<br \/>\nHani \u015fu penum ki\u00e7\u00fck Torun Eta var idu ya! Ke\u00e7en ak\u015fam keturdu \u00f6devinu koydi \u00f6n\u00fcme. Pi yandan da a\u011flayu U\u015fak. Zaten derdunu de hep pa\u011fa a\u00e7ayi.<br \/>\nBa\u011fa tedu ki!<br \/>\nHa pen punnaru anlayamadum! O y\u00fczden de yapamadum! Yarin \u00f6\u011fretmen penu t\u00f6vecek!<br \/>\nO\u011fa tedum ki!<br \/>\n-A\u011flama U\u015fa\u011fum! Pu y\u00fczden \u00f6\u011fretmen insan\u0131 t\u00f6vmez. Hem sonra, \u015fimdi \u00e7\u00f6zeruk oni.<br \/>\nFakat ne m\u00fcmk\u00fcn Niyazi Garda\u015fum! Ettuk etmeduk olmadi.<br \/>\nMesele \u015fudur! Pi trennan pi otop\u00fcs, ayni anda ayni istasyondan galkayi. Tren otop\u00fcsten \u00fc\u00e7 kat h\u0131zl\u0131 gideyi. Otop\u00fcs iki yerde yirmi pe\u015fer takka mola vereyi. Tren da pi istasyonda turup, yirmi takka su alayi.<br \/>\nOtop\u00fcs saatte altmi\u015f kilometre hizla kidesiymu\u015f. Tren da pe\u015f saat sonra kidece\u011fu yere varasiymu\u015f. Otop\u00fcs ne vakit oraya varasiymu\u015f?<\/div>\n<div>\u00c7ok u\u011fra\u015ftum emme olmadi.<br \/>\nU\u015fak da a\u011flayu pi yandan. Derken pubasi keldu. O da \u00e7ok u\u011fra\u015fti emme yapamadi.<br \/>\nDiyrum O\u011fa ki!<br \/>\n-Tamat! Senun tanidu\u011fun pi otop\u00fcs \u015f\u00f6feri var ise, o\u011fa soralum, pelki o pilur!?<\/div>\n<div>Ya da sapah olsin, pen U\u015fa\u011fu \u015f\u00f6ferler \u00e7emiyetune k\u00f6t\u00fcreyum!<br \/>\nAralarunda pelki trennan yari\u015fmu\u015f pir ot\u00f6p\u00fcs \u015f\u00f6feri vardur da, o pize yardim\u00e7u olur.<br \/>\nHa piz pi yandan da U\u015fa\u011fa trenu tarif edeyruk.<br \/>\nNe yapsun U\u015fak? Trenn g\u00f6rmemi\u015f ki he\u00e7.<\/div>\n<div>Ne Anasi g\u00f6rm\u00fc\u015f, ne Pubasi&#8230;<br \/>\nPen de askerlukte Erzurum&#8217;dan Sivas&#8217;a kideruken pindiydum pir defa.<br \/>\nNeyse Garda\u015f\u0131m?!<\/div>\n<div>O ke\u00e7e \u00e7ok kizdum. Diyece\u011fsun ki niye? U\u015fak daha tut a\u011fa\u00e7undan tut toplamayi pilmeyu. Mezgitu k\u00f6steriyrum, hamsi diyi. Yumurtanin fabrikata yapildi\u011finu saniyi. Piz de kalkmi\u015f trennan otop\u00fcs\u00fc yari\u015ftiriyruk.<br \/>\nYani Niyazi\u00e7i\u011fum! Otop\u00fcs vaktinde varsa ne olur, varmasa ne olur?! Kurbetten yol\u00e7i mu pekleyu sanki? Varaca\u011fu saat \u00f6nemliyse, edersun yazihaneye pi telefon, saa varaca\u011fu saati s\u00f6ylerler.<br \/>\nYapmayun yahu! Pu katar\u00e7uk pi mesele i\u00e7in sabiyi niye telef edeyisunuz? U\u015fakcuklarda \u015earki yok, T\u00fcrki yok, oyun yok! Tayamu\u015flar matemati\u011fu pannak katar u\u015fa\u011fa! Ha puna da e\u011fitum diyiler. Ayiptur, ayip!<\/div>\n<div dir=\"ltr\"><\/div>\n<div>\n<p>ER\u0130CH HONECKER<\/p>\n<p>Erich Honecker, 1971 &#8211; 1989 y\u0131llar\u0131 aras\u0131nda eski Do\u011fu Almanya Devlet Konseyi Ba\u015fkanl\u0131\u011f\u0131 yapm\u0131\u015f bir y\u00f6neticidir.<br \/>\nRivayet o ki, Honecker bir g\u00fcn gen\u00e7lerin meydanda uzun bir kuyruk olu\u015fturduklar\u0131n\u0131 g\u00f6r\u00fcr ve merak edip &#8220;Bu ne kuyru\u011fu b\u00f6yle?&#8221; diye sorar!<\/p>\n<\/div>\n<div>Sorunun muhatab\u0131 olan gen\u00e7 &#8220;\u00dclkeyi terketme kuyru\u011fu&#8221; diyerek Honecker&#8217;le dalga ge\u00e7er.<\/div>\n<div>Bu cevab\u0131n kendisine y\u00f6nelik bir g\u00f6nderme oldu\u011funu anlamayan Honecker, daha da meraklan\u0131p i\u015fin asl\u0131n\u0131 \u00f6\u011frenmek i\u00e7in hemen kuyru\u011fa girer.<\/div>\n<div>Fakat Onun bu hareketiyle birlikte kuyruktakiler h\u0131zla da\u011f\u0131lmaya ba\u015flarlar. Honecker bunun \u00fczerine ayn\u0131 gence tekrar sorar!<br \/>\n-Peki, \u015fimdi niye da\u011f\u0131l\u0131yor bu kuyruk?<br \/>\nGen\u00e7 cevap verir!<br \/>\n-Siz gidiyorsunuz ya! Art\u0131k bizim gitmemize gerek kalmayacak.<\/div>\n","protected":false},"excerpt":{"rendered":"<p>May\u0131s 2025 sonu itibariyle \u00dclkemizdeki piyasa kat\u0131l\u0131mc\u0131lar\u0131n\u0131n y\u0131ll\u0131k enflasyon beklentisi y\u00fczde yirmi be\u015flerde. Hane halk\u0131n\u0131n y\u0131ll\u0131k enflasyon beklentisi ise y\u00fczde altm\u0131\u015flarda. Bu da g\u00f6steriyor ki, vatanda\u015f\u0131n enflasyon beklentisi \u0130ktidar&#8217;\u0131n beklentisinin iki kat\u0131ndan fazla. Peki, nas\u0131l oluyor da iki beklenti aras\u0131nda bu kadar b\u00fcy\u00fck fark olabiliyor? Bunun tek nedeni var! Vatanda\u015f yedi\u011fi, i\u00e7ti\u011fi, giydi\u011fi (vb.) her [&hellip;]<\/p>\n","protected":false},"author":14,"featured_media":98746,"comment_status":"open","ping_status":"open","sticky":false,"template":"","format":"standard","meta":{"footnotes":""},"categories":[47],"tags":[],"class_list":["post-99121","post","type-post","status-publish","format-standard","has-post-thumbnail","hentry","category-erdogan-serin"],"views":276,"_links":{"self":[{"href":"https:\/\/mersingazetesi.com\/index.php\/wp-json\/wp\/v2\/posts\/99121","targetHints":{"allow":["GET"]}}],"collection":[{"href":"https:\/\/mersingazetesi.com\/index.php\/wp-json\/wp\/v2\/posts"}],"about":[{"href":"https:\/\/mersingazetesi.com\/index.php\/wp-json\/wp\/v2\/types\/post"}],"author":[{"embeddable":true,"href":"https:\/\/mersingazetesi.com\/index.php\/wp-json\/wp\/v2\/users\/14"}],"replies":[{"embeddable":true,"href":"https:\/\/mersingazetesi.com\/index.php\/wp-json\/wp\/v2\/comments?post=99121"}],"version-history":[{"count":0,"href":"https:\/\/mersingazetesi.com\/index.php\/wp-json\/wp\/v2\/posts\/99121\/revisions"}],"wp:featuredmedia":[{"embeddable":true,"href":"https:\/\/mersingazetesi.com\/index.php\/wp-json\/wp\/v2\/media\/98746"}],"wp:attachment":[{"href":"https:\/\/mersingazetesi.com\/index.php\/wp-json\/wp\/v2\/media?parent=99121"}],"wp:term":[{"taxonomy":"category","embeddable":true,"href":"https:\/\/mersingazetesi.com\/index.php\/wp-json\/wp\/v2\/categories?post=99121"},{"taxonomy":"post_tag","embeddable":true,"href":"https:\/\/mersingazetesi.com\/index.php\/wp-json\/wp\/v2\/tags?post=99121"}],"curies":[{"name":"wp","href":"https:\/\/api.w.org\/{rel}","templated":true}]}}