{"id":98950,"date":"2025-05-23T11:42:36","date_gmt":"2025-05-23T08:42:36","guid":{"rendered":"https:\/\/mersingazetesi.com\/?p=98950"},"modified":"2025-05-23T11:42:36","modified_gmt":"2025-05-23T08:42:36","slug":"bir-haftada-ayni-caddede-3-kaza","status":"publish","type":"post","link":"https:\/\/mersingazetesi.com\/index.php\/2025\/05\/23\/bir-haftada-ayni-caddede-3-kaza\/","title":{"rendered":"Bir haftada ayn\u0131 caddede 3 kaza"},"content":{"rendered":"<p>Mersin&#8217;in Erdemli il\u00e7esinde son bir haftada ayn\u0131 cadde de 3 kaza meydana geldi, o anlar ise g\u00fcvenlik kameras\u0131na yans\u0131d\u0131. G\u00fcvenlik kameras\u0131na yans\u0131yan ba\u015fka bir kaza ise ucuz atlat\u0131ld\u0131.<br \/>\nKazalar, il\u00e7eye ba\u011fl\u0131 Akdeniz Mahallesi Muhsin Yaz\u0131c\u0131o\u011flu Caddesi&#8217;nde meydana geldi. \u0130l\u00e7e sakinleri taraf\u0131ndan Tapu Caddesi olarak bilinen b\u00f6lgede ya\u015fanan kazalara son bir haftada yenileri eklendi. Pe\u015f pe\u015fe kazalar\u0131n ya\u015fand\u0131\u011f\u0131 cadde de bu hafta 3 kaza daha ya\u015fand\u0131. \u0130lk kazada ara sokaktan \u00e7\u0131kan otomobil ile caddeden gelen otomobil \u00e7arp\u0131\u015ft\u0131. Di\u011fer bir kazada ise ara sokaktan gelen motosikletli s\u00fcr\u00fcc\u00fc, caddeden giden otomobille \u00e7arp\u0131\u015ft\u0131. Son kazada ise bu kez ana caddeden seyreden motosikletli, ara caddeden \u00e7\u0131kan otomobille \u00e7arp\u0131\u015ft\u0131. Ya\u015fanan kazalar\u0131n hepsi de \u00e7evredeki i\u015f yerlerinin g\u00fcvenlik kameras\u0131na yans\u0131d\u0131. Vatanda\u015flar, b\u00f6lgede her hafta \u00e7ok say\u0131da kaza oldu\u011funu belirterek biz \u00e7\u00f6z\u00fcm bulunmas\u0131n\u0131 istedi.<br \/>\n\u00d6te yandan, il\u00e7ede farkl\u0131 bir b\u00f6lgede ya\u015fanan kazada g\u00fcvenlik kameras\u0131na yans\u0131d\u0131. Kaza bu kez il\u00e7eye ba\u011fl\u0131 Alata Mahallesi Yavuz Sultan Selim Bulvar\u0131&#8217;nda meydana geldi. Bir i\u015fyerinden \u00e7\u0131kan \u015fahsa, geri geri manevra yapan minib\u00fcs \u00e7arpt\u0131. O anlar\u0131n g\u00fcvenlik kameras\u0131na yans\u0131d\u0131\u011f\u0131 kaza da yaralanan olmad\u0131.<\/p>\n","protected":false},"excerpt":{"rendered":"<p>Mersin&#8217;in Erdemli il\u00e7esinde son bir haftada ayn\u0131 cadde de 3 kaza meydana geldi, o anlar ise g\u00fcvenlik kameras\u0131na yans\u0131d\u0131. G\u00fcvenlik kameras\u0131na yans\u0131yan ba\u015fka bir kaza ise ucuz atlat\u0131ld\u0131. Kazalar, il\u00e7eye ba\u011fl\u0131 Akdeniz Mahallesi Muhsin Yaz\u0131c\u0131o\u011flu Caddesi&#8217;nde meydana geldi. \u0130l\u00e7e sakinleri taraf\u0131ndan Tapu Caddesi olarak bilinen b\u00f6lgede ya\u015fanan kazalara son bir haftada yenileri eklendi. Pe\u015f pe\u015fe [&hellip;]<\/p>\n","protected":false},"author":2,"featured_media":98951,"comment_status":"open","ping_status":"open","sticky":false,"template":"","format":"standard","meta":{"footnotes":""},"categories":[1],"tags":[],"class_list":["post-98950","post","type-post","status-publish","format-standard","has-post-thumbnail","hentry","category-gundem"],"views":46,"_links":{"self":[{"href":"https:\/\/mersingazetesi.com\/index.php\/wp-json\/wp\/v2\/posts\/98950","targetHints":{"allow":["GET"]}}],"collection":[{"href":"https:\/\/mersingazetesi.com\/index.php\/wp-json\/wp\/v2\/posts"}],"about":[{"href":"https:\/\/mersingazetesi.com\/index.php\/wp-json\/wp\/v2\/types\/post"}],"author":[{"embeddable":true,"href":"https:\/\/mersingazetesi.com\/index.php\/wp-json\/wp\/v2\/users\/2"}],"replies":[{"embeddable":true,"href":"https:\/\/mersingazetesi.com\/index.php\/wp-json\/wp\/v2\/comments?post=98950"}],"version-history":[{"count":0,"href":"https:\/\/mersingazetesi.com\/index.php\/wp-json\/wp\/v2\/posts\/98950\/revisions"}],"wp:featuredmedia":[{"embeddable":true,"href":"https:\/\/mersingazetesi.com\/index.php\/wp-json\/wp\/v2\/media\/98951"}],"wp:attachment":[{"href":"https:\/\/mersingazetesi.com\/index.php\/wp-json\/wp\/v2\/media?parent=98950"}],"wp:term":[{"taxonomy":"category","embeddable":true,"href":"https:\/\/mersingazetesi.com\/index.php\/wp-json\/wp\/v2\/categories?post=98950"},{"taxonomy":"post_tag","embeddable":true,"href":"https:\/\/mersingazetesi.com\/index.php\/wp-json\/wp\/v2\/tags?post=98950"}],"curies":[{"name":"wp","href":"https:\/\/api.w.org\/{rel}","templated":true}]}}