{"id":98893,"date":"2025-05-22T12:30:35","date_gmt":"2025-05-22T09:30:35","guid":{"rendered":"https:\/\/mersingazetesi.com\/?p=98893"},"modified":"2025-05-22T17:29:33","modified_gmt":"2025-05-22T14:29:33","slug":"insanlik-olmus-de-aglayani-yok","status":"publish","type":"post","link":"https:\/\/mersingazetesi.com\/index.php\/2025\/05\/22\/insanlik-olmus-de-aglayani-yok\/","title":{"rendered":"\u0130NSANLIK \u00d6LM\u00dc\u015e DE A\u011eLAYANI YOK!"},"content":{"rendered":"<div dir=\"ltr\">\n<div>\u0130srail, Trump y\u00f6netimindeki ABD&#8217;yi de arkas\u0131na alarak, Gazze&#8217;de resmen soyk\u0131r\u0131m yap\u0131yor.<\/div>\n<div>\u00d6yle ki, \u00e7ocuk, kad\u0131n, ya\u015fl\u0131, hasta demeden, \u00f6n\u00fcne \u00e7\u0131kan hemen her Filistinli&#8217;yi ac\u0131mas\u0131zca katlediyor. Katledemediklerini de yerlerinden, yurtlar\u0131ndan s\u00fcr\u00fcyor.<\/div>\n<div>Ba\u015fta bir bu\u00e7uk milyar n\u00fcfuslu M\u00fcsl\u00fcman D\u00fcnya olmak \u00fczere, insanl\u0131k \u00e2lemi de b\u00fct\u00fcn bu olup biteni hi\u00e7bir \u015fey olmam\u0131\u015f gibi seyrediyor.<\/div>\n<div>T\u00fcrkiye&#8217;den, \u0130ran&#8217;dan ve Bat\u0131 D\u00fcnyas\u0131&#8217;ndan zaman zaman itirazlar y\u00fckselse de, cayd\u0131r\u0131c\u0131l\u0131ktan \u0131rak bu itirazlar \u0130srail&#8217;i durdurmaya yetmiyor. Belli ki, Netanyahu denen g\u00f6z\u00fc d\u00f6nm\u00fc\u015f Katil, Filistin Halk\u0131&#8217;n\u0131 yok etmeye ve tarihten silmeye kararl\u0131 g\u00f6r\u00fcn\u00fcyor. B\u00fct\u00fcn bu ya\u015fananlar kar\u015f\u0131s\u0131nda d\u00f6rt y\u00fcz elli milyon n\u00fcfuslu Arap D\u00fcnyas\u0131&#8217;n\u0131n ise k\u0131l\u0131 k\u0131p\u0131rdam\u0131yor.<\/div>\n<div>Onlar\u0131n tek dertleri var!<\/div>\n<div>O da, saltanatlar\u0131n\u0131 s\u00fcrd\u00fcrmek i\u00e7in ABD emperyalizmine hizmet etmek.<\/div>\n<div>S\u00f6z birli\u011fi etmi\u015flercesine bunu da ziyadesiyle yap\u0131yorlar. Gazze&#8217;yi kumarhaneye \u00e7evirmekten s\u00f6z eden Trump&#8217;un kar\u015f\u0131s\u0131nda irili, ufakl\u0131 s\u0131raya dizilip, el pen\u00e7e divan duruyorlar.<\/div>\n<div>Bu murada eremeyenler de Ondan gelecek bir telefonun hayaliyle yan\u0131p tutu\u015fuyorlar! B\u00fct\u00fcn bu ya\u015fananlar Nazi Soyk\u0131r\u0131m\u0131&#8217;ndan sonraki en b\u00fcy\u00fck soyk\u0131r\u0131md\u0131r ve insanl\u0131k i\u00e7in de kara bir lekedir.<\/div>\n<div>Bu soyk\u0131r\u0131m\u0131, gaflet, dalalet, atalet ve hatta h\u0131yanet i\u00e7inde olan M\u00fcsl\u00fcman D\u00fcnya&#8217;n\u0131n durduramayaca\u011f\u0131 da kesindir. \u00c7\u00fcnk\u00fc bu D\u00fcnya&#8217;n\u0131n en iyi bildi\u011fi ve yapt\u0131\u011f\u0131 \u015fey, birbirlerinin kuyular\u0131n\u0131 kazmak ve emperyalizme \u00e7anak tutup u\u015fakl\u0131k yapmakt\u0131r.<\/div>\n<div>Unutmayal\u0131m! U\u015faklar\u0131n kaderi tamamen efendilerinin elindedir.<\/div>\n<div>Kullan\u0131m s\u00fcreleri doldu\u011funda eskilerini \u00e7\u00f6pe atarlar ve yerlerine yenilerini bulurlar.<\/div>\n<div>\n<div class=\"adm\">\n<div id=\"q_62\" class=\"ajR h4\" data-tooltip=\"Geni\u015fletilen i\u00e7eri\u011fi gizleyin\" aria-label=\"Geni\u015fletilen i\u00e7eri\u011fi gizleyin\" aria-expanded=\"true\"><\/div>\n<\/div>\n<\/div>\n<\/div>\n<div>\u00d6ZL\u00dc S\u00d6ZLER\u0130M<\/div>\n<div dir=\"ltr\"><\/div>\n<div>Kokan ayaksa, \u00e7orab\u0131 de\u011fi\u015ftirmenin bir faydas\u0131 yok. Kokan ba\u015fsa, ayakla u\u011fra\u015fman\u0131n bir faydas\u0131 yok.<br \/>\nS\u00fcmer Atas\u00f6z\u00fc<br \/>\n(S\u00fcmerler, M\u00d6 4.000 &#8211; 2000 y\u0131llar\u0131 aras\u0131nda A\u015fa\u011f\u0131 Mezepotomya&#8217;da (bug\u00fcnk\u00fc Irak&#8217;\u0131n g\u00fcneyinde) ya\u015fam\u0131\u015f ve \u00e7a\u011f\u0131na damgas\u0131n\u0131 vurmu\u015f uygar bir halkt\u0131r.)<\/div>\n","protected":false},"excerpt":{"rendered":"<p>\u0130srail, Trump y\u00f6netimindeki ABD&#8217;yi de arkas\u0131na alarak, Gazze&#8217;de resmen soyk\u0131r\u0131m yap\u0131yor. \u00d6yle ki, \u00e7ocuk, kad\u0131n, ya\u015fl\u0131, hasta demeden, \u00f6n\u00fcne \u00e7\u0131kan hemen her Filistinli&#8217;yi ac\u0131mas\u0131zca katlediyor. Katledemediklerini de yerlerinden, yurtlar\u0131ndan s\u00fcr\u00fcyor. Ba\u015fta bir bu\u00e7uk milyar n\u00fcfuslu M\u00fcsl\u00fcman D\u00fcnya olmak \u00fczere, insanl\u0131k \u00e2lemi de b\u00fct\u00fcn bu olup biteni hi\u00e7bir \u015fey olmam\u0131\u015f gibi seyrediyor. T\u00fcrkiye&#8217;den, \u0130ran&#8217;dan ve Bat\u0131 [&hellip;]<\/p>\n","protected":false},"author":14,"featured_media":98746,"comment_status":"open","ping_status":"open","sticky":false,"template":"","format":"standard","meta":{"footnotes":""},"categories":[47],"tags":[],"class_list":["post-98893","post","type-post","status-publish","format-standard","has-post-thumbnail","hentry","category-erdogan-serin"],"views":259,"_links":{"self":[{"href":"https:\/\/mersingazetesi.com\/index.php\/wp-json\/wp\/v2\/posts\/98893","targetHints":{"allow":["GET"]}}],"collection":[{"href":"https:\/\/mersingazetesi.com\/index.php\/wp-json\/wp\/v2\/posts"}],"about":[{"href":"https:\/\/mersingazetesi.com\/index.php\/wp-json\/wp\/v2\/types\/post"}],"author":[{"embeddable":true,"href":"https:\/\/mersingazetesi.com\/index.php\/wp-json\/wp\/v2\/users\/14"}],"replies":[{"embeddable":true,"href":"https:\/\/mersingazetesi.com\/index.php\/wp-json\/wp\/v2\/comments?post=98893"}],"version-history":[{"count":0,"href":"https:\/\/mersingazetesi.com\/index.php\/wp-json\/wp\/v2\/posts\/98893\/revisions"}],"wp:featuredmedia":[{"embeddable":true,"href":"https:\/\/mersingazetesi.com\/index.php\/wp-json\/wp\/v2\/media\/98746"}],"wp:attachment":[{"href":"https:\/\/mersingazetesi.com\/index.php\/wp-json\/wp\/v2\/media?parent=98893"}],"wp:term":[{"taxonomy":"category","embeddable":true,"href":"https:\/\/mersingazetesi.com\/index.php\/wp-json\/wp\/v2\/categories?post=98893"},{"taxonomy":"post_tag","embeddable":true,"href":"https:\/\/mersingazetesi.com\/index.php\/wp-json\/wp\/v2\/tags?post=98893"}],"curies":[{"name":"wp","href":"https:\/\/api.w.org\/{rel}","templated":true}]}}