{"id":98745,"date":"2025-05-20T12:31:24","date_gmt":"2025-05-20T09:31:24","guid":{"rendered":"https:\/\/mersingazetesi.com\/?p=98745"},"modified":"2025-05-20T12:31:24","modified_gmt":"2025-05-20T09:31:24","slug":"semt-polikliniklerinin-yayginlastirilmasi-sart","status":"publish","type":"post","link":"https:\/\/mersingazetesi.com\/index.php\/2025\/05\/20\/semt-polikliniklerinin-yayginlastirilmasi-sart\/","title":{"rendered":"SEMT POL\u0130KL\u0130N\u0130KLER\u0130N\u0130N YAYGINLA\u015eTIRILMASI \u015eART!"},"content":{"rendered":"<div dir=\"ltr\">Bu \u00dclke&#8217;de kendini fiziksel ya da ruhsal y\u00f6nden rahats\u0131z hisseden herkes, gayet hakl\u0131 olarak hekime gidiyor. Hekime gitmede \u00f6ncelik de birinci kademe durumundaki sa\u011fl\u0131k ocaklar\u0131na oluyor. Ancak, uzmanl\u0131\u011f\u0131 gerektiren konularda zorunlu olarak hastanelere ba\u015fvuruluyor. Fakat hastanelere ba\u015fvuru o kadar \u00e7ok oluyor ki, haliyle hastaneler bu y\u00fck\u00fc kald\u0131ram\u0131yor.<\/div>\n<div dir=\"ltr\">\u00d6yle ki, hastalar randevu almakta zorlan\u0131rken, hekimler re\u00e7ete, rapor ve tetkik yazmaktan hastalara bakmaya f\u0131rsat bulam\u0131yor. Bir hekim, geli\u015fmi\u015f \u00fclkelerde g\u00fcnl\u00fck 20, 25 hastaya bakarken, Bizde bunun \u00fc\u00e7, d\u00f6rt kat\u0131 kadar hastaya bakmak zorunda kal\u0131yor. Haddinden fazla hastay\u0131 hastane polikliniklerine y\u0131\u011farak hem hekimlere hem de hastalara yaz\u0131k ediyoruz. \u00c7\u00fcnk\u00fc yo\u011funluktan ve s\u0131k\u0131\u015f\u0131kl\u0131ktan hekim hekimli\u011fini yapam\u0131yor, hasta da hak etti\u011fi tedaviyi alam\u0131yor.<\/div>\n<div dir=\"ltr\">Peki, bunun bir \u00e7\u00f6z\u00fcm\u00fc yok mu!?<\/div>\n<div dir=\"ltr\">Var elbet!<\/div>\n<div dir=\"ltr\">Var da, bu \u00e7\u00f6z\u00fcm\u00fc hayata ge\u00e7irip sistemi rahatlatacak bir irade ortada yok.<\/div>\n<div dir=\"ltr\">Oysa ki yap\u0131lacak i\u015f belli. Semt polikliniklerini h\u0131zla yayg\u0131nla\u015ft\u0131rmak ve ileri tetkik ve tedavi gerektirmeyen hastalar\u0131n sorunlar\u0131n\u0131 burada \u00e7\u00f6zmek. Semt polikliniklerini a\u00e7arken de, hastanelerde y\u0131\u011f\u0131lmalar\u0131n ya\u015fand\u0131\u011f\u0131 g\u00f6z, dahiliye ve ortopedi gibi b\u00f6l\u00fcmlere \u00f6ncelik vermek. Yeterli say\u0131da semt poliklini\u011fi a\u00e7\u0131ld\u0131\u011f\u0131 takdirde hastanelerin y\u00fck\u00fcn\u00fcn \u00f6nemli \u00f6l\u00e7\u00fcde hafifleyece\u011fi ortadad\u0131r.<\/div>\n<div dir=\"ltr\">Hastanelerin y\u00fck\u00fcn\u00fcn hafifletilmesiyle hastalara daha kaliteli sa\u011fl\u0131k hizmeti verilece\u011fi de ortadad\u0131r.<\/div>\n<div dir=\"ltr\">Yeter ki, bin bir emekle yeti\u015ftirdi\u011fimiz hekimlerimizi yurt d\u0131\u015f\u0131na ka\u00e7\u0131rmayal\u0131m. Hekimlerimizi k\u00fcst\u00fcr\u00fcr ve yurt d\u0131\u015f\u0131na ka\u00e7\u0131r\u0131rsak, sa\u011fl\u0131kla ilgili sorunlar\u0131m\u0131z\u0131n \u00fcstesinden gelemeyiz. Nitekim gelemiyoruz da.<\/div>\n<div dir=\"ltr\"><\/div>\n<div dir=\"ltr\">19 MAYIS EMPERYAL\u0130ZME \u201cDUR!\u201d DED\u0130<\/div>\n<div dir=\"ltr\"><\/div>\n<div dir=\"ltr\">19 May\u0131s 1919, emperyalizme &#8220;DUR!&#8221; dedi\u011fimiz m\u00fccadelenin ba\u015flad\u0131\u011f\u0131 g\u00fcnd\u00fcr.<br \/>\nVatan\u0131m\u0131z\u0131n i\u015fgal ve istilas\u0131na kar\u015f\u0131 direni\u015fimizin ilk ad\u0131m\u0131d\u0131r.<br \/>\nT\u00fcrkler&#8217;in Anadolu&#8217;dan s\u00fcr\u00fclme ve yok edilme planlar\u0131n\u0131n bo\u015fa \u00e7\u0131kar\u0131ld\u0131\u011f\u0131 \u00f6l\u00fcm kal\u0131m m\u00fccadelemizin ba\u015flang\u0131c\u0131d\u0131r.<br \/>\nT\u00fcrkiye Cumhuriyeti&#8217;nin kurulu\u015funa giden yolda g\u00fc\u00e7l\u00fc ve kararl\u0131 bir ad\u0131md\u0131r.<br \/>\nBu Cumhuriyeti kuran ve bize emanet eden, ba\u015fta Cumhuriyetimizin banisi Ebedi Ba\u015fkomutan\u0131m\u0131z Mare\u015fal Gazi Mustafa Kemal Atat\u00fcrk&#8217;\u00fc olmak \u00fczere, b\u00fct\u00fcn kahraman\u0131m\u0131z\u0131 sayg\u0131, minnet ve \u015f\u00fckranla an\u0131yor, ebediyete intikal edenlere Allah&#8217;tan rahmet, hayatta olanlara hay\u0131rl\u0131 \u00f6m\u00fcrler diliyorum!<br \/>\n19 May\u0131s Atat\u00fcrk&#8217;\u00fc Anma, Gen\u00e7lik ve Spor Bayram\u0131m\u0131z kutlu olsun!<\/div>\n","protected":false},"excerpt":{"rendered":"<p>Bu \u00dclke&#8217;de kendini fiziksel ya da ruhsal y\u00f6nden rahats\u0131z hisseden herkes, gayet hakl\u0131 olarak hekime gidiyor. Hekime gitmede \u00f6ncelik de birinci kademe durumundaki sa\u011fl\u0131k ocaklar\u0131na oluyor. Ancak, uzmanl\u0131\u011f\u0131 gerektiren konularda zorunlu olarak hastanelere ba\u015fvuruluyor. Fakat hastanelere ba\u015fvuru o kadar \u00e7ok oluyor ki, haliyle hastaneler bu y\u00fck\u00fc kald\u0131ram\u0131yor. \u00d6yle ki, hastalar randevu almakta zorlan\u0131rken, hekimler re\u00e7ete, [&hellip;]<\/p>\n","protected":false},"author":14,"featured_media":98746,"comment_status":"open","ping_status":"open","sticky":false,"template":"","format":"standard","meta":{"footnotes":""},"categories":[47],"tags":[],"class_list":["post-98745","post","type-post","status-publish","format-standard","has-post-thumbnail","hentry","category-erdogan-serin"],"views":258,"_links":{"self":[{"href":"https:\/\/mersingazetesi.com\/index.php\/wp-json\/wp\/v2\/posts\/98745","targetHints":{"allow":["GET"]}}],"collection":[{"href":"https:\/\/mersingazetesi.com\/index.php\/wp-json\/wp\/v2\/posts"}],"about":[{"href":"https:\/\/mersingazetesi.com\/index.php\/wp-json\/wp\/v2\/types\/post"}],"author":[{"embeddable":true,"href":"https:\/\/mersingazetesi.com\/index.php\/wp-json\/wp\/v2\/users\/14"}],"replies":[{"embeddable":true,"href":"https:\/\/mersingazetesi.com\/index.php\/wp-json\/wp\/v2\/comments?post=98745"}],"version-history":[{"count":0,"href":"https:\/\/mersingazetesi.com\/index.php\/wp-json\/wp\/v2\/posts\/98745\/revisions"}],"wp:featuredmedia":[{"embeddable":true,"href":"https:\/\/mersingazetesi.com\/index.php\/wp-json\/wp\/v2\/media\/98746"}],"wp:attachment":[{"href":"https:\/\/mersingazetesi.com\/index.php\/wp-json\/wp\/v2\/media?parent=98745"}],"wp:term":[{"taxonomy":"category","embeddable":true,"href":"https:\/\/mersingazetesi.com\/index.php\/wp-json\/wp\/v2\/categories?post=98745"},{"taxonomy":"post_tag","embeddable":true,"href":"https:\/\/mersingazetesi.com\/index.php\/wp-json\/wp\/v2\/tags?post=98745"}],"curies":[{"name":"wp","href":"https:\/\/api.w.org\/{rel}","templated":true}]}}