{"id":98636,"date":"2025-05-18T15:39:53","date_gmt":"2025-05-18T12:39:53","guid":{"rendered":"https:\/\/mersingazetesi.com\/?p=98636"},"modified":"2025-05-18T15:39:53","modified_gmt":"2025-05-18T12:39:53","slug":"romanya-secimlerinde-macrona-sert-elestiriler-diktatorluk-egilimleri-var","status":"publish","type":"post","link":"https:\/\/mersingazetesi.com\/index.php\/2025\/05\/18\/romanya-secimlerinde-macrona-sert-elestiriler-diktatorluk-egilimleri-var\/","title":{"rendered":"Romanya Se\u00e7imlerinde Macron\u2019a Sert Ele\u015ftiriler: &#8220;Diktat\u00f6rl\u00fck E\u011filimleri Var&#8221;"},"content":{"rendered":"<p>Romanya\u2019daki cumhurba\u015fkanl\u0131\u011f\u0131 se\u00e7im kampanyas\u0131 sona ererken, \u00fclkenin a\u015f\u0131r\u0131 sa\u011fc\u0131 aday\u0131 George Simion, Fransa Cumhurba\u015fkan\u0131 Emmanuel Macron\u2019a sert ele\u015ftirilerde bulundu.<\/p>\n<p>Se\u00e7imlerin sonu\u00e7lar\u0131 yakla\u015f\u0131rken, Simion, Paris\u2019te d\u00fczenlenen bir canl\u0131 yay\u0131n program\u0131nda Macron\u2019u a\u00e7\u0131k\u00e7a su\u00e7lad\u0131.<\/p>\n<p>Rumen Birli\u011fi \u0130ttifak\u0131 (AUR) lideri olan Simion, Macron\u2019un &#8220;diktat\u00f6rl\u00fck e\u011filimleri&#8221; oldu\u011funu belirterek, Fransa&#8217;n\u0131n Romanya&#8217;n\u0131n i\u00e7 i\u015flerine m\u00fcdahale etti\u011fini \u00f6ne s\u00fcrd\u00fc.<\/p>\n<p>Simion, &#8220;Macron\u2019un diktat\u00f6rl\u00fck e\u011filimlerinden ho\u015flanm\u0131yorum&#8221; diyerek, Fransa Cumhurba\u015fkan\u0131\u2019na sert s\u00f6zlerle y\u00fcklendi.<\/p>\n<p>Simion\u2019un bu \u00e7\u0131k\u0131\u015f\u0131, Romanya\u2019daki se\u00e7imlere damgas\u0131n\u0131 vuran bir an oldu.<\/p>\n<p>Son kamuoyu yoklamalar\u0131na g\u00f6re, Simion ve rakibi Nicusor Dan aras\u0131nda b\u00fcy\u00fck bir \u00e7eki\u015fme vard\u0131 ve bu sert a\u00e7\u0131klamalar, se\u00e7im \u00f6ncesi gerginli\u011fi art\u0131rd\u0131.<\/p>\n<p>Fransa ile ili\u015fkilerin gelece\u011fi \u00fczerine endi\u015feleri dile getiren Simion, Macron\u2019un Fransa\u2019y\u0131 bir &#8220;diktat\u00f6rl\u00fck&#8221; olarak tan\u0131mlayabilece\u011fini ve &#8220;20-50 y\u0131l i\u00e7inde bildi\u011fimiz Fransa\u2019dan s\u00f6z edemeyebiliriz&#8221; diyerek, Avrupa\u2019n\u0131n gelece\u011fi hakk\u0131nda karamsar bir tablo \u00e7izdi.<\/p>\n<p>Simion, Macron\u2019un Fransa\u2019y\u0131 ba\u015fka bir y\u00f6netime do\u011fru s\u00fcr\u00fckledi\u011fini savundu ve &#8220;Her \u015fey olabilir, belki bir halifelik ya da ba\u015fka bir \u015fey,&#8221; dedi.<\/p>\n<p>Ayr\u0131ca, Simion, Macron\u2019un Aral\u0131k ay\u0131nda Romanya se\u00e7imlerine m\u00fcdahale etti\u011fini iddia ederek, Frans\u0131z B\u00fcy\u00fckel\u00e7ili\u011fi arac\u0131l\u0131\u011f\u0131yla yeniden m\u00fcdahale etmeye \u00e7al\u0131\u015ft\u0131\u011f\u0131n\u0131 \u00f6ne s\u00fcrd\u00fc.<\/p>\n<p>&#8220;Se\u00e7imlerimize m\u00fcdahale etmeye \u00e7al\u0131\u015fan Macron\u2019a sayg\u0131 duymuyoruz&#8221; diyen Simion, net bir mesaj vererek, &#8220;Bu, \u00f6zg\u00fcr ve egemen Romanya halk\u0131n\u0131n karar\u0131d\u0131r. Bu sizi ilgilendirmez&#8221; dedi.<\/p>\n<p>Simion\u2019un \u00e7\u0131k\u0131\u015flar\u0131, Romanya&#8217;daki se\u00e7im atmosferini daha da hararetlendirdi.<\/p>\n<p>Ancak Fransa&#8217;n\u0131n i\u00e7 i\u015flerine kar\u0131\u015f\u0131lmamas\u0131 gerekti\u011fini savunan Simion, se\u00e7menlerine ve kamuoyuna a\u00e7\u0131k\u00e7a &#8220;Frans\u0131zlar\u0131 ger\u00e7ekten sevmiyorsunuz bile&#8221; diyerek, d\u0131\u015f m\u00fcdahalelere kar\u015f\u0131 tav\u0131r ald\u0131.<\/p>\n","protected":false},"excerpt":{"rendered":"<p>Romanya\u2019daki cumhurba\u015fkanl\u0131\u011f\u0131 se\u00e7im kampanyas\u0131 sona ererken, \u00fclkenin a\u015f\u0131r\u0131 sa\u011fc\u0131 aday\u0131 George Simion, Fransa Cumhurba\u015fkan\u0131 Emmanuel Macron\u2019a sert ele\u015ftirilerde bulundu. Se\u00e7imlerin sonu\u00e7lar\u0131 yakla\u015f\u0131rken, Simion, Paris\u2019te d\u00fczenlenen bir canl\u0131 yay\u0131n program\u0131nda Macron\u2019u a\u00e7\u0131k\u00e7a su\u00e7lad\u0131. Rumen Birli\u011fi \u0130ttifak\u0131 (AUR) lideri olan Simion, Macron\u2019un &#8220;diktat\u00f6rl\u00fck e\u011filimleri&#8221; oldu\u011funu belirterek, Fransa&#8217;n\u0131n Romanya&#8217;n\u0131n i\u00e7 i\u015flerine m\u00fcdahale etti\u011fini \u00f6ne s\u00fcrd\u00fc. Simion, &#8220;Macron\u2019un diktat\u00f6rl\u00fck [&hellip;]<\/p>\n","protected":false},"author":27,"featured_media":98514,"comment_status":"open","ping_status":"open","sticky":false,"template":"","format":"standard","meta":{"footnotes":""},"categories":[112],"tags":[],"class_list":["post-98636","post","type-post","status-publish","format-standard","has-post-thumbnail","hentry","category-umut-can-erkan"],"views":136,"_links":{"self":[{"href":"https:\/\/mersingazetesi.com\/index.php\/wp-json\/wp\/v2\/posts\/98636","targetHints":{"allow":["GET"]}}],"collection":[{"href":"https:\/\/mersingazetesi.com\/index.php\/wp-json\/wp\/v2\/posts"}],"about":[{"href":"https:\/\/mersingazetesi.com\/index.php\/wp-json\/wp\/v2\/types\/post"}],"author":[{"embeddable":true,"href":"https:\/\/mersingazetesi.com\/index.php\/wp-json\/wp\/v2\/users\/27"}],"replies":[{"embeddable":true,"href":"https:\/\/mersingazetesi.com\/index.php\/wp-json\/wp\/v2\/comments?post=98636"}],"version-history":[{"count":0,"href":"https:\/\/mersingazetesi.com\/index.php\/wp-json\/wp\/v2\/posts\/98636\/revisions"}],"wp:featuredmedia":[{"embeddable":true,"href":"https:\/\/mersingazetesi.com\/index.php\/wp-json\/wp\/v2\/media\/98514"}],"wp:attachment":[{"href":"https:\/\/mersingazetesi.com\/index.php\/wp-json\/wp\/v2\/media?parent=98636"}],"wp:term":[{"taxonomy":"category","embeddable":true,"href":"https:\/\/mersingazetesi.com\/index.php\/wp-json\/wp\/v2\/categories?post=98636"},{"taxonomy":"post_tag","embeddable":true,"href":"https:\/\/mersingazetesi.com\/index.php\/wp-json\/wp\/v2\/tags?post=98636"}],"curies":[{"name":"wp","href":"https:\/\/api.w.org\/{rel}","templated":true}]}}