{"id":98474,"date":"2025-05-16T11:32:11","date_gmt":"2025-05-16T08:32:11","guid":{"rendered":"https:\/\/mersingazetesi.com\/?p=98474"},"modified":"2025-05-16T11:32:11","modified_gmt":"2025-05-16T08:32:11","slug":"gulcan-kis-sarayin-saltanatina-karsi-halkin-duzenini-kuracagiz","status":"publish","type":"post","link":"https:\/\/mersingazetesi.com\/index.php\/2025\/05\/16\/gulcan-kis-sarayin-saltanatina-karsi-halkin-duzenini-kuracagiz\/","title":{"rendered":"G\u00fclcan K\u0131\u015f: &#8220;Saray\u0131n saltanat\u0131na kar\u015f\u0131 halk\u0131n d\u00fczenini kuraca\u011f\u0131z&#8221;"},"content":{"rendered":"<p class=\"v1MsoNormal\">T\u00fcrkiye B\u00fcy\u00fck Millet Meclisi Genel Kurulu&#8217;nda g\u00f6r\u00fc\u015f\u00fclen torba yasa teklifi \u00fczerine s\u00f6z alan CHP Mersin Milletvekili G\u00fclcan K\u0131\u015f, Engelliler Haftas\u0131&#8217;nda iktidar\u0131n duyars\u0131zl\u0131\u011f\u0131n\u0131, kamu kaynaklar\u0131n\u0131n keyf\u00ee kullan\u0131m\u0131n\u0131 ve liyakatsiz atamalar\u0131 sert bir dille ele\u015ftirdi.<\/p>\n<p class=\"v1MsoNormal\">Engelli bireylerin kamusal alanda kar\u015f\u0131la\u015ft\u0131\u011f\u0131 sorunlara dikkat \u00e7eken G\u00fclcan K\u0131\u015f, ge\u00e7ti\u011fimiz g\u00fcnlerde Meclis&#8217;te engelli bireylerin sorunlar\u0131n\u0131n ara\u015ft\u0131r\u0131lmas\u0131na y\u00f6nelik muhalefet \u00f6nergesinin kabul edilmesine ra\u011fmen, AKP ve MHP s\u0131ralar\u0131n\u0131n bo\u015f olmas\u0131n\u0131 &#8220;iktidar\u0131n engelli yurtta\u015flara bak\u0131\u015f\u0131n\u0131n en net g\u00f6stergesi&#8221; olarak niteledi. Torba yasada Engelliler Haftas\u0131&#8217;na ra\u011fmen engelli istihdam\u0131na dair tek bir d\u00fczenleme yer almad\u0131\u011f\u0131n\u0131 vurgulayan CHP&#8217;li G\u00fclcan K\u0131\u015f, &#8220;Bu iktidar milleti yaln\u0131z se\u00e7imden se\u00e7ime hat\u0131rl\u0131yor,&#8221; dedi.<\/p>\n<p class=\"v1MsoNormal\">G\u00fclcan K\u0131\u015f, torba yasa i\u00e7erisinde yer alan vergi denet\u00e7ilerine y\u00f6nelik d\u00fczenlemelere de dikkat \u00e7ekerek, bu maddenin yaln\u0131zca vergi denet\u00e7ilerini kapsamas\u0131n\u0131 ele\u015ftirdi. &#8220;Kamu g\u00f6revinden ayr\u0131l\u0131p denetledi\u011fi \u015firkete ge\u00e7en \u00f6rnekler sadece vergiyle s\u0131n\u0131rl\u0131 de\u011fil. Bu etik d\u00fczenleme t\u00fcm ba\u011f\u0131ms\u0131z kurum personelini kapsamal\u0131&#8221; diyen K\u0131\u015f, mevcut haliyle d\u00fczenlemenin &#8220;adrese teslim delikli bir z\u0131rh&#8221; oldu\u011funu ifade etti.<\/p>\n<p class=\"v1MsoNormal\">\n<p class=\"v1MsoNormal\"><b>&#8220;TRT art\u0131k kamu kurumu de\u011fil, siyasal \u00e7\u0131kar d\u00fczenidir&#8221;<\/b><\/p>\n<p class=\"v1MsoNormal\">\n<p class=\"v1MsoNormal\">TRT&#8217;nin Kamu \u0130hale Yasas\u0131 kapsam\u0131 d\u0131\u015f\u0131na \u00e7\u0131kar\u0131lmas\u0131na da tepki g\u00f6steren CHP Mersin Milletvekili G\u00fclcan K\u0131\u015f, &#8220;TRT halk\u0131n vergisiyle finanse ediliyor ama halk\u0131n t\u00fcm seslerine e\u015fit yer vermiyor. AKP Genel Ba\u015fkan\u0131na 32 saat ayr\u0131l\u0131rken Genel Ba\u015fkan\u0131m\u0131z \u00d6zg\u00fcr \u00d6zel&#8217;e 32 dakika bile ayr\u0131lm\u0131yor. Bu art\u0131k kamu yay\u0131nc\u0131l\u0131\u011f\u0131 de\u011fil, tek sesli propaganda d\u00fczenidir,&#8221; \u015feklinde konu\u015ftu.<\/p>\n<p class=\"v1MsoNormal\">TRT&#8217;ye yap\u0131lan personel al\u0131mlar\u0131n\u0131n da s\u0131navs\u0131z ve liyakatsiz \u015fekilde y\u00fcr\u00fct\u00fcld\u00fc\u011f\u00fcn\u00fc belirten G\u00fclcan K\u0131\u015f, kamuya al\u0131mlarda uygulanan 35 ya\u015f s\u0131n\u0131r\u0131na kar\u015f\u0131n TRT&#8217;ye ayr\u0131cal\u0131kl\u0131 atamalar\u0131n s\u00fcrd\u00fc\u011f\u00fcn\u00fc s\u00f6yledi. &#8220;Gen\u00e7ler ya\u015f bahanesiyle kamu d\u0131\u015f\u0131na itiliyor, partizan kadrola\u015fma ise h\u0131z kesmeden s\u00fcr\u00fcyor. Bunun ad\u0131 adalet de\u011fil, \u00e7ifte standart rejimidir&#8221; ifadelerini kulland\u0131.<\/p>\n<p class=\"v1MsoNormal\">Kamu personel sisteminin par\u00e7alara ayr\u0131ld\u0131\u011f\u0131n\u0131 ve 657 say\u0131l\u0131 Devlet Memurlar\u0131 Kanunu&#8217;nun i\u015flevsizle\u015ftirildi\u011fini belirten CHP&#8217;li G\u00fclcan K\u0131\u015f, konu\u015fmas\u0131n\u0131 \u015fu s\u00f6zlerle tamamlad\u0131:<\/p>\n<p class=\"v1MsoNormal\">&#8220;Biz bu teklifin kar\u015f\u0131s\u0131nday\u0131z. Ancak bizim iktidar\u0131m\u0131zda TRT&#8217;yi yeniden kamu kurumu yapaca\u011f\u0131z, kamu i\u015fe al\u0131mlar\u0131nda liyakati esas g\u00f6rece\u011fiz. Bu \u00fclkenin kurumlar\u0131 torpille de\u011fil, adaletle y\u00f6netilecek. Saray\u0131n saltanat\u0131na kar\u015f\u0131 halk\u0131n d\u00fczenini kuraca\u011f\u0131z.&#8221;<\/p>\n","protected":false},"excerpt":{"rendered":"<p>T\u00fcrkiye B\u00fcy\u00fck Millet Meclisi Genel Kurulu&#8217;nda g\u00f6r\u00fc\u015f\u00fclen torba yasa teklifi \u00fczerine s\u00f6z alan CHP Mersin Milletvekili G\u00fclcan K\u0131\u015f, Engelliler Haftas\u0131&#8217;nda iktidar\u0131n duyars\u0131zl\u0131\u011f\u0131n\u0131, kamu kaynaklar\u0131n\u0131n keyf\u00ee kullan\u0131m\u0131n\u0131 ve liyakatsiz atamalar\u0131 sert bir dille ele\u015ftirdi. Engelli bireylerin kamusal alanda kar\u015f\u0131la\u015ft\u0131\u011f\u0131 sorunlara dikkat \u00e7eken G\u00fclcan K\u0131\u015f, ge\u00e7ti\u011fimiz g\u00fcnlerde Meclis&#8217;te engelli bireylerin sorunlar\u0131n\u0131n ara\u015ft\u0131r\u0131lmas\u0131na y\u00f6nelik muhalefet \u00f6nergesinin kabul edilmesine [&hellip;]<\/p>\n","protected":false},"author":2,"featured_media":98475,"comment_status":"open","ping_status":"open","sticky":false,"template":"","format":"standard","meta":{"footnotes":""},"categories":[1,8],"tags":[],"class_list":["post-98474","post","type-post","status-publish","format-standard","has-post-thumbnail","hentry","category-gundem","category-mersin"],"views":268,"_links":{"self":[{"href":"https:\/\/mersingazetesi.com\/index.php\/wp-json\/wp\/v2\/posts\/98474","targetHints":{"allow":["GET"]}}],"collection":[{"href":"https:\/\/mersingazetesi.com\/index.php\/wp-json\/wp\/v2\/posts"}],"about":[{"href":"https:\/\/mersingazetesi.com\/index.php\/wp-json\/wp\/v2\/types\/post"}],"author":[{"embeddable":true,"href":"https:\/\/mersingazetesi.com\/index.php\/wp-json\/wp\/v2\/users\/2"}],"replies":[{"embeddable":true,"href":"https:\/\/mersingazetesi.com\/index.php\/wp-json\/wp\/v2\/comments?post=98474"}],"version-history":[{"count":0,"href":"https:\/\/mersingazetesi.com\/index.php\/wp-json\/wp\/v2\/posts\/98474\/revisions"}],"wp:featuredmedia":[{"embeddable":true,"href":"https:\/\/mersingazetesi.com\/index.php\/wp-json\/wp\/v2\/media\/98475"}],"wp:attachment":[{"href":"https:\/\/mersingazetesi.com\/index.php\/wp-json\/wp\/v2\/media?parent=98474"}],"wp:term":[{"taxonomy":"category","embeddable":true,"href":"https:\/\/mersingazetesi.com\/index.php\/wp-json\/wp\/v2\/categories?post=98474"},{"taxonomy":"post_tag","embeddable":true,"href":"https:\/\/mersingazetesi.com\/index.php\/wp-json\/wp\/v2\/tags?post=98474"}],"curies":[{"name":"wp","href":"https:\/\/api.w.org\/{rel}","templated":true}]}}