{"id":98446,"date":"2025-05-15T16:47:37","date_gmt":"2025-05-15T13:47:37","guid":{"rendered":"https:\/\/mersingazetesi.com\/?p=98446"},"modified":"2025-05-15T16:47:37","modified_gmt":"2025-05-15T13:47:37","slug":"ithalata-dayali-politika-mi-olur","status":"publish","type":"post","link":"https:\/\/mersingazetesi.com\/index.php\/2025\/05\/15\/ithalata-dayali-politika-mi-olur\/","title":{"rendered":"\u0130THALATA DAYALI POL\u0130T\u0130KA MI OLUR?"},"content":{"rendered":"<div>Bu \u00dclke&#8217;de \u00e7ift\u00e7iler zorda. K\u00f6yl\u00fcler zorda.<\/div>\n<div>Hayvanc\u0131lar zorda.<\/div>\n<div>K\u0131sacas\u0131, tar\u0131msal ve hayvansal \u00fcretim yapan b\u00fct\u00fcn kesimler zorda.<\/div>\n<div>\u00d6yle ki, CHP Ni\u011fde Milletvekili \u00d6mer Fethi G\u00fcrer ve onun gibi duyarl\u0131 ve \u00e7al\u0131\u015fkan birka\u00e7 milletvekilimiz olmasa, bu kesimlerin dert ve s\u0131k\u0131nt\u0131lar\u0131ndan hi\u00e7birimizin haberi olmayacak.<\/div>\n<div>\u00c7\u00fcnk\u00fc \u00dclke olarak, tar\u0131msal ve hayvansal \u00fcretimi te\u015fvik etmeye d\u00f6n\u00fck ak\u0131lc\u0131 ve ger\u00e7ek\u00e7i hi\u00e7bir politikam\u0131z yok.<\/div>\n<div>Planl\u0131 ve havza-\u00fcr\u00fcn bazl\u0131 tar\u0131m ve hayvanc\u0131l\u0131k politikam\u0131z zaten yok.<\/div>\n<div>B\u00f6yle bir politika izleyip de \u00fcretimi art\u0131rmak varken, y\u0131llard\u0131r ithalata dayal\u0131 bir politikada inat ve \u0131srar ediyoruz ve kendi insan\u0131m\u0131z\u0131n hakk\u0131 olan paray\u0131 ele, aleme yediriyoruz.<\/div>\n<div>Bunu yaparken de bir avu\u00e7 t\u00fcccar\u0131 olabildi\u011fince zengin ediyoruz.<\/div>\n<div>Oysa ki, \u00dclkemizin planl\u0131 ve havza-\u00fcr\u00fcn bazl\u0131 tar\u0131m ve hayvanc\u0131l\u0131k politikas\u0131na ihtiyac\u0131 var!<\/div>\n<div>Hem de \u015fiddetle ihtiyac\u0131 var! Bu \u00dclke&#8217;nin, eski Bakan Prof. Dr. H\u00fcsn\u00fc Yusuf G\u00f6kalp&#8217;ten bu yana tar\u0131m ve hayvanc\u0131l\u0131k politikas\u0131 yok. Sald\u0131m \u00e7ay\u0131ra Mevla&#8217;m kay\u0131ra anlay\u0131\u015f\u0131yla tar\u0131m ve hayvanc\u0131l\u0131k aya\u011fa kalkmaz.<\/div>\n<div>Nitekim, kalkmad\u0131\u011f\u0131 da g\u00fcn gibi ortada.<\/div>\n<div>Bu durumda yap\u0131lmas\u0131 gereken \u015fey belli. \u00dcreticilerin de i\u00e7inde yer ald\u0131\u011f\u0131 kapsaml\u0131 bir \u00e7al\u0131\u015ftay d\u00fczenleyip, ak\u0131lc\u0131 ve ger\u00e7ek\u00e7i bir tar\u0131m ve hayvanc\u0131l\u0131k politikas\u0131 olu\u015fturmak ve olu\u015fturulan bu politikaya da s\u0131k\u0131 s\u0131k\u0131ya ba\u011fl\u0131 kalmak.<\/div>\n<div>Ayr\u0131ca, milli gelirin en az y\u00fczde be\u015fini de tar\u0131msal ve hayvansal \u00fcretimi desteklemede kullanmak. Daha a\u00e7\u0131k bir ifadeyle, tar\u0131m\u0131 ve hayvanc\u0131l\u0131\u011f\u0131 s\u00fcrd\u00fcr\u00fclebilir k\u0131lmak.<\/div>\n<div>Bug\u00fcnk\u00fc ithalata dayal\u0131 politikada inat ve \u0131srar edersek, tar\u0131mda ve hayvanc\u0131l\u0131kta daha \u00e7ok d\u0131\u015fa ba\u011f\u0131ml\u0131 hale geliriz. Unutmayal\u0131m!<\/div>\n<div>Bu \u00dclke&#8217;nin tar\u0131msal ve hayvansal \u00fcr\u00fcn ithal ediyor olmas\u0131 akla ziyand\u0131r.<\/div>\n<div>Sadece akla ziyan de\u011fil, bu Topraklara da z\u00fcld\u00fcr.<\/div>\n<div>\u00c7\u00fcnk\u00fc \u00fczerinde ya\u015fad\u0131\u011f\u0131m\u0131z co\u011frafya, d\u00fcnyan\u0131n en verimli topraklar\u0131na sahiptir.<\/div>\n<div dir=\"ltr\"><\/div>\n<div>\u00a0 \u00a0 \u00a0 \u00a0 \u00a0 \u00a0 \u00a0 \u00d6ZL\u00dc S\u00d6ZLER\u0130M<\/div>\n<div>\n&#8211; \u201cGaflet, dalalet ve atalet i\u00e7inde olan toplumlar, hem g\u00fcvenli de\u011fildirler hem de g\u00fcvende de\u011fildirler.&#8221;<\/p>\n<p>Gaflet : Bir \u015feyin ay\u0131rd\u0131nda olmama hali, aymazl\u0131k<br \/>\nDalalet : Do\u011fru yoldan sapmak, sapk\u0131nl\u0131k<br \/>\nAtalet: Tembellik<\/p>\n<p>&#8211; &#8220;Taassubun pen\u00e7esine d\u00fc\u015f\u00fcp de iflah olmu\u015f hi\u00e7bir millet yoktur.&#8221;<\/p><\/div>\n<div>\nTaassup : Bir fikre, bir inanca k\u00f6r\u00fc k\u00f6r\u00fcne (d\u00fc\u015f\u00fcnmeden, sormadan, sorgulamadan) ba\u011flanmak ve o fikrin ya da inanc\u0131n taraftarl\u0131\u011f\u0131n\u0131 yapmak.<br \/>\n\u0130flah olmak : Onmak<\/p>\n<p>&#8211; &#8220;De\u011fer \u00fcretmeyen toplumlar de\u011fersizle\u015firler.&#8221;<\/p>\n<p>&#8211; &#8220;\u00c7ok \u00e7ocuk cahilli\u011fin ve fakirli\u011fin eseridir.&#8221;<\/p><\/div>\n","protected":false},"excerpt":{"rendered":"<p>Bu \u00dclke&#8217;de \u00e7ift\u00e7iler zorda. K\u00f6yl\u00fcler zorda. Hayvanc\u0131lar zorda. K\u0131sacas\u0131, tar\u0131msal ve hayvansal \u00fcretim yapan b\u00fct\u00fcn kesimler zorda. \u00d6yle ki, CHP Ni\u011fde Milletvekili \u00d6mer Fethi G\u00fcrer ve onun gibi duyarl\u0131 ve \u00e7al\u0131\u015fkan birka\u00e7 milletvekilimiz olmasa, bu kesimlerin dert ve s\u0131k\u0131nt\u0131lar\u0131ndan hi\u00e7birimizin haberi olmayacak. \u00c7\u00fcnk\u00fc \u00dclke olarak, tar\u0131msal ve hayvansal \u00fcretimi te\u015fvik etmeye d\u00f6n\u00fck ak\u0131lc\u0131 ve ger\u00e7ek\u00e7i [&hellip;]<\/p>\n","protected":false},"author":14,"featured_media":97342,"comment_status":"open","ping_status":"open","sticky":false,"template":"","format":"standard","meta":{"footnotes":""},"categories":[47],"tags":[],"class_list":["post-98446","post","type-post","status-publish","format-standard","has-post-thumbnail","hentry","category-erdogan-serin"],"views":256,"_links":{"self":[{"href":"https:\/\/mersingazetesi.com\/index.php\/wp-json\/wp\/v2\/posts\/98446","targetHints":{"allow":["GET"]}}],"collection":[{"href":"https:\/\/mersingazetesi.com\/index.php\/wp-json\/wp\/v2\/posts"}],"about":[{"href":"https:\/\/mersingazetesi.com\/index.php\/wp-json\/wp\/v2\/types\/post"}],"author":[{"embeddable":true,"href":"https:\/\/mersingazetesi.com\/index.php\/wp-json\/wp\/v2\/users\/14"}],"replies":[{"embeddable":true,"href":"https:\/\/mersingazetesi.com\/index.php\/wp-json\/wp\/v2\/comments?post=98446"}],"version-history":[{"count":0,"href":"https:\/\/mersingazetesi.com\/index.php\/wp-json\/wp\/v2\/posts\/98446\/revisions"}],"wp:featuredmedia":[{"embeddable":true,"href":"https:\/\/mersingazetesi.com\/index.php\/wp-json\/wp\/v2\/media\/97342"}],"wp:attachment":[{"href":"https:\/\/mersingazetesi.com\/index.php\/wp-json\/wp\/v2\/media?parent=98446"}],"wp:term":[{"taxonomy":"category","embeddable":true,"href":"https:\/\/mersingazetesi.com\/index.php\/wp-json\/wp\/v2\/categories?post=98446"},{"taxonomy":"post_tag","embeddable":true,"href":"https:\/\/mersingazetesi.com\/index.php\/wp-json\/wp\/v2\/tags?post=98446"}],"curies":[{"name":"wp","href":"https:\/\/api.w.org\/{rel}","templated":true}]}}