{"id":98334,"date":"2025-05-14T11:05:45","date_gmt":"2025-05-14T08:05:45","guid":{"rendered":"https:\/\/mersingazetesi.com\/?p=98334"},"modified":"2025-05-14T11:05:45","modified_gmt":"2025-05-14T08:05:45","slug":"mezarlik-kavsagi-bir-turlu-yapilmiyor-birakin-da-mersin-buyuksehir-belediyesi-yapsin","status":"publish","type":"post","link":"https:\/\/mersingazetesi.com\/index.php\/2025\/05\/14\/mezarlik-kavsagi-bir-turlu-yapilmiyor-birakin-da-mersin-buyuksehir-belediyesi-yapsin\/","title":{"rendered":"MEZARLIK KAV\u015eA\u011eI B\u0130R T\u00dcRL\u00dc YAPILMIYOR!  \u2018BIRAKIN DA MERS\u0130N B\u00dcY\u00dcK\u015eEH\u0130R BELED\u0130YES\u0130 YAPSIN\u2019"},"content":{"rendered":"<div dir=\"auto\">Ara\u015ft\u0131rmac\u0131-Yazar Abdullah Ayan Mersin&#8217;deki t\u00fcm STK&#8217;lara, Odalara, siyaset\u00e7ilere seslendi. Ayan, 22 y\u0131l \u00f6nce yap\u0131laca\u011f\u0131 s\u00f6z\u00fc verilen Mersin&#8217;in en \u00e7ok t\u0131kanan, en kritik bo\u011fum noktas\u0131 olan Mezarl\u0131k Kav\u015fa\u011f\u0131 (batt\u0131-\u00e7\u0131kt\u0131) d\u00fczenlemesinin Karayollar\u0131 B\u00f6lge M\u00fcd\u00fcrl\u00fc\u011f\u00fcnce bir t\u00fcrl\u00fc ger\u00e7ekle\u015fmedi\u011fini s\u00f6yledi.<\/div>\n<div dir=\"auto\"><\/div>\n<div dir=\"auto\"><\/div>\n<div dir=\"auto\">&#8220;\u0130ktidar Mersin&#8217;e bir ba\u015fka t\u00fcrl\u00fc bak\u0131yor&#8221;<\/div>\n<div dir=\"auto\"><\/div>\n<div dir=\"auto\"><\/div>\n<div dir=\"auto\">Aradan ge\u00e7en 22 y\u0131lda 10 b\u00f6lge m\u00fcd\u00fcr\u00fcn\u00fcn gelip gitti\u011fini ama hi\u00e7 birinin ruhunun bile duymad\u0131\u011f\u0131n\u0131 s\u00f6yleyen Ayan, &#8220;5. B\u00f6lge M\u00fcd\u00fcrl\u00fc\u011f\u00fc merkez olarak Mersin&#8217;de ama Mersin d\u0131\u015f\u0131nda her yere yeti\u015fse de siyaset\u00e7isinden b\u00fcrokrat\u0131na var\u0131ncaya kadar B\u00f6lge M\u00fcd\u00fcrl\u00fc\u011f\u00fcne 500 metre mesafedeki kav\u015fa\u011f\u0131n d\u00fczenlemesine s\u0131ra gelmedi. B\u00f6lgeye ba\u011fl\u0131 Gaziantep&#8217;e g\u00f6sterilen ilginin binde biri Mersin&#8217;e g\u00f6sterilse bug\u00fcn T\u00fcrkiye lojisti\u011fini s\u0131rtlayan kentin kaderi ba\u015fka t\u00fcrl\u00fc yaz\u0131lm\u0131\u015f olurdu. \u00d6zetin \u00f6zeti ortaya \u00e7\u0131kan tablo \u015fudur; Karayollar\u0131 B\u00f6lge M\u00fcd\u00fcrl\u00fc\u011f\u00fc verilen s\u00f6zlere ra\u011fmen kent trafi\u011fini kilitleyen bu kav\u015fa\u011f\u0131n projesini ger\u00e7ekle\u015ftirmeyecek. Ger\u00e7ekle\u015ftirmeyecek \u00e7\u00fcnk\u00fc iktidar Mersin&#8217;e bir ba\u015fka t\u00fcrl\u00fc bak\u0131yor. Yetkililere, son s\u00f6z\u00fcm \u015fudur: Tamam karayollar\u0131n\u0131n 22 y\u0131ll\u0131k vaatlere ra\u011fmen bu projeyi ger\u00e7ekle\u015ftirmeye ya kaynaklar\u0131 ya da ay\u0131racak zaman\u0131 yok. O zaman b\u0131rak\u0131n da Mersin B\u00fcy\u00fck\u015fehir Belediyesi ger\u00e7ekle\u015ftirsin projeyi. G\u00f6lge etmeyin Mersin kendi g\u00f6be\u011fini kesme imkan\u0131na sahip bir \u015fehir.&#8221; dedi.<\/div>\n<div dir=\"auto\"><\/div>\n<div dir=\"auto\"><\/div>\n<div dir=\"auto\">&#8220;Mersin&#8217;de \u00e7o\u011fu sorunda oldu\u011fu gibi &#8216;s\u00f6z\u00fcn bitti\u011fi yerdeyiz&#8221;<\/div>\n<div dir=\"auto\"><\/div>\n<div dir=\"auto\"><\/div>\n<div dir=\"auto\">Mersin B\u00fcy\u00fck\u015fehir Belediyesi Facebook kurumsal sayfas\u0131na vatanda\u015f\u0131n g\u00f6nderdi\u011fi &#8220;Akbelen mezarl\u0131\u011f\u0131n\u0131 neden yapm\u0131yorsunuz?&#8221; sorusunu ve &#8220;Mersin B\u00fcy\u00fck\u015fehir Belediyesi&#8217;nin &#8220;Merhaba, Mezarl\u0131k Kav\u015fa\u011f\u0131 Karayollar\u0131 5. B\u00f6lge M\u00fcd\u00fcrl\u00fc\u011f\u00fc&#8217;n\u00fcn yetki ve sorumluluk alan\u0131ndad\u0131r. Bilgilerinize sunar, sa\u011fl\u0131kl\u0131 g\u00fcnler dileriz.&#8221; cevab\u0131n\u0131 payla\u015fan Ayan, &#8220;Mersin&#8217;in en sorunlu kav\u015fa\u011f\u0131 olan yetki kimde tart\u0131\u015fmalar\u0131na a\u00e7\u0131kl\u0131k getireyim. Asl\u0131nda Karayollar\u0131 B\u00f6lge M\u00fcd\u00fcrl\u00fc\u011f\u00fc ile G\u00f6zne otoban \u00e7\u0131k\u0131\u015f\u0131 aras\u0131ndaki bulvarda her t\u00fcrl\u00fc yetki Mersin B\u00fcy\u00fck\u015fehir Belediyesi&#8217;nde idi. 2015 Kas\u0131m se\u00e7imlerinde Mersin&#8217;den aday g\u00f6sterilen L\u00fctfi Elvan hangi hesaba dayand\u0131\u011f\u0131 me\u00e7hul bir ad\u0131mla s\u00f6z konusu g\u00fczergah\u0131n Karayollar\u0131na devir edilmesini sa\u011flad\u0131. Hedef bu bulvar \u00fczerinde mezarl\u0131k kuzeybat\u0131\/g\u00fcney bat\u0131 kesimlerinde iki ayr\u0131 katl\u0131 kav\u015fak projesi ger\u00e7ekle\u015ftirmekti. \u0130ki kav\u015faktan mezarl\u0131k kuzey bat\u0131s\u0131nda kalan\u0131 ger\u00e7ekten de Karayollar\u0131 taraf\u0131ndan yap\u0131ld\u0131. Ancak m\u00fchendislik anlam\u0131nda \u00f6ylesine ucube bir proje ger\u00e7ekle\u015fti ki, trafi\u011fe a\u00e7\u0131lan kav\u015fakta meydana gelen kazalardan sonra Karayollar\u0131 B\u00f6lge M\u00fcd\u00fcrl\u00fc\u011f\u00fc tarihe ge\u00e7ecek bir a\u00e7\u0131klamayla &#8216;g\u00f6n\u00fcllere su serpti!&#8217; Ba\u015fka \u00fclkede b\u00f6ylesi bir a\u00e7\u0131klama h\u00fck\u00fcmetleri istifaya zorlard\u0131. Ama s\u00f6z konusu T\u00fcrkiye ve \u00f6zellikle de Mersin olunca kimselerin umurunda olmad\u0131. Kaza sonras\u0131 bak\u0131n ne diyordu k\u00f6pr\u00fcl\u00fc kav\u015fa\u011f\u0131 yapan Karayollar\u0131: \u2018Akbelen Bulvar\u0131 K\u00f6pr\u00fcl\u00fc Kav\u015fa\u011f\u0131&#8217;nda yap\u0131lan \u00e7al\u0131\u015fmalar karayollar\u0131 standartlar\u0131na uygun olmayan bir proje \u00fczerinde minimum standartlar sa\u011flanarak yap\u0131lm\u0131\u015f olup.\u2019 Mersin&#8217;de \u00e7o\u011fu sorunda oldu\u011fu gibi s\u00f6z\u00fcn bitti\u011fi yerdeyiz.&#8221; \u015feklinde konu\u015ftu.<\/div>\n","protected":false},"excerpt":{"rendered":"<p>Ara\u015ft\u0131rmac\u0131-Yazar Abdullah Ayan Mersin&#8217;deki t\u00fcm STK&#8217;lara, Odalara, siyaset\u00e7ilere seslendi. Ayan, 22 y\u0131l \u00f6nce yap\u0131laca\u011f\u0131 s\u00f6z\u00fc verilen Mersin&#8217;in en \u00e7ok t\u0131kanan, en kritik bo\u011fum noktas\u0131 olan Mezarl\u0131k Kav\u015fa\u011f\u0131 (batt\u0131-\u00e7\u0131kt\u0131) d\u00fczenlemesinin Karayollar\u0131 B\u00f6lge M\u00fcd\u00fcrl\u00fc\u011f\u00fcnce bir t\u00fcrl\u00fc ger\u00e7ekle\u015fmedi\u011fini s\u00f6yledi. &#8220;\u0130ktidar Mersin&#8217;e bir ba\u015fka t\u00fcrl\u00fc bak\u0131yor&#8221; Aradan ge\u00e7en 22 y\u0131lda 10 b\u00f6lge m\u00fcd\u00fcr\u00fcn\u00fcn gelip gitti\u011fini ama hi\u00e7 birinin ruhunun [&hellip;]<\/p>\n","protected":false},"author":2,"featured_media":98335,"comment_status":"open","ping_status":"open","sticky":false,"template":"","format":"standard","meta":{"footnotes":""},"categories":[1,8],"tags":[],"class_list":["post-98334","post","type-post","status-publish","format-standard","has-post-thumbnail","hentry","category-gundem","category-mersin"],"views":326,"_links":{"self":[{"href":"https:\/\/mersingazetesi.com\/index.php\/wp-json\/wp\/v2\/posts\/98334","targetHints":{"allow":["GET"]}}],"collection":[{"href":"https:\/\/mersingazetesi.com\/index.php\/wp-json\/wp\/v2\/posts"}],"about":[{"href":"https:\/\/mersingazetesi.com\/index.php\/wp-json\/wp\/v2\/types\/post"}],"author":[{"embeddable":true,"href":"https:\/\/mersingazetesi.com\/index.php\/wp-json\/wp\/v2\/users\/2"}],"replies":[{"embeddable":true,"href":"https:\/\/mersingazetesi.com\/index.php\/wp-json\/wp\/v2\/comments?post=98334"}],"version-history":[{"count":0,"href":"https:\/\/mersingazetesi.com\/index.php\/wp-json\/wp\/v2\/posts\/98334\/revisions"}],"wp:featuredmedia":[{"embeddable":true,"href":"https:\/\/mersingazetesi.com\/index.php\/wp-json\/wp\/v2\/media\/98335"}],"wp:attachment":[{"href":"https:\/\/mersingazetesi.com\/index.php\/wp-json\/wp\/v2\/media?parent=98334"}],"wp:term":[{"taxonomy":"category","embeddable":true,"href":"https:\/\/mersingazetesi.com\/index.php\/wp-json\/wp\/v2\/categories?post=98334"},{"taxonomy":"post_tag","embeddable":true,"href":"https:\/\/mersingazetesi.com\/index.php\/wp-json\/wp\/v2\/tags?post=98334"}],"curies":[{"name":"wp","href":"https:\/\/api.w.org\/{rel}","templated":true}]}}