{"id":98158,"date":"2025-05-12T16:47:28","date_gmt":"2025-05-12T13:47:28","guid":{"rendered":"https:\/\/mersingazetesi.com\/?p=98158"},"modified":"2025-05-12T16:47:28","modified_gmt":"2025-05-12T13:47:28","slug":"silahi-birakmak-iyi-de","status":"publish","type":"post","link":"https:\/\/mersingazetesi.com\/index.php\/2025\/05\/12\/silahi-birakmak-iyi-de\/","title":{"rendered":"S\u0130LAHI BIRAKMAK \u0130Y\u0130 DE..?!"},"content":{"rendered":"<div dir=\"ltr\">Konu hassas bir konu oldu\u011fu i\u00e7in k\u0131l\u0131 k\u0131rk yararak yaz\u0131yorum! Konuyu dalland\u0131r\u0131p budakland\u0131rmamak i\u00e7in de PKK ter\u00f6r\u00fcn\u00fcn \u00dclkemize verdi\u011fi ekonomik zarardan hi\u00e7 s\u00f6z etmiyorum! Kad\u0131n, erkek, \u00e7oluk, \u00e7ocuk demeden, k\u0131rk binden fazla insan\u0131m\u0131z\u0131 ac\u0131mas\u0131zca katleden ve y\u00fcz binlercesini de yerinden, yurdundan eden b\u00f6l\u00fcc\u00fc ter\u00f6r \u00f6rg\u00fct\u00fc PKK, \u0130mral\u0131&#8217;daki Lideri bebek katili Abdullah \u00d6calan&#8217;\u0131n yapt\u0131\u011f\u0131 silah b\u0131rakma \u00e7a\u011fr\u0131s\u0131na uyup, kendisini feshetti\u011fini duyurdu.<br \/>\nPeki, nedir PKK?<br \/>\nPKK, K\u00fcrt\u00e7e ad\u0131 Partiya Karker\u00ean K\u00fcrdistan\u00ea (K\u00fcrdistan \u0130\u015f\u00e7i Partisi) olan ve KCK denilen siyasal bir hareketin T\u00fcrkiye&#8217;ye kar\u015f\u0131 faaliyet g\u00f6steren silahl\u0131 bir kolu olup, Avrupa Birli\u011fi ve ABD taraf\u0131ndan ter\u00f6r \u00f6rg\u00fct\u00fc olarak kabul edilmektedir.<br \/>\nPeki, KCK nedir?<br \/>\nKCK, K\u00fcrt\u00e7e ad\u0131 Koma Civak\u00ean K\u00fcrdistan\u00ea (K\u00fcrd\u00fcstan Topluluklar Birli\u011fi) olan, \u015fiddet ve isyan temelli siyasal bir hareket olup, as\u0131l amac\u0131 T\u00fcrkiye, Suriye, Irak ve \u0130ran co\u011frafyas\u0131nda ya\u015fayan b\u00fct\u00fcn K\u00fcrtler&#8217;i bir araya getirip, ba\u011f\u0131ms\u0131z bir K\u00fcrt devleti kurmakt\u0131r. Bu y\u00fczden de \u00e7at\u0131s\u0131 alt\u0131nda PKK, PYD\/YPG, PJAK ve P\u00c7DK olmak \u00fczere d\u00f6rt ayr\u0131 silahl\u0131 yap\u0131y\u0131 bar\u0131nd\u0131rmaktad\u0131r. Bu yap\u0131lar\u0131n her biri de ayr\u0131 bir \u00fclke co\u011frafyas\u0131nda (PKK T\u00fcrkiye&#8217;de, PYD\/YPG Suriye&#8217;de, PJAK \u0130ran&#8217;da, P\u00c7DK ise Irak&#8217;ta) ayn\u0131 ama\u00e7 i\u00e7in e\u015f zamanl\u0131 olarak faaliyet g\u00f6stermektedir. Irak co\u011frafyas\u0131nda ya\u015fayan K\u00fcrtler, K\u00fcrt B\u00f6lgesel Y\u00f6netimi ad\u0131 alt\u0131nda \u00f6zerk bir stat\u00fcye kavu\u015ftu\u011fundan, K\u00fcrt\u00e7e ad\u0131 Part\u00ee \u00c7ateser\u00ee D\u00eemukrat\u00ee K\u00fcrdistan (K\u00fcrdistan Demokratik \u00c7\u00f6z\u00fcm Partisi) olan P\u00c7DK, faaliyetini K\u00fcrt B\u00f6lgesel Y\u00f6netimi i\u00e7inde ve \u015fimdilik siyasal d\u00fczlemde s\u00fcrd\u00fcrmektedir. Suriye&#8217;de faaliyet g\u00f6steren ve K\u00fcrt\u00e7e ad\u0131 Partiya Yek\u00eetiya Demokrat olan PYD (Demokratik Birlik Partisi) \u00e7at\u0131s\u0131 alt\u0131ndaki YPG&#8217;nin (Yek\u00eeney\u00ean Parastina Gel&#8217;in) ve \u0130ran&#8217;da faaliyet g\u00f6steren ve K\u00fcrt\u00e7e ad\u0131 Partiya Jiyana Azad a K\u00fcrdistan\u00ea (K\u00fcrdistan \u00d6zg\u00fcr Ya\u015fam Partisi) olan PJAK&#8217;\u0131n ise silah b\u0131rakaca\u011f\u0131na dair en k\u00fc\u00e7\u00fck bir emare yoktur. B\u00f6yle bir emare olmad\u0131\u011f\u0131 gibi, Ter\u00f6rist Eleba\u015f\u0131 taraf\u0131ndan bunlara yap\u0131lm\u0131\u015f herhangi bir \u00e7a\u011fr\u0131 da yoktur. Oysa ki, b\u00fct\u00fcn bu \u00f6rg\u00fctlerin \u00e7at\u0131 \u00f6rg\u00fct\u00fc konumundaki \u00f6rg\u00fct KCK&#8217;d\u0131r ve bu \u00d6rg\u00fct&#8217;\u00fcn tepesindeki zat da bizzat \u0130mral\u0131&#8217;daki bebek katili \u00d6calan&#8217;d\u0131r.<br \/>\n\u00d6calan, T\u00fcrkiye Cumhuriyeti Devleti ile ba\u015f edemeyece\u011fini anlay\u0131p, B\u00fcy\u00fck Ortado\u011fu Projesi kapsam\u0131nda Suriye&#8217;deki PYD\/YPG&#8217;nin varl\u0131\u011f\u0131n\u0131 kal\u0131c\u0131 k\u0131lmak isteyen ABD&#8217;nin plan\u0131na uyarak, PKK&#8217;ya silah b\u0131rakma \u00e7a\u011fr\u0131s\u0131 yapmak zorunda kald\u0131. Bu plan\u0131n hayata ge\u00e7mesi i\u00e7in de \u00e7at\u0131 \u00f6rg\u00fct\u00fc durumundaki KCK&#8217;y\u0131 ve di\u011fer ba\u011fl\u0131lar\u0131n\u0131 kapsam d\u0131\u015f\u0131nda b\u0131rakt\u0131. \u00d6zellikle de ABD taraf\u0131ndan e\u011fitilip donat\u0131lan ve elli bine yak\u0131n silahl\u0131 militan\u0131 b\u00fcnyesinde bar\u0131nd\u0131ran PYD\/YPG&#8217;yi&#8230; Emperyalist ABD himayesindeki PYD\/YPG, bu \u00dclke&#8217;nin plan\u0131 do\u011frultusunda Suriye&#8217;nin enerji kaynaklar\u0131 bak\u0131m\u0131ndan en zengin b\u00f6lgesini kontrol\u00fc ve denetimi alt\u0131nda tutuyor ve \u00fcniter bir Suriye&#8217;de ya\u015famaya raz\u0131 olmuyor. Bu durum, \u00dclkemiz a\u00e7\u0131s\u0131ndan say\u0131s\u0131z riskler ta\u015f\u0131maktad\u0131r. Ayr\u0131ca, ABD&#8217;nin bir sonraki hedefinin par\u00e7al\u0131 bir \u0130ran ve T\u00fcrkiye yaratmak oldu\u011fu da g\u00fcn gibi ortadad\u0131r. B\u00fct\u00fcn bunlara ra\u011fmen, PKK&#8217;n\u0131n, \u00d6calan&#8217;\u0131n \u00e7a\u011fr\u0131s\u0131na uyup silah\u0131 b\u0131rakmas\u0131 iyi bir \u015feydir! Fakat pili bitmi\u015f PKK d\u0131\u015f\u0131ndaki yap\u0131lar\u0131n silah b\u0131rakmam\u0131\u015f olmalar\u0131, ABD&#8217;nin sinsi plan\u0131n\u0131n t\u0131k\u0131r t\u0131k\u0131r i\u015flemekte oldu\u011funun a\u00e7\u0131k bir g\u00f6stergesidir. Bu durumda T\u00fcrkiye Cumhuriyeti Devleti&#8217;ne d\u00fc\u015fen, KCK yap\u0131lanmas\u0131n\u0131n ve t\u00fcm silahl\u0131 ayaklar\u0131n\u0131n ortadan kald\u0131r\u0131lmas\u0131n\u0131 sa\u011flamaya d\u00f6n\u00fck ad\u0131mlar atmak olmal\u0131d\u0131r. \u00c7\u00fcnk\u00fc bu yap\u0131 \u00e7\u00f6kertilmedi\u011fi s\u00fcrece hem g\u00fcney s\u0131n\u0131r\u0131m\u0131z g\u00fcvende olmayacakt\u0131r hem de \u00dclkemizin ba\u015f\u0131 bel\u00e2dan kurtulmayacakt\u0131r.<\/div>\n<div dir=\"ltr\"><\/div>\n<div dir=\"ltr\">\u00d6zl\u00fc s\u00f6zlerim<\/div>\n<div dir=\"ltr\"><\/div>\n<div dir=\"ltr\">&#8220;De\u011fer \u00fcretmeyen toplumlar de\u011fersizle\u015firler.&#8221;<\/p>\n<p>De\u011fer \u00fcretebilen ve \u00fcrettikleriyle insanl\u0131k aleminde k\u0131ymet g\u00f6ren bir toplum olmam\u0131z umut ve dile\u011fimle\u2026<\/p>\n<p>&#8220;Taasubun pen\u00e7esine d\u00fc\u015f\u00fcp de iflah olmu\u015f hi\u00e7bir millet yoktur.&#8221;<\/p><\/div>\n<div dir=\"ltr\"><\/div>\n","protected":false},"excerpt":{"rendered":"<p>Konu hassas bir konu oldu\u011fu i\u00e7in k\u0131l\u0131 k\u0131rk yararak yaz\u0131yorum! Konuyu dalland\u0131r\u0131p budakland\u0131rmamak i\u00e7in de PKK ter\u00f6r\u00fcn\u00fcn \u00dclkemize verdi\u011fi ekonomik zarardan hi\u00e7 s\u00f6z etmiyorum! Kad\u0131n, erkek, \u00e7oluk, \u00e7ocuk demeden, k\u0131rk binden fazla insan\u0131m\u0131z\u0131 ac\u0131mas\u0131zca katleden ve y\u00fcz binlercesini de yerinden, yurdundan eden b\u00f6l\u00fcc\u00fc ter\u00f6r \u00f6rg\u00fct\u00fc PKK, \u0130mral\u0131&#8217;daki Lideri bebek katili Abdullah \u00d6calan&#8217;\u0131n yapt\u0131\u011f\u0131 silah b\u0131rakma [&hellip;]<\/p>\n","protected":false},"author":14,"featured_media":97342,"comment_status":"open","ping_status":"open","sticky":false,"template":"","format":"standard","meta":{"footnotes":""},"categories":[47],"tags":[],"class_list":["post-98158","post","type-post","status-publish","format-standard","has-post-thumbnail","hentry","category-erdogan-serin"],"views":229,"_links":{"self":[{"href":"https:\/\/mersingazetesi.com\/index.php\/wp-json\/wp\/v2\/posts\/98158","targetHints":{"allow":["GET"]}}],"collection":[{"href":"https:\/\/mersingazetesi.com\/index.php\/wp-json\/wp\/v2\/posts"}],"about":[{"href":"https:\/\/mersingazetesi.com\/index.php\/wp-json\/wp\/v2\/types\/post"}],"author":[{"embeddable":true,"href":"https:\/\/mersingazetesi.com\/index.php\/wp-json\/wp\/v2\/users\/14"}],"replies":[{"embeddable":true,"href":"https:\/\/mersingazetesi.com\/index.php\/wp-json\/wp\/v2\/comments?post=98158"}],"version-history":[{"count":0,"href":"https:\/\/mersingazetesi.com\/index.php\/wp-json\/wp\/v2\/posts\/98158\/revisions"}],"wp:featuredmedia":[{"embeddable":true,"href":"https:\/\/mersingazetesi.com\/index.php\/wp-json\/wp\/v2\/media\/97342"}],"wp:attachment":[{"href":"https:\/\/mersingazetesi.com\/index.php\/wp-json\/wp\/v2\/media?parent=98158"}],"wp:term":[{"taxonomy":"category","embeddable":true,"href":"https:\/\/mersingazetesi.com\/index.php\/wp-json\/wp\/v2\/categories?post=98158"},{"taxonomy":"post_tag","embeddable":true,"href":"https:\/\/mersingazetesi.com\/index.php\/wp-json\/wp\/v2\/tags?post=98158"}],"curies":[{"name":"wp","href":"https:\/\/api.w.org\/{rel}","templated":true}]}}