{"id":98010,"date":"2025-05-09T13:25:43","date_gmt":"2025-05-09T10:25:43","guid":{"rendered":"https:\/\/mersingazetesi.com\/?p=98010"},"modified":"2025-05-09T13:25:43","modified_gmt":"2025-05-09T10:25:43","slug":"hollanda-israile-rest-cekti","status":"publish","type":"post","link":"https:\/\/mersingazetesi.com\/index.php\/2025\/05\/09\/hollanda-israile-rest-cekti\/","title":{"rendered":"Hollanda \u0130srail\u2019e Rest \u00c7ekti!"},"content":{"rendered":"<p>Hollanda D\u0131\u015fi\u015fleri Bakan\u0131 Casper\u00a0Veldkamp, Gazze\u2019de insani yard\u0131m ablukas\u0131n\u0131n uluslararas\u0131 hukuka ayk\u0131r\u0131 oldu\u011funu s\u00f6yledi.<\/p>\n<p>Hollanda, Gazze\u2019de Hamas\u2019a\u00a0kar\u015f\u0131 y\u00fcr\u00fctt\u00fc\u011f\u00fc sava\u015f nedeniyle \u0130srail \u00fczerindeki bask\u0131s\u0131n\u0131\u00a0giderek\u00a0art\u0131rmakta.<\/p>\n<p>\u0130srail\u2019in en sad\u0131k m\u00fcttefiklerinden biri olan bu \u00fclke, i\u00e7in\u00a0kritik bir rol \u00fcstlenmekte.<\/p>\n<p>Hollanda D\u0131\u015fi\u015fleri Bakan\u0131 Casper\u00a0Veldkamp, yapt\u0131\u011f\u0131 a\u00e7\u0131klamada, \u0130srail\u2019in insani yard\u0131m\u0131 engellemesinin uluslararas\u0131 hukuku ihlal etti\u011finin alt\u0131n\u0131 \u00e7izdi.<\/p>\n<p>Br\u00fcksel\u2019den AB-\u0130srail ticaret anla\u015fmas\u0131n\u0131n yeniden de\u011ferlendirilmesini istedi. Var\u015fova\u2019da d\u00fczenlenen AB d\u0131\u015fi\u015fleri bakanlar\u0131 toplant\u0131s\u0131nda\u00a0konu\u015fan Veldkamp, &#8220;Burada yapt\u0131\u011f\u0131m\u0131z \u015fey \u00e7ok net bir sinyal vermek,&#8221; diyerek fikrini ifade etti.<\/p>\n<p>Toplant\u0131dan hemen \u00f6nce Veldkamp, AB d\u0131\u015fi\u015fleri \u015fefi Kaja\u00a0Kallas\u2019a\u00a0bir mektup yazd\u0131.<\/p>\n<p>Avrupa Birli\u011fi ile \u0130srail aras\u0131ndaki ticaret anla\u015fmas\u0131n\u0131n yeniden g\u00f6zden ge\u00e7irilmesini istedi.<\/p>\n<p>\u0130srail\u2019in ortakl\u0131k anla\u015fmas\u0131n\u0131 ihlal etti\u011fini belirtti.<\/p>\n<p>Mektupta, \u0130srail\u2019in Gazze\u2019deki b\u00fct\u00fcn insani yard\u0131mlar\u0131n da\u011f\u0131t\u0131m\u0131n\u0131 kontrol etmek i\u00e7in tasarlad\u0131\u011f\u0131 sistematik d\u00fczenin ba\u011f\u0131ms\u0131zl\u0131k, yans\u0131zl\u0131k\u00a0ve tarafs\u0131zl\u0131k gibi insani ilkelere uymad\u0131\u011f\u0131n\u0131 belirtti.<\/p>\n<p>AB ve \u0130srail Ortakl\u0131k Anla\u015fmas\u0131, iki ortak aras\u0131ndaki ticaret ili\u015fkilerinin insan haklar\u0131 ve demokratik ilkeleri \u00e7i\u011fnedi\u011fi ve tam tersi bir durum sergiledi\u011fi a\u00e7\u0131k bir \u015fekilde g\u00f6z\u00fckmekte.<\/p>\n<p>Hollanda h\u00fck\u00fcmeti, \u0130srail\u2019in 2000 y\u0131l\u0131nda y\u00fcr\u00fcrl\u00fc\u011fe giren anla\u015fmaya uyup uymad\u0131\u011f\u0131na dair bir AB incelemesi yap\u0131lana kadar herhangi bir anla\u015fma uzatma talebini reddetmeyi\u00a0planl\u0131yor.<\/p>\n<p>AB, \u0130srail\u2019in en b\u00fcy\u00fck ticaret orta\u011f\u0131 olmakla beraber, \u015fimdiye kadar \u0130srail\u2019in uluslararas\u0131 hukuku ihlal etmekle a\u00e7\u0131k\u00e7a su\u00e7lamaktan ka\u00e7\u0131nmakta!<\/p>\n<p>Bunun tam tersi olarak, Hollanda h\u00fck\u00fcmetinin m\u00fcttefikine kar\u015f\u0131 sert bir \u00fcslup tak\u0131nd\u0131\u011f\u0131 g\u00f6r\u00fclmekte.<\/p>\n","protected":false},"excerpt":{"rendered":"<p>Hollanda D\u0131\u015fi\u015fleri Bakan\u0131 Casper\u00a0Veldkamp, Gazze\u2019de insani yard\u0131m ablukas\u0131n\u0131n uluslararas\u0131 hukuka ayk\u0131r\u0131 oldu\u011funu s\u00f6yledi. Hollanda, Gazze\u2019de Hamas\u2019a\u00a0kar\u015f\u0131 y\u00fcr\u00fctt\u00fc\u011f\u00fc sava\u015f nedeniyle \u0130srail \u00fczerindeki bask\u0131s\u0131n\u0131\u00a0giderek\u00a0art\u0131rmakta. \u0130srail\u2019in en sad\u0131k m\u00fcttefiklerinden biri olan bu \u00fclke, i\u00e7in\u00a0kritik bir rol \u00fcstlenmekte. Hollanda D\u0131\u015fi\u015fleri Bakan\u0131 Casper\u00a0Veldkamp, yapt\u0131\u011f\u0131 a\u00e7\u0131klamada, \u0130srail\u2019in insani yard\u0131m\u0131 engellemesinin uluslararas\u0131 hukuku ihlal etti\u011finin alt\u0131n\u0131 \u00e7izdi. Br\u00fcksel\u2019den AB-\u0130srail ticaret anla\u015fmas\u0131n\u0131n yeniden [&hellip;]<\/p>\n","protected":false},"author":27,"featured_media":96795,"comment_status":"open","ping_status":"open","sticky":false,"template":"","format":"standard","meta":{"footnotes":""},"categories":[112],"tags":[],"class_list":["post-98010","post","type-post","status-publish","format-standard","has-post-thumbnail","hentry","category-umut-can-erkan"],"views":115,"_links":{"self":[{"href":"https:\/\/mersingazetesi.com\/index.php\/wp-json\/wp\/v2\/posts\/98010","targetHints":{"allow":["GET"]}}],"collection":[{"href":"https:\/\/mersingazetesi.com\/index.php\/wp-json\/wp\/v2\/posts"}],"about":[{"href":"https:\/\/mersingazetesi.com\/index.php\/wp-json\/wp\/v2\/types\/post"}],"author":[{"embeddable":true,"href":"https:\/\/mersingazetesi.com\/index.php\/wp-json\/wp\/v2\/users\/27"}],"replies":[{"embeddable":true,"href":"https:\/\/mersingazetesi.com\/index.php\/wp-json\/wp\/v2\/comments?post=98010"}],"version-history":[{"count":0,"href":"https:\/\/mersingazetesi.com\/index.php\/wp-json\/wp\/v2\/posts\/98010\/revisions"}],"wp:featuredmedia":[{"embeddable":true,"href":"https:\/\/mersingazetesi.com\/index.php\/wp-json\/wp\/v2\/media\/96795"}],"wp:attachment":[{"href":"https:\/\/mersingazetesi.com\/index.php\/wp-json\/wp\/v2\/media?parent=98010"}],"wp:term":[{"taxonomy":"category","embeddable":true,"href":"https:\/\/mersingazetesi.com\/index.php\/wp-json\/wp\/v2\/categories?post=98010"},{"taxonomy":"post_tag","embeddable":true,"href":"https:\/\/mersingazetesi.com\/index.php\/wp-json\/wp\/v2\/tags?post=98010"}],"curies":[{"name":"wp","href":"https:\/\/api.w.org\/{rel}","templated":true}]}}