{"id":97908,"date":"2025-05-08T11:45:50","date_gmt":"2025-05-08T08:45:50","guid":{"rendered":"https:\/\/mersingazetesi.com\/?p=97908"},"modified":"2025-05-08T11:45:50","modified_gmt":"2025-05-08T08:45:50","slug":"ne-olacak-bu-memleketin-hali","status":"publish","type":"post","link":"https:\/\/mersingazetesi.com\/index.php\/2025\/05\/08\/ne-olacak-bu-memleketin-hali\/","title":{"rendered":"NE OLACAK BU MEMLEKET&#8217;\u0130N HAL\u0130?"},"content":{"rendered":"<div dir=\"ltr\">Altm\u0131\u015fl\u0131 y\u0131llar\u0131n ortalar\u0131ndan itibaren az bu\u00e7uk kendimi bilirim.<\/div>\n<div dir=\"ltr\">Ben kendimi bildim bileli, \u00dclkemizde en \u00e7ok sorulan soru, &#8220;Ne olacak bu Memleket&#8217;in hali?&#8221; sorusudur.<\/div>\n<div dir=\"ltr\">Ne var ki, bu soru hi\u00e7bir d\u00f6nemde bu d\u00f6nemdeki kadar \u00e7ok sorulmam\u0131\u015ft\u0131r. Yetmi\u015fli y\u0131llar\u0131n ba\u015flar\u0131nda, ki\u015fi ba\u015f\u0131na d\u00fc\u015fen milli gelir bak\u0131m\u0131ndan G\u00fcney Kore Bizimle ayn\u0131 seviyedeydi.<\/div>\n<div dir=\"ltr\">Ve hatta, bizden biraz daha geri durumdayd\u0131.<\/div>\n<div dir=\"ltr\">Fakat \u015fu an itibariyle Bizi \u00fc\u00e7e katlam\u0131\u015f durumda.<\/div>\n<div dir=\"ltr\">Bu da g\u00f6steriyor ki, \u201cNe olacak bu Memleket&#8217;in hali?&#8221; sorusunun cevab\u0131n\u0131 altm\u0131\u015f y\u0131ld\u0131r bulamam\u0131\u015f\u0131z.<\/div>\n<div dir=\"ltr\">Bu anlay\u0131\u015fla bulacak gibi de g\u00f6r\u00fcnm\u00fcyoruz.<\/div>\n<div dir=\"ltr\">\u00c7\u00fcnk\u00fc bug\u00fcnk\u00fc e\u011fitim ve y\u00f6netim sistemiyle bu m\u00fcmk\u00fcn olmaz.<\/div>\n<div dir=\"ltr\">M\u00fcmk\u00fcn olmas\u0131 i\u00e7in, e\u011fitim sistemimizin \u00fcretim odakl\u0131, y\u00f6netim sistemimizin de liyakat esasl\u0131 olmas\u0131 laz\u0131m. \u0130ki y\u00fcz k\u00fcs\u00fcr \u00fcniversitemiz var diye \u00f6v\u00fcn\u00fcp duruyoruz. \u00d6v\u00fcn\u00fcp duruyoruz amma, bu \u00fcniversitelerin bir\u00e7o\u011funun vas\u0131fs\u0131z i\u015fsiz yeti\u015ftirmekten \u00f6teye gidemedi\u011fini bilmiyoruz!. Ke\u015fke, elli \u00fcniversitemiz olsayd\u0131 da d\u00fcnyan\u0131n belli ba\u015fl\u0131 \u00fcniversiteleri aras\u0131nda bizimkilerin de adlar\u0131 say\u0131lsayd\u0131!<\/div>\n<div dir=\"ltr\">D\u00fcnyada ilk d\u00f6rt y\u00fcze giren \u00fcniversitemiz yok.<\/div>\n<div dir=\"ltr\">Bence, vas\u0131fs\u0131z i\u015fsiz yeti\u015ftirmekten \u00f6teye gidemeyen \u00fcniversitelerin tamam\u0131n\u0131n kapat\u0131l\u0131p, yerlerine \u00fcretim odakl\u0131 meslek y\u00fcksekokullar\u0131n\u0131n a\u00e7\u0131lmas\u0131 laz\u0131m.<\/div>\n<div dir=\"ltr\">Haliyle, y\u00fcksek \u00f6\u011frenime giden ta\u015flar\u0131n da buna g\u00f6re d\u00f6\u015fenmesi laz\u0131m.<\/div>\n<div dir=\"ltr\">K\u0131sacas\u0131, e\u011fitim sistemimizin \u00f6nden sona de\u011fi\u015ftirilmesi ve \u00e7a\u011f\u0131n gerekleriyle toplumun ihtiya\u00e7lar\u0131na uygun hale getirilmesi laz\u0131m.<\/div>\n<div dir=\"ltr\">Y\u00f6netimde de liyakatin ve vatana, millete sadakatin esas al\u0131nmas\u0131 laz\u0131m. Kay\u0131rmac\u0131l\u0131kla, kollamac\u0131l\u0131kla bu \u00dclke bir yere varamad\u0131, varamaz.<\/div>\n<div dir=\"ltr\">O y\u00fczdendir ki, i\u015fin ba\u015f\u0131na i\u015fin ehli olanlar\u0131 getirmek \u015fart!<\/div>\n<div dir=\"ltr\">Aksi halde, &#8220;Ne olacak bu Memleket&#8217;in hali?&#8221; sorusunu bundan b\u00f6yle de sorar dururuz.<\/div>\n<div dir=\"ltr\"><\/div>\n<div dir=\"ltr\">\u00a0 \u00a0 \u00a0 \u00a0 \u00a0 \u00a0 \u00a0 \u00d6ZL\u00dc S\u00d6ZLER\u0130M<\/div>\n<div dir=\"ltr\"><\/div>\n<div dir=\"ltr\">&#8211; &#8220;\u0130nsanl\u0131k i\u00e7in en b\u00fcy\u00fck tehlike, d\u00fcn\u00fcn kafas\u0131yla bug\u00fcn\u00fcn d\u00fcnyas\u0131n\u0131 y\u00f6netmeye kalkan zihniyetin i\u015f ba\u015f\u0131nda olmas\u0131d\u0131r.&#8221;<\/div>\n","protected":false},"excerpt":{"rendered":"<p>Altm\u0131\u015fl\u0131 y\u0131llar\u0131n ortalar\u0131ndan itibaren az bu\u00e7uk kendimi bilirim. Ben kendimi bildim bileli, \u00dclkemizde en \u00e7ok sorulan soru, &#8220;Ne olacak bu Memleket&#8217;in hali?&#8221; sorusudur. Ne var ki, bu soru hi\u00e7bir d\u00f6nemde bu d\u00f6nemdeki kadar \u00e7ok sorulmam\u0131\u015ft\u0131r. Yetmi\u015fli y\u0131llar\u0131n ba\u015flar\u0131nda, ki\u015fi ba\u015f\u0131na d\u00fc\u015fen milli gelir bak\u0131m\u0131ndan G\u00fcney Kore Bizimle ayn\u0131 seviyedeydi. Ve hatta, bizden biraz daha geri [&hellip;]<\/p>\n","protected":false},"author":14,"featured_media":97342,"comment_status":"open","ping_status":"open","sticky":false,"template":"","format":"standard","meta":{"footnotes":""},"categories":[47],"tags":[],"class_list":["post-97908","post","type-post","status-publish","format-standard","has-post-thumbnail","hentry","category-erdogan-serin"],"views":191,"_links":{"self":[{"href":"https:\/\/mersingazetesi.com\/index.php\/wp-json\/wp\/v2\/posts\/97908","targetHints":{"allow":["GET"]}}],"collection":[{"href":"https:\/\/mersingazetesi.com\/index.php\/wp-json\/wp\/v2\/posts"}],"about":[{"href":"https:\/\/mersingazetesi.com\/index.php\/wp-json\/wp\/v2\/types\/post"}],"author":[{"embeddable":true,"href":"https:\/\/mersingazetesi.com\/index.php\/wp-json\/wp\/v2\/users\/14"}],"replies":[{"embeddable":true,"href":"https:\/\/mersingazetesi.com\/index.php\/wp-json\/wp\/v2\/comments?post=97908"}],"version-history":[{"count":0,"href":"https:\/\/mersingazetesi.com\/index.php\/wp-json\/wp\/v2\/posts\/97908\/revisions"}],"wp:featuredmedia":[{"embeddable":true,"href":"https:\/\/mersingazetesi.com\/index.php\/wp-json\/wp\/v2\/media\/97342"}],"wp:attachment":[{"href":"https:\/\/mersingazetesi.com\/index.php\/wp-json\/wp\/v2\/media?parent=97908"}],"wp:term":[{"taxonomy":"category","embeddable":true,"href":"https:\/\/mersingazetesi.com\/index.php\/wp-json\/wp\/v2\/categories?post=97908"},{"taxonomy":"post_tag","embeddable":true,"href":"https:\/\/mersingazetesi.com\/index.php\/wp-json\/wp\/v2\/tags?post=97908"}],"curies":[{"name":"wp","href":"https:\/\/api.w.org\/{rel}","templated":true}]}}