{"id":97878,"date":"2025-05-08T10:30:06","date_gmt":"2025-05-08T07:30:06","guid":{"rendered":"https:\/\/mersingazetesi.com\/?p=97878"},"modified":"2025-05-08T10:30:06","modified_gmt":"2025-05-08T07:30:06","slug":"anamur-tasucu-karayolu-girisinde-hiz-tehlikesi-vatandas-ve-suruculer-endiseli","status":"publish","type":"post","link":"https:\/\/mersingazetesi.com\/index.php\/2025\/05\/08\/anamur-tasucu-karayolu-girisinde-hiz-tehlikesi-vatandas-ve-suruculer-endiseli\/","title":{"rendered":"Anamur-Ta\u015fucu Karayolu Giri\u015finde H\u0131z Tehlikesi  VATANDA\u015e VE S\u00dcR\u00dcC\u00dcLER END\u0130\u015eEL\u0130!"},"content":{"rendered":"<p>Mersin\u2019in Silifke il\u00e7esine ba\u011fl\u0131 Ta\u015fucu Mahallesi\u2019nde, Anamur y\u00f6n\u00fcnden gelen ara\u00e7lar\u0131n il\u00e7e merkezine giri\u015finde ya\u015fanan a\u015f\u0131r\u0131 h\u0131z sorunu, hem yayalar hem de s\u00fcr\u00fcc\u00fcler a\u00e7\u0131s\u0131ndan ciddi risk olu\u015fturmaya devam ediyor.<\/p>\n<p>Vatanda\u015f, h\u0131z uyar\u0131 levhalar\u0131na ra\u011fmen bir\u00e7ok s\u00fcr\u00fcc\u00fcn\u00fcn Ta\u015fucu merkezine girerken h\u0131z\u0131n\u0131 kesmedi\u011fini belirterek, bu durumun can ve mal g\u00fcvenli\u011fi a\u00e7\u0131s\u0131ndan b\u00fcy\u00fck bir tehdit haline geldi\u011fini vurgulad\u0131. B\u00f6lge sakinleri, \u00f6zellikle sabah ve ak\u015fam saatlerinde yo\u011funla\u015fan trafikle birlikte tehlikenin katland\u0131\u011f\u0131n\u0131 ifade ediyor.<\/p>\n<p>\u201cB\u00fcy\u00fck bir kaza ya\u015fanmadan \u00f6nlem al\u0131ns\u0131n\u201d \u00e7a\u011fr\u0131s\u0131<\/p>\n<p>B\u00f6lgede ya\u015fayan vatanda\u015flar, yetkililere \u00e7a\u011fr\u0131da bulunarak s\u00f6z konusu g\u00fczerg\u00e2hta b\u00fcy\u00fck bir kaza ya\u015fanmadan acilen h\u0131z kesici kasisler, radar uygulamalar\u0131 ve daha s\u0131k\u0131 denetimlerin devreye sokulmas\u0131n\u0131 istiyor. Herhangi bir can kayb\u0131 ya\u015fanmadan gerekli \u00f6nlemlerin al\u0131nmas\u0131n\u0131 isteyen vatanda\u015flar, daha fazla gecikmenin telafisi zor sonu\u00e7lar do\u011furabilece\u011fi konusunda uyar\u0131yor.<\/p>\n<p>Ta\u015fucu\u2019ndaki trafik g\u00fcvenli\u011fi sorunu, sadece b\u00f6lge halk\u0131n\u0131 de\u011fil, g\u00fczerg\u00e2h\u0131 kullanan t\u00fcm s\u00fcr\u00fcc\u00fcleri de tedirgin ediyor.<\/p>\n","protected":false},"excerpt":{"rendered":"<p>Mersin\u2019in Silifke il\u00e7esine ba\u011fl\u0131 Ta\u015fucu Mahallesi\u2019nde, Anamur y\u00f6n\u00fcnden gelen ara\u00e7lar\u0131n il\u00e7e merkezine giri\u015finde ya\u015fanan a\u015f\u0131r\u0131 h\u0131z sorunu, hem yayalar hem de s\u00fcr\u00fcc\u00fcler a\u00e7\u0131s\u0131ndan ciddi risk olu\u015fturmaya devam ediyor. Vatanda\u015f, h\u0131z uyar\u0131 levhalar\u0131na ra\u011fmen bir\u00e7ok s\u00fcr\u00fcc\u00fcn\u00fcn Ta\u015fucu merkezine girerken h\u0131z\u0131n\u0131 kesmedi\u011fini belirterek, bu durumun can ve mal g\u00fcvenli\u011fi a\u00e7\u0131s\u0131ndan b\u00fcy\u00fck bir tehdit haline geldi\u011fini vurgulad\u0131. B\u00f6lge [&hellip;]<\/p>\n","protected":false},"author":2,"featured_media":97879,"comment_status":"open","ping_status":"open","sticky":false,"template":"","format":"standard","meta":{"footnotes":""},"categories":[1],"tags":[],"class_list":["post-97878","post","type-post","status-publish","format-standard","has-post-thumbnail","hentry","category-gundem"],"views":69,"_links":{"self":[{"href":"https:\/\/mersingazetesi.com\/index.php\/wp-json\/wp\/v2\/posts\/97878","targetHints":{"allow":["GET"]}}],"collection":[{"href":"https:\/\/mersingazetesi.com\/index.php\/wp-json\/wp\/v2\/posts"}],"about":[{"href":"https:\/\/mersingazetesi.com\/index.php\/wp-json\/wp\/v2\/types\/post"}],"author":[{"embeddable":true,"href":"https:\/\/mersingazetesi.com\/index.php\/wp-json\/wp\/v2\/users\/2"}],"replies":[{"embeddable":true,"href":"https:\/\/mersingazetesi.com\/index.php\/wp-json\/wp\/v2\/comments?post=97878"}],"version-history":[{"count":0,"href":"https:\/\/mersingazetesi.com\/index.php\/wp-json\/wp\/v2\/posts\/97878\/revisions"}],"wp:featuredmedia":[{"embeddable":true,"href":"https:\/\/mersingazetesi.com\/index.php\/wp-json\/wp\/v2\/media\/97879"}],"wp:attachment":[{"href":"https:\/\/mersingazetesi.com\/index.php\/wp-json\/wp\/v2\/media?parent=97878"}],"wp:term":[{"taxonomy":"category","embeddable":true,"href":"https:\/\/mersingazetesi.com\/index.php\/wp-json\/wp\/v2\/categories?post=97878"},{"taxonomy":"post_tag","embeddable":true,"href":"https:\/\/mersingazetesi.com\/index.php\/wp-json\/wp\/v2\/tags?post=97878"}],"curies":[{"name":"wp","href":"https:\/\/api.w.org\/{rel}","templated":true}]}}