{"id":97744,"date":"2025-05-06T12:35:28","date_gmt":"2025-05-06T09:35:28","guid":{"rendered":"https:\/\/mersingazetesi.com\/?p=97744"},"modified":"2025-05-06T13:08:26","modified_gmt":"2025-05-06T10:08:26","slug":"siyasi-mizah-deyip-de-gecmeyin","status":"publish","type":"post","link":"https:\/\/mersingazetesi.com\/index.php\/2025\/05\/06\/siyasi-mizah-deyip-de-gecmeyin\/","title":{"rendered":"S\u0130YAS\u0130 M\u0130ZAH DEY\u0130P DE GE\u00c7MEY\u0130N!"},"content":{"rendered":"<div dir=\"ltr\">\n<div>Bu \u00dclke&#8217;nin tarihinde, \u00e7o\u011funlu\u011fu yak\u0131n ge\u00e7mi\u015fimizde olmak \u00fczere, say\u0131s\u0131z siyasi mizah\u00e7\u0131 vard\u0131r. Yak\u0131n ge\u00e7mi\u015fimizdeki siyasi mizah\u00e7\u0131lar\u0131n bir\u00e7o\u011fu da halen hayattad\u0131r.<\/div>\n<div>Hayatta olanlardan ununu eleyip ele\u011fini asanlar oldu\u011fu gibi, sanatlar\u0131n\u0131 icra edebilecek durumda olanlar da vard\u0131r. Gelin g\u00f6r\u00fcn ki, an itibariyle siyasi mizah yapan mizah\u00e7\u0131m\u0131z yoktur.<\/div>\n<div>\u00c7\u00fcnk\u00fc \u00dclkemizdeki demokratik iklim, siyasi mizah yapmaya elveri\u015fli bir iklim de\u011fildir. Bu y\u00fczden de siyasi mizah gelenek ve k\u00fclt\u00fcr\u00fcm\u00fcz t\u00fcm\u00fcyle ask\u0131ya al\u0131nm\u0131\u015f ve hatta rafa kald\u0131r\u0131lm\u0131\u015ft\u0131r.<\/div>\n<div>Oysa ki, siyasi mizah\u00e7\u0131lar demokrasinin mihenk ta\u015f\u0131d\u0131rlar.<\/div>\n<div>Bir \u00fclkedeki demokrasinin geli\u015fmi\u015flik ve olgunluk seviyesi, siyasi mizah\u00e7\u0131lar\u0131n sanatlar\u0131n\u0131 \u00f6zg\u00fcrce icra edip edemediklerinden belli olur. Siyasi mizah\u00e7\u0131lar\u0131n sanatlar\u0131n\u0131 \u00f6zg\u00fcrce icra edebildikleri \u00fclkeler, d\u00fcnyan\u0131n en ileri demokrasileridir.<\/div>\n<div>Siyasi mizah\u00e7\u0131lar, salt demokrasinin geli\u015fmi\u015flik seviyesinin ortaya \u00e7\u0131kmas\u0131nda etkili olmazlar, ince ele\u015ftiri ve yergileriyle siyasilere de katk\u0131 sunarlar. Y\u00f6netimsel aksakl\u0131klar\u0131 ve ekonomik, sosyal, k\u00fclt\u00fcrel \u00e7arp\u0131kl\u0131klar\u0131 ustaca karikat\u00fcrize edip dillendirerek, siyasilerin ger\u00e7eklerle y\u00fczle\u015fmelerini ve toplumun (ayn\u0131 zamanda insanl\u0131\u011f\u0131n) hayr\u0131na olmayan i\u015f ve i\u015flemlerden uzak durmalar\u0131n\u0131 sa\u011flarlar.<\/div>\n<div>Bunu yaparken de toplumu d\u00fc\u015f\u00fcnd\u00fcr\u00fcrler, g\u00fcld\u00fcr\u00fcrler ve e\u011flendirirler.<\/div>\n<div>Unutmayal\u0131m!<\/div>\n<div>&#8220;Bir \u00fclkenin demokratik seviyesini, o \u00fclke y\u00f6netiminin siyasi mizah\u00e7\u0131lara bak\u0131\u015f\u0131 belirler&#8221;<\/div>\n<div><\/div>\n<\/div>\n<div dir=\"ltr\">\u00a0 \u00a0 \u00a0 \u00a0 \u00a0 \u00a0\u00d6ZL\u00dc S\u00d6ZLER\u0130M<\/div>\n<div dir=\"ltr\"><\/div>\n<div dir=\"ltr\">\n<p>&#8211; &#8220;Yoldan \u00e7\u0131km\u0131\u015f birini yola getirmek, bir yol bilmezi yola koymaktan \u00e7ok daha zordur.&#8221;<\/p>\n<p>&#8211; &#8220;E\u011fitimin amac\u0131, yarat\u0131c\u0131 bir akla ve h\u00fcnerli bir ele sahip erdemli bireyler yeti\u015ftirmektir.&#8221;<\/p>\n<\/div>\n","protected":false},"excerpt":{"rendered":"<p>Bu \u00dclke&#8217;nin tarihinde, \u00e7o\u011funlu\u011fu yak\u0131n ge\u00e7mi\u015fimizde olmak \u00fczere, say\u0131s\u0131z siyasi mizah\u00e7\u0131 vard\u0131r. Yak\u0131n ge\u00e7mi\u015fimizdeki siyasi mizah\u00e7\u0131lar\u0131n bir\u00e7o\u011fu da halen hayattad\u0131r. Hayatta olanlardan ununu eleyip ele\u011fini asanlar oldu\u011fu gibi, sanatlar\u0131n\u0131 icra edebilecek durumda olanlar da vard\u0131r. Gelin g\u00f6r\u00fcn ki, an itibariyle siyasi mizah yapan mizah\u00e7\u0131m\u0131z yoktur. \u00c7\u00fcnk\u00fc \u00dclkemizdeki demokratik iklim, siyasi mizah yapmaya elveri\u015fli bir iklim [&hellip;]<\/p>\n","protected":false},"author":14,"featured_media":97342,"comment_status":"open","ping_status":"open","sticky":false,"template":"","format":"standard","meta":{"footnotes":""},"categories":[47],"tags":[],"class_list":["post-97744","post","type-post","status-publish","format-standard","has-post-thumbnail","hentry","category-erdogan-serin"],"views":184,"_links":{"self":[{"href":"https:\/\/mersingazetesi.com\/index.php\/wp-json\/wp\/v2\/posts\/97744","targetHints":{"allow":["GET"]}}],"collection":[{"href":"https:\/\/mersingazetesi.com\/index.php\/wp-json\/wp\/v2\/posts"}],"about":[{"href":"https:\/\/mersingazetesi.com\/index.php\/wp-json\/wp\/v2\/types\/post"}],"author":[{"embeddable":true,"href":"https:\/\/mersingazetesi.com\/index.php\/wp-json\/wp\/v2\/users\/14"}],"replies":[{"embeddable":true,"href":"https:\/\/mersingazetesi.com\/index.php\/wp-json\/wp\/v2\/comments?post=97744"}],"version-history":[{"count":0,"href":"https:\/\/mersingazetesi.com\/index.php\/wp-json\/wp\/v2\/posts\/97744\/revisions"}],"wp:featuredmedia":[{"embeddable":true,"href":"https:\/\/mersingazetesi.com\/index.php\/wp-json\/wp\/v2\/media\/97342"}],"wp:attachment":[{"href":"https:\/\/mersingazetesi.com\/index.php\/wp-json\/wp\/v2\/media?parent=97744"}],"wp:term":[{"taxonomy":"category","embeddable":true,"href":"https:\/\/mersingazetesi.com\/index.php\/wp-json\/wp\/v2\/categories?post=97744"},{"taxonomy":"post_tag","embeddable":true,"href":"https:\/\/mersingazetesi.com\/index.php\/wp-json\/wp\/v2\/tags?post=97744"}],"curies":[{"name":"wp","href":"https:\/\/api.w.org\/{rel}","templated":true}]}}