{"id":97499,"date":"2025-05-02T11:39:38","date_gmt":"2025-05-02T08:39:38","guid":{"rendered":"https:\/\/mersingazetesi.com\/?p=97499"},"modified":"2025-05-02T11:39:38","modified_gmt":"2025-05-02T08:39:38","slug":"bertaraf-etmekten-telef-etmeye","status":"publish","type":"post","link":"https:\/\/mersingazetesi.com\/index.php\/2025\/05\/02\/bertaraf-etmekten-telef-etmeye\/","title":{"rendered":"BERTARAF ETMEKTEN TELEF ETMEYE!"},"content":{"rendered":"<div dir=\"ltr\">Cumhurba\u015fkan\u0131 Recep Tayyip Erdo\u011fan taraf\u0131ndan Partisi&#8217;nin Gurup Toplant\u0131s\u0131&#8217;nda s\u00f6ylenen &#8220;Bakal\u0131m, cumhurba\u015fkan\u0131 olma yolunda daha ka\u00e7 CHP&#8217;li, siyasetin girdab\u0131nda telef olup gidecek!&#8221; s\u00f6z\u00fc, son derece sorunlu bir s\u00f6zd\u00fcr.<\/div>\n<div dir=\"ltr\">\u00c7\u00fcnk\u00fc telef olma s\u00f6z\u00fc hayvanlar i\u00e7in kullan\u0131lan bir ifadedir ve yak\u0131c\u0131, ac\u0131t\u0131c\u0131 olmas\u0131 nedeniyle de rahats\u0131z edicidir.<\/div>\n<div dir=\"ltr\">Dolay\u0131s\u0131yla bu ifade cumhurba\u015fkanl\u0131\u011f\u0131 koltu\u011funda oturan ve dili, s\u00f6ylemi, tavr\u0131 ve duru\u015fuyla Toplum&#8217;a \u00f6rnek olmas\u0131 gereken bir siyaset\u00e7iye yak\u0131\u015fmam\u0131\u015ft\u0131r.<\/div>\n<div dir=\"ltr\">Hem de hi\u00e7 yak\u0131\u015fmam\u0131\u015ft\u0131r. Ayr\u0131ca, b\u00f6yle bir s\u00f6z\u00fcn birinci a\u011f\u0131zdan s\u00f6ylenmi\u015f olmas\u0131, \u0130stanbul&#8217;un iki kez se\u00e7ilmi\u015f Belediye Ba\u015fkan\u0131 Ekrem \u0130mamo\u011flu etraf\u0131nda y\u00fcr\u00fct\u00fclen operasyonlar\u0131n siyasi bir alg\u0131 operasyonu oldu\u011fu y\u00f6n\u00fcndeki iddialara da hakl\u0131l\u0131k ve g\u00fc\u00e7 kazand\u0131rm\u0131\u015ft\u0131r.<\/div>\n<div dir=\"ltr\">G\u00f6r\u00fcnen o ki, bundan b\u00f6yle muhalefetin eli daha da g\u00fc\u00e7lenecektir.<\/div>\n<div dir=\"ltr\">Operasyonlar dallan\u0131p budakland\u0131k\u00e7a da muhalefet bu i\u015ften k\u00e2rl\u0131 \u00e7\u0131kacakt\u0131r. \u00c7\u00fcnk\u00fc operasyonlar geni\u015fletildik\u00e7e inand\u0131r\u0131c\u0131l\u0131\u011f\u0131 da azaltacakt\u0131r.<\/div>\n<div dir=\"ltr\">Kabul etmek gerekir ki, \u00e7ok farkl\u0131 birimlerde \u00e7al\u0131\u015fan bu kadar \u00e7ok \u00fcst d\u00fczey y\u00f6neticinin bir araya gelip yolsuzluk yapmas\u0131 kolay bir \u015fey de\u011fildir.<\/div>\n<div dir=\"ltr\">Kolay olmad\u0131\u011f\u0131 gibi, akla yatk\u0131n ve ger\u00e7ek\u00e7i de de\u011fildir.<\/div>\n<div dir=\"ltr\">Kald\u0131 ki, Toplum taaa i\u015fin ba\u015f\u0131ndan itibaren, CHP&#8217;deki \u00f6n se\u00e7imle e\u015f zamanl\u0131 olarak y\u00fcr\u00fct\u00fclen bu operasyonun hukuki bir operasyon oldu\u011funa inanmad\u0131 ve Yozgatl\u0131 \u00c7ift\u00e7inin s\u00f6yledi\u011fi &#8220;Turpunan, \u015falgam\u0131nan devlet idare idilmez! Devlet hukukunan, adaletinan idare idilir!&#8221; s\u00f6z\u00fcn\u00fc sloganla\u015ft\u0131rarak ve a\u011fz\u0131ndan da d\u00fc\u015f\u00fcrmeyerek tepkisini ortaya koydu.<\/div>\n<div dir=\"ltr\">Bu operasyonun hukuki bir operasyon olmad\u0131\u011f\u0131na sadece Toplum de\u011fil, piyasalar da inanmad\u0131 ve operasyonun hemen ard\u0131ndan sert tepki g\u00f6sterdi. Uzmanlar\u0131n ifadelerine g\u00f6re, Merkez Bankas\u0131 bu tepkiyi yat\u0131\u015ft\u0131rmak i\u00e7in kara g\u00fcn ak\u00e7esi olarak elinde tuttu\u011fu paradan elli milyar Dolar&#8217;a yak\u0131n bir kayna\u011f\u0131 yakmak zorunda kald\u0131.<\/div>\n<div dir=\"ltr\">Bu da, hem enflasyonla m\u00fccadeleye zarar verdi, hem de \u00dclke&#8217;nin ve vatanda\u015f\u0131n ekonomik durumunu k\u00f6t\u00fcle\u015ftirdi.<\/div>\n<div dir=\"ltr\">Bununla da kalmay\u0131p, faizlerin y\u00fckselmesine yol a\u00e7arak kredilere eri\u015fimi de zorla\u015ft\u0131rd\u0131.<\/div>\n<div dir=\"ltr\">S\u00f6z\u00fcn k\u0131sas\u0131, olan gene vatanda\u015fa oldu.<\/div>\n<div dir=\"ltr\">Fakat vatanda\u015f bu sefer her \u015feyin fark\u0131nda. O y\u00fczden de sand\u0131\u011f\u0131n bir an \u00f6nce \u00f6n\u00fcne konulmas\u0131n\u0131 istiyor.<\/div>\n<div dir=\"ltr\"><\/div>\n<div dir=\"ltr\">\u00a0 \u00a0 \u00a0 \u00a0 \u00d6ZL\u00dc S\u00d6ZLER\u0130M<\/div>\n<div dir=\"ltr\"><\/div>\n<ul>\n<li>\n<div dir=\"ltr\">\u201cEme\u011fin (al\u0131n terinin, ak\u0131l terinin) ve dayan\u0131\u015fman\u0131n k\u0131ymetini bilip, eme\u011fe, emek\u00e7iye ve emekliye sayg\u0131 duyanlara selam olsun.\u201d<\/div>\n<\/li>\n<\/ul>\n<div dir=\"ltr\"><\/div>\n<ul>\n<li>\n<div dir=\"ltr\">&#8220;Bir \u00fclkede toplanan vergiler halka hizmet olarak geri d\u00f6nm\u00fcyorsa, orada h\u0131rs\u0131zl\u0131k ve yolsuzluk kol geziyor demektir.&#8221;<\/div>\n<\/li>\n<\/ul>\n<div dir=\"ltr\"><\/div>\n","protected":false},"excerpt":{"rendered":"<p>Cumhurba\u015fkan\u0131 Recep Tayyip Erdo\u011fan taraf\u0131ndan Partisi&#8217;nin Gurup Toplant\u0131s\u0131&#8217;nda s\u00f6ylenen &#8220;Bakal\u0131m, cumhurba\u015fkan\u0131 olma yolunda daha ka\u00e7 CHP&#8217;li, siyasetin girdab\u0131nda telef olup gidecek!&#8221; s\u00f6z\u00fc, son derece sorunlu bir s\u00f6zd\u00fcr. \u00c7\u00fcnk\u00fc telef olma s\u00f6z\u00fc hayvanlar i\u00e7in kullan\u0131lan bir ifadedir ve yak\u0131c\u0131, ac\u0131t\u0131c\u0131 olmas\u0131 nedeniyle de rahats\u0131z edicidir. Dolay\u0131s\u0131yla bu ifade cumhurba\u015fkanl\u0131\u011f\u0131 koltu\u011funda oturan ve dili, s\u00f6ylemi, tavr\u0131 ve [&hellip;]<\/p>\n","protected":false},"author":14,"featured_media":97342,"comment_status":"open","ping_status":"open","sticky":false,"template":"","format":"standard","meta":{"footnotes":""},"categories":[47],"tags":[],"class_list":["post-97499","post","type-post","status-publish","format-standard","has-post-thumbnail","hentry","category-erdogan-serin"],"views":212,"_links":{"self":[{"href":"https:\/\/mersingazetesi.com\/index.php\/wp-json\/wp\/v2\/posts\/97499","targetHints":{"allow":["GET"]}}],"collection":[{"href":"https:\/\/mersingazetesi.com\/index.php\/wp-json\/wp\/v2\/posts"}],"about":[{"href":"https:\/\/mersingazetesi.com\/index.php\/wp-json\/wp\/v2\/types\/post"}],"author":[{"embeddable":true,"href":"https:\/\/mersingazetesi.com\/index.php\/wp-json\/wp\/v2\/users\/14"}],"replies":[{"embeddable":true,"href":"https:\/\/mersingazetesi.com\/index.php\/wp-json\/wp\/v2\/comments?post=97499"}],"version-history":[{"count":0,"href":"https:\/\/mersingazetesi.com\/index.php\/wp-json\/wp\/v2\/posts\/97499\/revisions"}],"wp:featuredmedia":[{"embeddable":true,"href":"https:\/\/mersingazetesi.com\/index.php\/wp-json\/wp\/v2\/media\/97342"}],"wp:attachment":[{"href":"https:\/\/mersingazetesi.com\/index.php\/wp-json\/wp\/v2\/media?parent=97499"}],"wp:term":[{"taxonomy":"category","embeddable":true,"href":"https:\/\/mersingazetesi.com\/index.php\/wp-json\/wp\/v2\/categories?post=97499"},{"taxonomy":"post_tag","embeddable":true,"href":"https:\/\/mersingazetesi.com\/index.php\/wp-json\/wp\/v2\/tags?post=97499"}],"curies":[{"name":"wp","href":"https:\/\/api.w.org\/{rel}","templated":true}]}}