{"id":97341,"date":"2025-04-30T11:36:39","date_gmt":"2025-04-30T08:36:39","guid":{"rendered":"https:\/\/mersingazetesi.com\/?p=97341"},"modified":"2025-04-30T11:36:39","modified_gmt":"2025-04-30T08:36:39","slug":"adalet-ve-sosyal-adalet","status":"publish","type":"post","link":"https:\/\/mersingazetesi.com\/index.php\/2025\/04\/30\/adalet-ve-sosyal-adalet\/","title":{"rendered":"ADALET VE SOSYAL ADALET"},"content":{"rendered":"<p>&#8220;Adalet, hakk\u0131 bilmek ve sahibine teslim etmektir. Sosyal adalet ise, nimeti ve k\u00fclfeti hak\u00e7a b\u00f6l\u00fc\u015ft\u00fcrmektir.&#8221;<br \/>\nLaf\u0131 uzatmadan s\u00f6yleyeyim! Daha do\u011frusu, son s\u00f6yleyece\u011fimi en ba\u015fta s\u00f6yleyeyim!<br \/>\nBu \u00dclke&#8217;de, ger\u00e7ek anlamda ne adalet var, ne de sosyal adalet&#8230;<br \/>\nAdalet olsayd\u0131, kimse haks\u0131zl\u0131ktan, hukuksuzluktan ve adaletsizlikten dert yanmazd\u0131.<br \/>\nAdalet olsayd\u0131, adalete olan inan\u00e7 ve g\u00fcven bu kadar dip yapmazd\u0131!<br \/>\nKamuoyu ara\u015ft\u0131rma sonu\u00e7lar\u0131 g\u00f6steriyor ki, Toplum&#8217;da adalete olan inan\u00e7 ve g\u00fcven y\u00fczde yirmilerde.<br \/>\nBu durum, \u00dclkemiz ad\u0131na son derece \u00fcz\u00fcc\u00fc ve d\u00fc\u015f\u00fcnd\u00fcr\u00fcc\u00fcd\u00fcr.<br \/>\nSadece \u00fcz\u00fcc\u00fc ve d\u00fc\u015f\u00fcnd\u00fcr\u00fcc\u00fc de\u011fil, ayn\u0131 zamanda utan\u00e7 da vericidir.<br \/>\nT\u0131pk\u0131 adalete olan inan\u00e7 ve g\u00fcven gibi, sosyal adalete olan inan\u00e7 ve g\u00fcven de dip yapm\u0131\u015f durumda.<br \/>\nHalk\u0131n ezici \u00e7o\u011funlu\u011fu, \u00dclke&#8217;de sosyal adalet diye bir \u015feyin varl\u0131\u011f\u0131na inanm\u0131yor. \u0130nanmamakta da gayet hakl\u0131lar.<br \/>\n\u00c7\u00fcnk\u00fc Toplum&#8217;un bir k\u0131sm\u0131 bir eli ya\u011fda, bir eli balda ya\u015farken, bir k\u0131sm\u0131 a\u00e7l\u0131k ve sefaletle bo\u011fu\u015fuyor.<br \/>\nBir k\u0131sm\u0131 tek lahmacuna be\u015f y\u00fcz Lira verirken, bir k\u0131sm\u0131 bulgura, makarnaya talim etmek zorunda kal\u0131yor.<br \/>\nBir k\u0131sm\u0131 da \u00e7\u00f6pten ve pazar art\u0131klar\u0131ndan toplad\u0131klar\u0131 yiyeceklerle besleniyor.<br \/>\nB\u00fct\u00fcn bunlar d\u00fczeltilemez \u015feyler de\u011fil elbet.<br \/>\nBunlar\u0131n hepsi pek al\u00e2 d\u00fczeltilebilir.<br \/>\nHem de kolayl\u0131kla d\u00fczeltilebilir.<br \/>\nYeter ki, bunlar\u0131 d\u00fczeltmeyi g\u00f6rev edinmi\u015f bir siyasi irade i\u015f ba\u015f\u0131nda olsun.<br \/>\nBunu sa\u011flayacak olan da halkt\u0131r.<br \/>\nHalk, hakk\u0131 bilene ve sahibine teslim edene itibar ederse, \u00dclke&#8217;de haks\u0131zl\u0131ktan, hukuksuzluktan ve adaletsizlikten eser kalmaz. Halk, nimeti ve k\u00fclfeti hak\u00e7a b\u00f6l\u00fc\u015ft\u00fcrenlere itibar ederse, \u00dclke&#8217;de gelir da\u011f\u0131l\u0131m\u0131 adaletsizli\u011finden de eser kalmaz.<br \/>\nHakk\u0131 bilip sahibine teslim edenler ile nimeti ve k\u00fclfeti hak\u00e7a b\u00f6l\u00fc\u015ft\u00fcrenlere itibar edilmesi umut ve dile\u011fimle esen kal\u0131n!<\/p>\n<p>\u00d6ZL\u00dc S\u00d6ZLER\u0130M<\/p>\n<p>&#8211; &#8220;Her insan kendi T\u00fcrk\u00fcs\u00fcn\u00fc \u00e7\u0131\u011f\u0131r\u0131r!&#8221;<\/p>\n<p>&#8211; &#8220;K\u00fc\u00e7\u00fck d\u00fc\u015f\u00fcnenler b\u00fcy\u00fck i\u015fleri ba\u015faramazlar.&#8221;<\/p>\n","protected":false},"excerpt":{"rendered":"<p>&#8220;Adalet, hakk\u0131 bilmek ve sahibine teslim etmektir. Sosyal adalet ise, nimeti ve k\u00fclfeti hak\u00e7a b\u00f6l\u00fc\u015ft\u00fcrmektir.&#8221; Laf\u0131 uzatmadan s\u00f6yleyeyim! Daha do\u011frusu, son s\u00f6yleyece\u011fimi en ba\u015fta s\u00f6yleyeyim! Bu \u00dclke&#8217;de, ger\u00e7ek anlamda ne adalet var, ne de sosyal adalet&#8230; Adalet olsayd\u0131, kimse haks\u0131zl\u0131ktan, hukuksuzluktan ve adaletsizlikten dert yanmazd\u0131. Adalet olsayd\u0131, adalete olan inan\u00e7 ve g\u00fcven bu kadar dip [&hellip;]<\/p>\n","protected":false},"author":14,"featured_media":97342,"comment_status":"open","ping_status":"open","sticky":false,"template":"","format":"standard","meta":{"footnotes":""},"categories":[47],"tags":[],"class_list":["post-97341","post","type-post","status-publish","format-standard","has-post-thumbnail","hentry","category-erdogan-serin"],"views":190,"_links":{"self":[{"href":"https:\/\/mersingazetesi.com\/index.php\/wp-json\/wp\/v2\/posts\/97341","targetHints":{"allow":["GET"]}}],"collection":[{"href":"https:\/\/mersingazetesi.com\/index.php\/wp-json\/wp\/v2\/posts"}],"about":[{"href":"https:\/\/mersingazetesi.com\/index.php\/wp-json\/wp\/v2\/types\/post"}],"author":[{"embeddable":true,"href":"https:\/\/mersingazetesi.com\/index.php\/wp-json\/wp\/v2\/users\/14"}],"replies":[{"embeddable":true,"href":"https:\/\/mersingazetesi.com\/index.php\/wp-json\/wp\/v2\/comments?post=97341"}],"version-history":[{"count":0,"href":"https:\/\/mersingazetesi.com\/index.php\/wp-json\/wp\/v2\/posts\/97341\/revisions"}],"wp:featuredmedia":[{"embeddable":true,"href":"https:\/\/mersingazetesi.com\/index.php\/wp-json\/wp\/v2\/media\/97342"}],"wp:attachment":[{"href":"https:\/\/mersingazetesi.com\/index.php\/wp-json\/wp\/v2\/media?parent=97341"}],"wp:term":[{"taxonomy":"category","embeddable":true,"href":"https:\/\/mersingazetesi.com\/index.php\/wp-json\/wp\/v2\/categories?post=97341"},{"taxonomy":"post_tag","embeddable":true,"href":"https:\/\/mersingazetesi.com\/index.php\/wp-json\/wp\/v2\/tags?post=97341"}],"curies":[{"name":"wp","href":"https:\/\/api.w.org\/{rel}","templated":true}]}}