{"id":97194,"date":"2025-04-28T10:39:18","date_gmt":"2025-04-28T07:39:18","guid":{"rendered":"https:\/\/mersingazetesi.com\/?p=97194"},"modified":"2025-04-28T10:39:18","modified_gmt":"2025-04-28T07:39:18","slug":"asil-olan-insan-mi-yoksa-kanal-istanbul-mu","status":"publish","type":"post","link":"https:\/\/mersingazetesi.com\/index.php\/2025\/04\/28\/asil-olan-insan-mi-yoksa-kanal-istanbul-mu\/","title":{"rendered":"ASIL OLAN \u0130NSAN MI, YOKSA KANAL \u0130STANBUL MU?!"},"content":{"rendered":"<p>\u0130stanbul, halihaz\u0131r n\u00fcfus y\u00fck\u00fcn\u00fc kald\u0131ram\u0131yor. Halihaz\u0131r n\u00fcfus y\u00fck\u00fcn\u00fc kald\u0131ramad\u0131\u011f\u0131 i\u00e7in de \u015eehir&#8217;de ya\u015fam her ge\u00e7en g\u00fcn biraz daha zorla\u015f\u0131yor. Zorla\u015fman\u0131n da \u00f6tesinde \u00e7o\u011fu zaman \u00e7ileye d\u00f6n\u00fc\u015f\u00fcyor.<br \/>\n\u00d6zellikle ula\u015f\u0131m ve park sorunu insan\u0131 can\u0131ndan bezdiriyor.<br \/>\nBu ger\u00e7e\u011fe ra\u011fmen, Kanal \u0130stanbul&#8217;da inat ve \u0131srar etmek, akla ve bilime inanm\u0131\u015f insanlar\u0131n anlayabilece\u011fi bir \u015fey de\u011fildir.<br \/>\nHaliyle, anlatabilece\u011fi bir \u015fey de de\u011fildir.<br \/>\nKanal \u0130stanbul demek, \u0130stanbul&#8217;un s\u0131rt\u0131na \u00fc\u00e7, d\u00f6rt milyonluk yeni bir n\u00fcfus y\u00fck\u00fcn\u00fc y\u00fcklemek ve \u015eehri iyice ya\u015fan\u0131lamaz bir hale getirmek demektir. \u0130stanbul&#8217;un n\u00fcfusunu azalt\u0131p \u015eehri daha ya\u015fanabilir k\u0131lmak varken, \u015eehrin s\u0131rt\u0131na yeni bir n\u00fcfus y\u00fck\u00fc y\u00fcklemek, \u0130stanbul&#8217;a ve \u0130stanbul Halk\u0131&#8217;na yap\u0131labilecek en b\u00fcy\u00fck k\u00f6t\u00fcl\u00fckt\u00fcr.<br \/>\nAyr\u0131ca, kanal yap\u0131lmak istenen b\u00f6lge, \u015eehrin su kaynaklar\u0131n\u0131n bulundu\u011fu belli ba\u015fl\u0131 b\u00f6lgelerden de biridir.<br \/>\nDahas\u0131, kanal \u00e7evresinde yap\u0131la\u015fmaya a\u00e7\u0131lacak olan yerlerin tamam\u0131 tar\u0131m arazileridir.<br \/>\nKorunmas\u0131 gereken yerlerdir yani.<br \/>\nUzmanlar\u0131n ifadelerine g\u00f6re, \u0130stanbul Bo\u011faz\u0131 gemi ge\u00e7i\u015flerine fazlas\u0131yla yetecek kapasitedir. Dolay\u0131s\u0131yla \u0130stanbul&#8217;un ula\u015f\u0131m ama\u00e7l\u0131 herhangi bir kanala ihtiyac\u0131 yoktur. G\u00f6steri\u015f ama\u00e7l\u0131 bir kanala zaten yoktur.<br \/>\n\u0130stanbul&#8217;un ihtiyac\u0131, \u015eehrin depreme dayan\u0131kl\u0131 bir hale getirilmesidir.<br \/>\n\u015eehir&#8217;de, d\u00f6n\u00fc\u015ft\u00fcr\u00fclmesi gereken bir bu\u00e7uk milyon civar\u0131nda yap\u0131 oldu\u011fu s\u00f6yleniyor.<br \/>\nBu bir bu\u00e7uk milyon yap\u0131n\u0131n da be\u015f y\u00fcz bininin acilen d\u00f6n\u00fc\u015ft\u00fcr\u00fclmesi gerekti\u011finden s\u00f6z ediliyor. Genelde \u00dclke&#8217;yi, yerelde ise \u0130stanbul&#8217;u y\u00f6netme mevki ve sorumlulu\u011funda olanlara d\u00fc\u015fen, \u0130stanbul&#8217;u ivedilikle depreme dayan\u0131kl\u0131 bir hale getirmektir.<br \/>\nT\u00fcm bu ger\u00e7ekler orta yerde dururken ve Millet de ciddi anlamda ge\u00e7im s\u0131k\u0131nt\u0131s\u0131 \u00e7ekerken, sa\u011fdan, soldan faizle al\u0131nan milyar Dolarlar\u0131 gereksiz bir kanala yat\u0131rmak, bu Millet&#8217;in hayat\u0131n\u0131 hi\u00e7e saymakt\u0131r.<br \/>\nAha buraya yaz\u0131yorum ve c\u00fcmle alem de duysun ve bilsin istiyorum!<br \/>\n\u0130stanbul&#8217;a kanal yapmakta inat ve \u0131srar edenleri, Millet affetse tarih affetmeyecektir!<\/p>\n<p>\u00d6ZL\u00dc S\u00d6ZLER\u0130M<\/p>\n<p>&#8211; &#8220;Ak\u0131l ve bilimle y\u00f6netilen \u00fclkeler istiklal m\u00fccadelesi vermek zorunda kalmazlar.&#8221;<\/p>\n<p>&#8211; &#8220;Fele\u011fin, tuzak kurmad\u0131\u011f\u0131 insan yoktur! Tuza\u011fa d\u00fc\u015f\u00fcrmedi\u011fi insan da yoktur.&#8221;<\/p>\n","protected":false},"excerpt":{"rendered":"<p>\u0130stanbul, halihaz\u0131r n\u00fcfus y\u00fck\u00fcn\u00fc kald\u0131ram\u0131yor. Halihaz\u0131r n\u00fcfus y\u00fck\u00fcn\u00fc kald\u0131ramad\u0131\u011f\u0131 i\u00e7in de \u015eehir&#8217;de ya\u015fam her ge\u00e7en g\u00fcn biraz daha zorla\u015f\u0131yor. Zorla\u015fman\u0131n da \u00f6tesinde \u00e7o\u011fu zaman \u00e7ileye d\u00f6n\u00fc\u015f\u00fcyor. \u00d6zellikle ula\u015f\u0131m ve park sorunu insan\u0131 can\u0131ndan bezdiriyor. Bu ger\u00e7e\u011fe ra\u011fmen, Kanal \u0130stanbul&#8217;da inat ve \u0131srar etmek, akla ve bilime inanm\u0131\u015f insanlar\u0131n anlayabilece\u011fi bir \u015fey de\u011fildir. Haliyle, anlatabilece\u011fi bir [&hellip;]<\/p>\n","protected":false},"author":14,"featured_media":95528,"comment_status":"open","ping_status":"open","sticky":false,"template":"","format":"standard","meta":{"footnotes":""},"categories":[47],"tags":[],"class_list":["post-97194","post","type-post","status-publish","format-standard","has-post-thumbnail","hentry","category-erdogan-serin"],"views":152,"_links":{"self":[{"href":"https:\/\/mersingazetesi.com\/index.php\/wp-json\/wp\/v2\/posts\/97194","targetHints":{"allow":["GET"]}}],"collection":[{"href":"https:\/\/mersingazetesi.com\/index.php\/wp-json\/wp\/v2\/posts"}],"about":[{"href":"https:\/\/mersingazetesi.com\/index.php\/wp-json\/wp\/v2\/types\/post"}],"author":[{"embeddable":true,"href":"https:\/\/mersingazetesi.com\/index.php\/wp-json\/wp\/v2\/users\/14"}],"replies":[{"embeddable":true,"href":"https:\/\/mersingazetesi.com\/index.php\/wp-json\/wp\/v2\/comments?post=97194"}],"version-history":[{"count":0,"href":"https:\/\/mersingazetesi.com\/index.php\/wp-json\/wp\/v2\/posts\/97194\/revisions"}],"wp:featuredmedia":[{"embeddable":true,"href":"https:\/\/mersingazetesi.com\/index.php\/wp-json\/wp\/v2\/media\/95528"}],"wp:attachment":[{"href":"https:\/\/mersingazetesi.com\/index.php\/wp-json\/wp\/v2\/media?parent=97194"}],"wp:term":[{"taxonomy":"category","embeddable":true,"href":"https:\/\/mersingazetesi.com\/index.php\/wp-json\/wp\/v2\/categories?post=97194"},{"taxonomy":"post_tag","embeddable":true,"href":"https:\/\/mersingazetesi.com\/index.php\/wp-json\/wp\/v2\/tags?post=97194"}],"curies":[{"name":"wp","href":"https:\/\/api.w.org\/{rel}","templated":true}]}}