{"id":97184,"date":"2025-04-28T10:35:57","date_gmt":"2025-04-28T07:35:57","guid":{"rendered":"https:\/\/mersingazetesi.com\/?p=97184"},"modified":"2025-04-28T10:35:57","modified_gmt":"2025-04-28T07:35:57","slug":"cocuk-koruma-mobil-ekipleri-guven-veriyor","status":"publish","type":"post","link":"https:\/\/mersingazetesi.com\/index.php\/2025\/04\/28\/cocuk-koruma-mobil-ekipleri-guven-veriyor\/","title":{"rendered":"\u00c7OCUK KORUMA MOB\u0130L EK\u0130PLER\u0130 G\u00dcVEN VER\u0130YOR"},"content":{"rendered":"<p>Aile ve Sosyal Hizmetler Bakanl\u0131\u011f\u0131 Mersin \u0130l M\u00fcd\u00fcrl\u00fc\u011f\u00fc b\u00fcnyesinde faaliyet g\u00f6steren &#8216;\u00c7ocuklar G\u00fcvende&#8217; \u00e7ocuk koruma mobil ekipler projesi g\u00fcven vermeye devam ediyor. Proje sayesinde Mersin&#8217;de\u00a0sokakta \u00e7al\u0131\u015fan-\u00e7al\u0131\u015ft\u0131r\u0131lan veya risk alt\u0131nda olan \u00e7ocuklar e\u011fitime ve sosyal hayata kazand\u0131r\u0131l\u0131yor.<br \/>\n\u00c7ocuk Haklar\u0131 faaliyetleriyle birlikte\u00a0sokakta \u00e7al\u0131\u015fana ve aileye ekonomik destek yard\u0131m\u0131 yap\u0131ld\u0131.\u00a0\u00c7ocuklar\u0131n\u00a0soka\u011fa y\u00f6nelmesini \u00f6nleyecek koruyucu \u00f6nleyici tedbirler kapsam\u0131nda da risk alt\u0131nda okula devam eden \u00e7ocuklar\u0131n da aile ziyaretleri yap\u0131larak sosyal \u00a0yard\u0131m ve di\u011fer hizmet modellerinden yararlanmas\u0131 sa\u011flan\u0131yor. Bu kapsamda son iki y\u0131lda toplam 639 aile ziyareti ger\u00e7ekle\u015fti. Mersin Aile ve Sosyal Hizmetler \u0130l M\u00fcd\u00fcrl\u00fc\u011f\u00fc \u0130l \u00c7ocuk Haklar\u0131 ve Mobil Ekipler\u00a0Koordinat\u00f6r\u00fc Mustafa Sar\u0131, &#8220;\u00c7ocuk haklar\u0131 a\u00e7\u0131s\u0131ndan \u00f6nemli yer tutan \u00c7ocuk i\u015f\u00e7ili\u011fi ile m\u00fccadele ve \u00e7ocuklar\u0131n,\u00a0sokakta her t\u00fcrl\u00fc risklerden\u00a0korunmas\u0131 i\u00e7in Mersin&#8217;de \u00f6zel olu\u015fturdu\u011fumuz payda\u015f\u00a0kamu kurumlar\u0131n da kat\u0131l\u0131m\u0131 ile &#8216;\u00c7ocuk Koruma\u2013\u00c7ocuklar G\u00fcvende&#8217; mobil\u00a0ekiplerimiz olu\u015fturuldu. Mersin&#8217;de 13.00-20.00 saatleri aral\u0131\u011f\u0131nda \u00e7al\u0131\u015fmaktad\u0131r. \u0130l M\u00fcd\u00fcrl\u00fc\u011f\u00fcm\u00fcz b\u00fcnyesinde Merkez Mobil ekibimizle n\u00fcfus yo\u011funlu\u011fu olan 5 il\u00e7emizde Sosyal Hizmet Merkezlerimizde olmak \u00fczere 6 Mobil ekibimiz periyodik zamanlarda sahadad\u0131r. Payda\u015f\u00a0kurumlar \u0130l Emniyet M\u00fcd\u00fcrl\u00fc\u011f\u00fc, \u0130l Milli E\u011fitim M\u00fcd\u00fcrl\u00fc\u011f\u00fc,\u00a0B\u00fcy\u00fck\u015fehir ve alt birim belediyeler ,\u0130l Sa\u011fl\u0131k M\u00fcd\u00fcrl\u00fc\u011f\u00fc ve kendi birimlerimizdeki meslek Elemanlar\u0131m\u0131zda , \u00e7al\u0131\u015fmalara destek vermektedir.&#8221; dedi.<\/p>\n<p>&#8220;Mersin Caddeleri&#8217;nde\u00a0afi\u015flerle kamuoyu duyarl\u0131l\u0131\u011f\u0131 yaratma \u00e7al\u0131\u015fmalar\u0131m\u0131z s\u00fcr\u00fcyor&#8221;<\/p>\n<p>Sar\u0131 \u015f\u00f6yle devam etti;&#8221;2005\/5 nolu ba\u015fbakanl\u0131k genelgesiyle, Mersin&#8217;de 2005 y\u0131l\u0131nda ba\u015flat\u0131lan ve T\u00fcrkiye&#8217;ye de \u00f6rnek olan mobil ekipler sayesinde y\u00fczlerce \u00e7ocuk sokaktan kurtar\u0131larak e\u011fitime kazand\u0131r\u0131ld\u0131. Mersin&#8217;de uzun y\u0131llard\u0131r y\u00fcr\u00fct\u00fclen \u00c7ocuk koruma odakl\u0131 projelerle &#8216;\u00c7ocuk \u0130\u015f\u00e7ili\u011fi&#8217; ile m\u00fccadelede b\u00fcy\u00fck mesafeler al\u0131nd\u0131. 2005\/5 Ba\u015fbakanl\u0131k genelgesi kapsam\u0131nda Mersin&#8217;de 2019\/1 nolu Valilik genelgesi yay\u0131mland\u0131. Mersin Valili\u011fi genelgesiyle kamu kurum ve kurulu\u015flar\u0131na ortak sorumluluklar da y\u00fcklendi.\u00a0\u00c7ocuk i\u015f\u00e7ili\u011finin \u00f6nlenmesi \u00e7ocuklar\u0131n soka\u011f\u0131n riskinden korunmas\u0131 i\u00e7in yaz\u0131l\u0131 ve g\u00f6rsel medyada etkin \u015fekilde uyar\u0131 i\u00e7erikli \u00e7al\u0131\u015fmalar y\u00fcr\u00fct\u00fclerek kamuoyu duyarl\u0131l\u0131\u011f\u0131 sa\u011flandi. Ayr\u0131ca Mersin Caddeleri&#8217;nde\u00a0s\u0131k aral\u0131klarla raket afi\u015flerimizle kamuoyu duyarl\u0131l\u0131\u011f\u0131 yaratma \u00e7al\u0131\u015fmalar\u0131m\u0131z s\u00fcrd\u00fcr\u00fclmektedir.\u00a0\u0130l M\u00fcd\u00fcrl\u00fc\u011f\u00fcm\u00fcze ba\u011fl\u0131 \u00c7ocuk Koruma \u0130lk M\u00fcdahale ve De\u011ferlendirme Birimi&#8217;ne gelen ya da getirilen \u00e7ocuklar\u0131n durumu titizlikle incelenmektedir, Mobil ekiplerimiz taraf\u0131ndan sokakta \u00e7al\u0131\u015ft\u0131r\u0131ld\u0131\u011f\u0131 tespit edilen ve su\u00e7a s\u00fcr\u00fcklenme ihtimali olan \u00e7ocuklara ili\u015fkin etkin izleme ve ara\u015ft\u0131rma ve aile incelemeleri yap\u0131lmaktad\u0131r. \u00c7ocuklar\u0131n her t\u00fcrl\u00fc risk ve tehlikelerden korunmas\u0131 i\u00e7in sosyal ve ekonomik destekle psikososyal destek hizmetlerinin de planland\u0131\u011f\u0131 projede sokakta \u00e7al\u0131\u015fan veya \u00e7al\u0131\u015ft\u0131r\u0131lan risk alt\u0131ndaki \u00e7ocuklar\u0131n aileleriyle g\u00f6r\u00fc\u015f\u00fclmektedir. Soka\u011f\u0131n riskleri aile bireylerine hane ziyaretlerin de anlat\u0131l\u0131yor. \u00c7ocu\u011fun mutlaka okuluna sa\u011fl\u0131kl\u0131 bir \u015fekilde devam etmesi vurgulan\u0131yor. Bu \u00e7ocuklar\u0131m\u0131za y\u00f6nelik \u00c7ocuk Haklar\u0131 Komitemiz olmak \u00fczere ilgili birimlerimiz taraf\u0131ndan, \u00e7ocuklar\u0131n da zamanlar\u0131n\u0131 kaliteli ve verimli kullanabilmeleri amac\u0131yla akademik, sosyal, k\u00fclt\u00fcrel ve sportif etkinlikler de d\u00fczenleniyor.\u00a0Sokakta \u00e7al\u0131\u015fmay\u0131 b\u0131rak\u0131p ailesi sosyal yard\u0131ma muhta\u00e7 olan ailelere de \u00c7ocuklar\u0131n\u0131 okula devam etmesini devaml\u0131 k\u0131lmak i\u00e7in Sosyal ve ekonomik destek sa\u011flan\u0131yor.&#8221;<\/p>\n<p>&#8220;Mersin&#8217;in T\u00fcrkiye&#8217;ye \u00f6rnek \u00e7al\u0131\u015fmalar yap\u0131ld\u0131\u011f\u0131n\u0131n takdir edilmesi bizleri mutlu ediyor&#8221;<\/p>\n<p>&#8220;\u00c7ocuk Koruma-\u00c7ocuklar G\u00fcvende Mobil Ekip Projesi&#8221; kapsam\u0131ndaki payda\u015f kurumlar ve \u0130l m\u00fcd\u00fcrl\u00fc\u011f\u00fcm\u00fcz birimleri ile \u00f6zellikle 2025 Y\u0131l\u0131n\u0131n Cumhurba\u015fkan\u0131m\u0131z taraf\u0131ndan Aile Y\u0131l\u0131 olarak ilan edilmesiyle \u00e7al\u0131\u015fmalar\u0131 aile ziyaretleri ve ailenin e\u011fitimi a\u011f\u0131rl\u0131kl\u0131 s\u00fcrd\u00fcrmekteyiz. Amac\u0131m\u0131z sokakta dilenen \u00e7ocuklar\u0131, sokak i\u015f\u00e7ili\u011fini, madde ba\u011f\u0131ml\u0131l\u0131\u011f\u0131 riski ta\u015f\u0131yan \u00e7ocuklar\u0131 ve okula devam etmeyen \u00e7ocuklar\u0131 tespit ederek, aile ziyaretlerinde aileleriyle birlikte de\u011ferlendirerek \u00e7ocu\u011fun y\u00fcksek yarar\u0131n\u0131 \u00f6n planda tutan aile odakl\u0131 g\u00f6r\u00fc\u015fmeler yap\u0131yoruz. Adreslerini tespit ederek aile \u00e7al\u0131\u015fmas\u0131 ve hane ziyaretleri yap\u0131yoruz. Uzmanlar\u0131m\u0131z hane ziyaretlerinde \u00e7ocuklar\u0131n neden okula gitmediklerini, neden sokakta? \u00c7al\u0131\u015ft\u0131klar\u0131 yada \u00e7al\u0131\u015ft\u0131rd\u0131klar\u0131 \u00a0 \u00f6\u011freniyoruz. Gerekli uyar\u0131 ve yasal ayd\u0131nlat\u0131c\u0131 bilgileri veriyoruz. Sosyal inceleme raporlar\u0131 do\u011frultusunda ihtiyac\u0131 olan ailelere sosyal ve ekonomik destekler sa\u011fl\u0131yoruz. Mersin de payda\u015f kurumlarla i\u015fbirli\u011fi sayesinde sokakta \u00e7al\u0131\u015fan veya dilenen \u00e7ocuk say\u0131s\u0131 ciddi oranda azalm\u0131\u015ft\u0131r. Bu \u00e7al\u0131\u015fmalar\u0131m\u0131z\u0131 \u00e7ok ciddiyetle y\u00fcr\u00fct\u00fcyoruz.\u00a0Sokakta \u00e7al\u0131\u015fan ve dilenen \u00e7ocu\u011fa verilen para \u00e7ocu\u011fu soka\u011fa daha da ba\u011f\u0131ml\u0131 hale getirip ailesinden kopuyor. Zamanla sokakta madde ba\u011f\u0131ml\u0131s\u0131 oluyor. \u00c7ocuk su\u00e7lulu\u011funa davetiye \u00e7\u0131kar\u0131yor. Bu nedenle toplum olarak \u00e7ocuklar\u0131m\u0131za mutlaka yard\u0131m etmek istiyorsak, bizlerle ve di\u011fer ilgili kamu kurumlar\u0131 arac\u0131l\u0131\u011f\u0131 ile e\u011fitimlerine destek olabiliriz. \u00c7ocu\u011fun soka\u011fa de\u011fil, ailesi yan\u0131nda okuluna ba\u011fl\u0131 \u00e7ocuklu\u011funu ya\u015fayabilece\u011fi sosyal \u00e7ocuk oyun alanlarda olmalar\u0131n\u0131 istiyoruz. Mersin&#8217;de y\u00fcr\u00fct\u00fclen bu proje 2017 y\u0131l\u0131ndan bu yana sosyal bilgiler kitab\u0131nda ders konusu olarak okutulmas\u0131 Mersin&#8217;in T\u00fcrkiye&#8217;ye \u00f6rnek \u00e7al\u0131\u015fmalar yap\u0131ld\u0131\u011f\u0131n\u0131n takdir edilmesi bizleri mutlu etmektedir.&#8221;<\/p>\n","protected":false},"excerpt":{"rendered":"<p>Aile ve Sosyal Hizmetler Bakanl\u0131\u011f\u0131 Mersin \u0130l M\u00fcd\u00fcrl\u00fc\u011f\u00fc b\u00fcnyesinde faaliyet g\u00f6steren &#8216;\u00c7ocuklar G\u00fcvende&#8217; \u00e7ocuk koruma mobil ekipler projesi g\u00fcven vermeye devam ediyor. Proje sayesinde Mersin&#8217;de\u00a0sokakta \u00e7al\u0131\u015fan-\u00e7al\u0131\u015ft\u0131r\u0131lan veya risk alt\u0131nda olan \u00e7ocuklar e\u011fitime ve sosyal hayata kazand\u0131r\u0131l\u0131yor. \u00c7ocuk Haklar\u0131 faaliyetleriyle birlikte\u00a0sokakta \u00e7al\u0131\u015fana ve aileye ekonomik destek yard\u0131m\u0131 yap\u0131ld\u0131.\u00a0\u00c7ocuklar\u0131n\u00a0soka\u011fa y\u00f6nelmesini \u00f6nleyecek koruyucu \u00f6nleyici tedbirler kapsam\u0131nda da risk [&hellip;]<\/p>\n","protected":false},"author":2,"featured_media":97185,"comment_status":"open","ping_status":"open","sticky":false,"template":"","format":"standard","meta":{"footnotes":""},"categories":[1,8],"tags":[],"class_list":["post-97184","post","type-post","status-publish","format-standard","has-post-thumbnail","hentry","category-gundem","category-mersin"],"views":155,"_links":{"self":[{"href":"https:\/\/mersingazetesi.com\/index.php\/wp-json\/wp\/v2\/posts\/97184","targetHints":{"allow":["GET"]}}],"collection":[{"href":"https:\/\/mersingazetesi.com\/index.php\/wp-json\/wp\/v2\/posts"}],"about":[{"href":"https:\/\/mersingazetesi.com\/index.php\/wp-json\/wp\/v2\/types\/post"}],"author":[{"embeddable":true,"href":"https:\/\/mersingazetesi.com\/index.php\/wp-json\/wp\/v2\/users\/2"}],"replies":[{"embeddable":true,"href":"https:\/\/mersingazetesi.com\/index.php\/wp-json\/wp\/v2\/comments?post=97184"}],"version-history":[{"count":0,"href":"https:\/\/mersingazetesi.com\/index.php\/wp-json\/wp\/v2\/posts\/97184\/revisions"}],"wp:featuredmedia":[{"embeddable":true,"href":"https:\/\/mersingazetesi.com\/index.php\/wp-json\/wp\/v2\/media\/97185"}],"wp:attachment":[{"href":"https:\/\/mersingazetesi.com\/index.php\/wp-json\/wp\/v2\/media?parent=97184"}],"wp:term":[{"taxonomy":"category","embeddable":true,"href":"https:\/\/mersingazetesi.com\/index.php\/wp-json\/wp\/v2\/categories?post=97184"},{"taxonomy":"post_tag","embeddable":true,"href":"https:\/\/mersingazetesi.com\/index.php\/wp-json\/wp\/v2\/tags?post=97184"}],"curies":[{"name":"wp","href":"https:\/\/api.w.org\/{rel}","templated":true}]}}