{"id":97150,"date":"2025-04-27T11:45:28","date_gmt":"2025-04-27T08:45:28","guid":{"rendered":"https:\/\/mersingazetesi.com\/?p=97150"},"modified":"2025-04-27T11:45:28","modified_gmt":"2025-04-27T08:45:28","slug":"mersinli-futbolcu-hollandada-profesyonel-oldu","status":"publish","type":"post","link":"https:\/\/mersingazetesi.com\/index.php\/2025\/04\/27\/mersinli-futbolcu-hollandada-profesyonel-oldu\/","title":{"rendered":"Mersinli futbolcu Hollanda\u2019da profesyonel oldu"},"content":{"rendered":"<div>Mersin do\u011fumlu 19 ya\u015f\u0131ndaki \u0130brahim Ayy\u0131ld\u0131z Hollanda ligi tak\u0131mlar\u0131ndan Fortuna Sittard\u2019a transfer oldu.<br \/>\n6 ya\u015f\u0131nda beri top ko\u015fturan \u0130brahim Ayy\u0131ld\u0131z, Velo Wateringen spor okulunda futbola ba\u015flad\u0131. Daha sonra \u00a0Spartaan 20 Club\u2019e transfer oldu. 14 ya\u015f\u0131nda burada top ko\u015ftururken \u00f6ne \u00e7\u0131kt\u0131 ve Fortuna kendisini ke\u015ffetti ve 17 ya\u015f\u0131nda Fortuna U19 ya\u015f alt\u0131na transfer oldu. \u015eimdi 2 y\u0131l profesyonel olarak kontrat imzalayarak U21 Fortuna Sittard\u2019da top ko\u015fturuyor.<br \/>\nSa\u011f bek ve sa\u011f orta saha oyuncusu \u0130brahim Ayy\u0131ld\u0131z, \u201cAmac\u0131m yeniden T\u00fcrkiye&#8217;ye d\u00f6n\u00fcp \u00fclke futboluna katk\u0131 sa\u011flamakt\u0131r\u201d dedi.<\/p>\n<p>Fortuna Sittard:<br \/>\nFortuna Sittard, Hollanda&#8217;da bulunan bir futbol tak\u0131m\u0131. Kul\u00fcp Hollanda&#8217;n\u0131n Sittard kentinde RKSV Sittardia ve Fortuna&#8217;54 tak\u0131mlar\u0131n birle\u015fmesi sonucunda 1 Temmuz 1968 tarihinde Fortuna-Sittardia Combination olarak kuruldu.<\/p><\/div>\n","protected":false},"excerpt":{"rendered":"<p>Mersin do\u011fumlu 19 ya\u015f\u0131ndaki \u0130brahim Ayy\u0131ld\u0131z Hollanda ligi tak\u0131mlar\u0131ndan Fortuna Sittard\u2019a transfer oldu. 6 ya\u015f\u0131nda beri top ko\u015fturan \u0130brahim Ayy\u0131ld\u0131z, Velo Wateringen spor okulunda futbola ba\u015flad\u0131. Daha sonra \u00a0Spartaan 20 Club\u2019e transfer oldu. 14 ya\u015f\u0131nda burada top ko\u015ftururken \u00f6ne \u00e7\u0131kt\u0131 ve Fortuna kendisini ke\u015ffetti ve 17 ya\u015f\u0131nda Fortuna U19 ya\u015f alt\u0131na transfer oldu. \u015eimdi 2 [&hellip;]<\/p>\n","protected":false},"author":2,"featured_media":97151,"comment_status":"open","ping_status":"open","sticky":false,"template":"","format":"standard","meta":{"footnotes":""},"categories":[6],"tags":[],"class_list":["post-97150","post","type-post","status-publish","format-standard","has-post-thumbnail","hentry","category-spor"],"views":267,"_links":{"self":[{"href":"https:\/\/mersingazetesi.com\/index.php\/wp-json\/wp\/v2\/posts\/97150","targetHints":{"allow":["GET"]}}],"collection":[{"href":"https:\/\/mersingazetesi.com\/index.php\/wp-json\/wp\/v2\/posts"}],"about":[{"href":"https:\/\/mersingazetesi.com\/index.php\/wp-json\/wp\/v2\/types\/post"}],"author":[{"embeddable":true,"href":"https:\/\/mersingazetesi.com\/index.php\/wp-json\/wp\/v2\/users\/2"}],"replies":[{"embeddable":true,"href":"https:\/\/mersingazetesi.com\/index.php\/wp-json\/wp\/v2\/comments?post=97150"}],"version-history":[{"count":0,"href":"https:\/\/mersingazetesi.com\/index.php\/wp-json\/wp\/v2\/posts\/97150\/revisions"}],"wp:featuredmedia":[{"embeddable":true,"href":"https:\/\/mersingazetesi.com\/index.php\/wp-json\/wp\/v2\/media\/97151"}],"wp:attachment":[{"href":"https:\/\/mersingazetesi.com\/index.php\/wp-json\/wp\/v2\/media?parent=97150"}],"wp:term":[{"taxonomy":"category","embeddable":true,"href":"https:\/\/mersingazetesi.com\/index.php\/wp-json\/wp\/v2\/categories?post=97150"},{"taxonomy":"post_tag","embeddable":true,"href":"https:\/\/mersingazetesi.com\/index.php\/wp-json\/wp\/v2\/tags?post=97150"}],"curies":[{"name":"wp","href":"https:\/\/api.w.org\/{rel}","templated":true}]}}