{"id":97045,"date":"2025-04-25T11:43:09","date_gmt":"2025-04-25T08:43:09","guid":{"rendered":"https:\/\/mersingazetesi.com\/?p=97045"},"modified":"2025-04-25T13:32:39","modified_gmt":"2025-04-25T10:32:39","slug":"uc-farkli-istanbul","status":"publish","type":"post","link":"https:\/\/mersingazetesi.com\/index.php\/2025\/04\/25\/uc-farkli-istanbul\/","title":{"rendered":"\u00dc\u00c7 FARKLI \u0130STANBUL!"},"content":{"rendered":"<div>\n<div dir=\"ltr\">\u00dcsk\u00fcdar \u0130l\u00e7e s\u0131n\u0131rlar\u0131 i\u00e7inde yer alan \u00c7aml\u0131ca Tepesi&#8217;ne \u00e7\u0131k\u0131p da \u0130stanbul&#8217;a bakt\u0131\u011f\u0131n\u0131zda, \u00fc\u00e7 farkl\u0131 \u0130stanbul g\u00f6r\u00fcrs\u00fcn\u00fcz. Birbirine hi\u00e7 benzemeyen \u00fc\u00e7 ayr\u0131 \u0130stanbul&#8230;<\/div>\n<div dir=\"ltr\">Birinci \u0130stanbul, ye\u015fil \u0130stanbul&#8217;dur.<\/div>\n<div dir=\"ltr\">\u0130kinci \u0130stanbul, yar\u0131 ye\u015fil \u0130stanbul&#8217;dur.<\/div>\n<div dir=\"ltr\">\u00dc\u00e7\u00fcnc\u00fc \u0130stanbul ise beton \u0130stanbul&#8217;dur.<\/div>\n<div dir=\"ltr\">Ye\u015fil \u0130stanbul, Osmanl\u0131&#8217;dan kalan ve tarihi yerleri i\u00e7inde bar\u0131nd\u0131rd\u0131\u011f\u0131 i\u00e7in yap\u0131la\u015fma d\u0131\u015f\u0131nda tutulan \u0130stanbul&#8217;dur. Tarihi vasf\u0131 nedeniyle korunan \u0130stanbul&#8217;dur yani.<\/div>\n<div dir=\"ltr\">Yar\u0131 ye\u015fil \u0130stanbul, Cumhuriyet&#8217;in ilk y\u0131llar\u0131ndaki anlay\u0131\u015f \u00e7er\u00e7evesinde yap\u0131la\u015fan ve parklar\u0131n\u0131n, bah\u00e7elerinin yan\u0131 s\u0131ra caddeleri ve sokaklar\u0131 da a\u011fa\u00e7larla kapl\u0131 olan \u0130stanbul&#8217;dur.<\/div>\n<div dir=\"ltr\">Beton \u0130stanbul ise son y\u0131llardaki ben yapt\u0131m oldu anlay\u0131\u015f\u0131 \u00e7er\u00e7evesinde yap\u0131la\u015fan ve rant esasl\u0131 olmas\u0131ndan dolay\u0131 da i\u00e7inde zerre kadar ye\u015fil bar\u0131nd\u0131rmayan \u0130stanbul&#8217;dur. Beton \u0130stanbul&#8217;da, insanlar\u0131n nefes alabilecekleri park ve bah\u00e7e gibi mekanlar yoktur. Deprem vb. gibi tabi afetlerde toplanabilecekleri g\u00fcvenli alanlar da yoktur. \u00c7\u00fcnk\u00fc bu i\u015fe uygun alanlar\u0131n neredeyse tamam\u0131na b\u00fcy\u00fck al\u0131\u015fveri\u015f merkezleri yap\u0131lm\u0131\u015ft\u0131r. Bununla da kal\u0131nmam\u0131\u015f, iki yakas\u0131 parklarla bah\u00e7elerle kapl\u0131 olmas\u0131 gereken dere yataklar\u0131 da betona bo\u011fulmu\u015ftur. B\u00fct\u00fcn bunlar\u0131n sonucu olarak da, o yedi tepeli g\u00fczel \u015fehir, adeta bir \u00e7ile \u015fehri haline gelmi\u015ftir. Bu ger\u00e7e\u011fe ra\u011fmen, hal\u00e2 Kanal \u0130stanbul&#8217;da inat ve \u0131srar etmek, \u0130stanbul&#8217;a ve \u0130stanbul Halk\u0131&#8217;na yap\u0131lacak en b\u00fcy\u00fck k\u00f6t\u00fcl\u00fckt\u00fcr.<\/div>\n<div id=\"m_1756928224100628820ms-outlook-mobile-body-separator-line\" dir=\"ltr\"><\/div>\n<\/div>\n<div>\u00a0 \u00a0 \u00a0 \u00a0 \u00a0 \u00a0\u00d6ZL\u00dc S\u00d6ZLER\u0130M<\/div>\n<div dir=\"ltr\"><\/div>\n<div>&#8211; &#8220;Geli\u015fmi\u015f toplumlar ak\u0131ls\u0131z insanlardan korkarken, geli\u015fmemi\u015f toplumlar ak\u0131ll\u0131 insanlardan korkarlar.&#8221;<br \/>\nJ. M. Coetzee<br \/>\n1940 y\u0131l\u0131nda do\u011fan ve 2003 Nobel Edebiyat \u00d6d\u00fcl\u00fc sahibi de olan ve daha sonra Avustralya vatanda\u015fl\u0131\u011f\u0131na ge\u00e7en G\u00fcney Afrikal\u0131 romanc\u0131, deneme yazar\u0131, dil bilimci ve \u00e7evirmendir.- Diktat\u00f6rler bisiklet \u00fczerindedirler ve pedal \u00e7evirmek zorundad\u0131rlar! \u00c7\u00fcnk\u00fc pedal\u0131 \u00e7evirmedikleri takdirde d\u00fc\u015feceklerini bilirler!<\/p>\n<p>&#8211; &#8220;\u0130yilerin de iyisi vard\u0131r! \u0130yilerin iyisi, iyilik yaparken g\u00f6r\u00fcnmeyenlerdir.&#8221;<br \/>\n\u0130yili\u011fi yayanlardan ve \u00e7o\u011faltanlardan olmam\u0131z umut ve dile\u011fimle\u2026<\/p>\n<p>&#8211; &#8220;Ak\u0131ll\u0131 bir devlet \u015fu alt\u0131 \u015feyden sarf\u0131nazar etmez! E\u011fitimden, \u00fcretimden, sa\u011fl\u0131ktan, g\u00fcvenlikten, adaletten ve hak\u00e7a payla\u015f\u0131mdan.&#8221;<\/p>\n<\/div>\n","protected":false},"excerpt":{"rendered":"<p>\u00dcsk\u00fcdar \u0130l\u00e7e s\u0131n\u0131rlar\u0131 i\u00e7inde yer alan \u00c7aml\u0131ca Tepesi&#8217;ne \u00e7\u0131k\u0131p da \u0130stanbul&#8217;a bakt\u0131\u011f\u0131n\u0131zda, \u00fc\u00e7 farkl\u0131 \u0130stanbul g\u00f6r\u00fcrs\u00fcn\u00fcz. Birbirine hi\u00e7 benzemeyen \u00fc\u00e7 ayr\u0131 \u0130stanbul&#8230; Birinci \u0130stanbul, ye\u015fil \u0130stanbul&#8217;dur. \u0130kinci \u0130stanbul, yar\u0131 ye\u015fil \u0130stanbul&#8217;dur. \u00dc\u00e7\u00fcnc\u00fc \u0130stanbul ise beton \u0130stanbul&#8217;dur. Ye\u015fil \u0130stanbul, Osmanl\u0131&#8217;dan kalan ve tarihi yerleri i\u00e7inde bar\u0131nd\u0131rd\u0131\u011f\u0131 i\u00e7in yap\u0131la\u015fma d\u0131\u015f\u0131nda tutulan \u0130stanbul&#8217;dur. Tarihi vasf\u0131 nedeniyle korunan \u0130stanbul&#8217;dur [&hellip;]<\/p>\n","protected":false},"author":14,"featured_media":95528,"comment_status":"open","ping_status":"open","sticky":false,"template":"","format":"standard","meta":{"footnotes":""},"categories":[47],"tags":[],"class_list":["post-97045","post","type-post","status-publish","format-standard","has-post-thumbnail","hentry","category-erdogan-serin"],"views":201,"_links":{"self":[{"href":"https:\/\/mersingazetesi.com\/index.php\/wp-json\/wp\/v2\/posts\/97045","targetHints":{"allow":["GET"]}}],"collection":[{"href":"https:\/\/mersingazetesi.com\/index.php\/wp-json\/wp\/v2\/posts"}],"about":[{"href":"https:\/\/mersingazetesi.com\/index.php\/wp-json\/wp\/v2\/types\/post"}],"author":[{"embeddable":true,"href":"https:\/\/mersingazetesi.com\/index.php\/wp-json\/wp\/v2\/users\/14"}],"replies":[{"embeddable":true,"href":"https:\/\/mersingazetesi.com\/index.php\/wp-json\/wp\/v2\/comments?post=97045"}],"version-history":[{"count":0,"href":"https:\/\/mersingazetesi.com\/index.php\/wp-json\/wp\/v2\/posts\/97045\/revisions"}],"wp:featuredmedia":[{"embeddable":true,"href":"https:\/\/mersingazetesi.com\/index.php\/wp-json\/wp\/v2\/media\/95528"}],"wp:attachment":[{"href":"https:\/\/mersingazetesi.com\/index.php\/wp-json\/wp\/v2\/media?parent=97045"}],"wp:term":[{"taxonomy":"category","embeddable":true,"href":"https:\/\/mersingazetesi.com\/index.php\/wp-json\/wp\/v2\/categories?post=97045"},{"taxonomy":"post_tag","embeddable":true,"href":"https:\/\/mersingazetesi.com\/index.php\/wp-json\/wp\/v2\/tags?post=97045"}],"curies":[{"name":"wp","href":"https:\/\/api.w.org\/{rel}","templated":true}]}}