{"id":96686,"date":"2025-04-21T11:04:23","date_gmt":"2025-04-21T08:04:23","guid":{"rendered":"https:\/\/mersingazetesi.com\/?p=96686"},"modified":"2025-04-21T17:50:05","modified_gmt":"2025-04-21T14:50:05","slug":"iktidar-partisi-kalelerini-kaybediyor","status":"publish","type":"post","link":"https:\/\/mersingazetesi.com\/index.php\/2025\/04\/21\/iktidar-partisi-kalelerini-kaybediyor\/","title":{"rendered":"\u0130KT\u0130DAR PART\u0130S\u0130 KALELER\u0130N\u0130 KAYBED\u0130YOR!"},"content":{"rendered":"<div dir=\"ltr\">\n<p>\u00dclkemizin ya\u015fad\u0131\u011f\u0131 ilk ekonomik kriz de\u011fil bu kriz! Bu \u00dclke, ge\u00e7mi\u015fte de bir\u00e7ok kez ekonomik kriz ya\u015fad\u0131. Fakat ge\u00e7mi\u015fteki ekomik krizlerin hi\u00e7biri toplumu bu kadar derinden sarsmad\u0131.<br \/>\nBu kadar \u00e7aresizlik i\u00e7inde koymad\u0131.<\/p>\n<p>Bu kadar sefil ve peri\u015fan da etmedi.<br \/>\nAn itibariyle emekliler peri\u015fan durumda.<br \/>\nDul ve yetim ayl\u0131\u011f\u0131 alanlar peri\u015fan durumda.<br \/>\nAsgari \u00fccretliler peri\u015fan durumda.<br \/>\n\u00c7ift\u00e7iler peri\u015fan durumda.<br \/>\nK\u00f6yl\u00fcler peri\u015fan durumda.<br \/>\n\u00d6\u011frenciler peri\u015fan durumda.<br \/>\nK\u0131sacas\u0131, toplumun ezici \u00e7o\u011funlu\u011fu peri\u015fan durumda. Hal b\u00f6yle iken, \u0130ktidar her \u015fey g\u00fcll\u00fck g\u00fclistanl\u0131km\u0131\u015f gibi g\u00f6steriyor.<\/p>\n<p>Daha do\u011frusu, b\u00f6yle g\u00f6stermeye \u00e7al\u0131\u015f\u0131yor.\u00a0Gelin g\u00f6r\u00fcn ki, ya\u015fanan ger\u00e7eklik kar\u015f\u0131s\u0131nda yarat\u0131lmak istenen alg\u0131 bo\u015fa \u00e7\u0131k\u0131yor.<br \/>\n\u00c7\u00fcnk\u00fc emekli ve asgari \u00fccretli ald\u0131\u011f\u0131 maa\u015fla ge\u00e7inemiyor.\u00a0\u00c7ift\u00e7iler \u00fcrettiklerinin kar\u015f\u0131l\u0131\u011f\u0131n\u0131 alamad\u0131klar\u0131 i\u00e7in her hasat y\u0131l\u0131n\u0131 zararla kapat\u0131yor.<br \/>\nK\u00f6yl\u00fcler imkans\u0131zl\u0131ktan \u00fcretim yapam\u0131yor.<\/p>\n<p>\u00d6\u011frenciler paras\u0131zl\u0131ktan sefilleri oynuyor.\u00a0Nitekim, ya\u015fanan b\u00fct\u00fcn bu olumsuzluklar Ana Muhalefet Partisi&#8217;nin d\u00fczenledi\u011fi mitinglere de yans\u0131yor.\u00a0\u00d6yle ki, \u0130ktidar&#8217;\u0131n kalesi durumundaki muhafazakar kentlerde yap\u0131lan mitinglerde bile y\u00fcz binler meydanlara \u00e7\u0131k\u0131p \u0130ktidar&#8217;\u0131 korkusuzca protesto ediyor.<\/p>\n<p>Hem de sadece ekonomik nedenlerle de\u011fil, ba\u015fka nedenlerle de protesto ediyor.\u00a0Belli ki, \u0130ktidar&#8217;\u0131n demokrasi, hak ve adalet anlay\u0131\u015f\u0131 vatanda\u015fta rahats\u0131zl\u0131k yarat\u0131yor.\u00a0Vatanda\u015f bu rahats\u0131zl\u0131\u011f\u0131n\u0131 &#8220;Turp\u0131nan, \u015falgam\u0131nan devlet idare idilmez!&#8221; diyerek seksen be\u015f milyona en y\u00fcksek perdeden hayk\u0131r\u0131yor.<br \/>\nBu da, yap\u0131lacak ilk genel se\u00e7imde \u00dclke&#8217;de siyasal de\u011fi\u015fimin ya\u015fanaca\u011f\u0131na i\u015faret ediyor.<br \/>\nO y\u00fczdendir ki, Ana Muhalefet Partisi erken se\u00e7im ve hatta hemen se\u00e7im diye bast\u0131r\u0131yor.\u0130ktidar, bu bast\u0131rmalara ve bask\u0131lara dayanabilir mi ya da ne kadar dayanabilir bilmiyorum?!<\/p>\n<p>Fakat bildi\u011fim bir \u015fey var!\u00a0Bu anlay\u0131\u015fla ne i\u015fler d\u00fczelir, ne ekonomi d\u00fcze \u00e7\u0131kar, ne de vatanda\u015f feraha erer.\u00a0\u0130\u015flerin d\u00fczelmesi ve ekonominin de d\u00fcze \u00e7\u0131kmas\u0131 i\u00e7in \u0130ktidar&#8217;\u0131n hukuk ve demokrasi anlay\u0131\u015f\u0131n\u0131 de\u011fi\u015ftirmesi \u015fart!<\/p>\n<p>\u00d6ZL\u00dc S\u00d6ZLER\u0130M<\/p>\n<p>&#8211; \u201cBir insan\u0131n insani vas\u0131flar bak\u0131m\u0131ndan eri\u015febilece\u011fi en y\u00fcksek mertebe erdemli bir insan olabilmektir.&#8221;<\/p>\n<p>&#8211; \u201cYery\u00fcz\u00fcnde sevginin g\u00fcc\u00fcnden daha g\u00fc\u00e7l\u00fc bir g\u00fc\u00e7 yoktur.&#8221;<\/p>\n<p>&#8211; &#8220;Y\u0131k\u0131lm\u0131\u015f kalenin burcu olmaz!&#8221;<br \/>\nCumhuriyet Kalemizi korumay\u0131 a\u015fk ile s\u00fcrd\u00fcrenlere merhaba!<\/p>\n<p>&#8211; &#8220;Bu d\u00fcnyadaki en bahtiyar insan, do\u011frulu\u011fu, mertli\u011fi, c\u00f6mertli\u011fi ve adaletiyle \u00fcn kazanan insand\u0131r.&#8221;<\/p>\n<p>&#8211; &#8220;En \u00e7ok itibar\u0131 d\u00fc\u015f\u00fcn\u00fcrlerin, sanat\u00e7\u0131lar\u0131n, \u015fairlerin, yazarlar\u0131n, \u00e7izerlerin, bilim insanlar\u0131n\u0131n, \u00e7al\u0131\u015fanlar\u0131n ve \u00fcretenlerin g\u00f6rd\u00fc\u011f\u00fc \u00fclkeler, d\u00fcnyan\u0131n en medeni \u00fclkeleridir.&#8221;<\/p>\n<\/div>\n","protected":false},"excerpt":{"rendered":"<p>\u00dclkemizin ya\u015fad\u0131\u011f\u0131 ilk ekonomik kriz de\u011fil bu kriz! Bu \u00dclke, ge\u00e7mi\u015fte de bir\u00e7ok kez ekonomik kriz ya\u015fad\u0131. Fakat ge\u00e7mi\u015fteki ekomik krizlerin hi\u00e7biri toplumu bu kadar derinden sarsmad\u0131. Bu kadar \u00e7aresizlik i\u00e7inde koymad\u0131. Bu kadar sefil ve peri\u015fan da etmedi. An itibariyle emekliler peri\u015fan durumda. Dul ve yetim ayl\u0131\u011f\u0131 alanlar peri\u015fan durumda. Asgari \u00fccretliler peri\u015fan durumda. [&hellip;]<\/p>\n","protected":false},"author":14,"featured_media":95528,"comment_status":"open","ping_status":"open","sticky":false,"template":"","format":"standard","meta":{"footnotes":""},"categories":[47],"tags":[],"class_list":["post-96686","post","type-post","status-publish","format-standard","has-post-thumbnail","hentry","category-erdogan-serin"],"views":185,"_links":{"self":[{"href":"https:\/\/mersingazetesi.com\/index.php\/wp-json\/wp\/v2\/posts\/96686","targetHints":{"allow":["GET"]}}],"collection":[{"href":"https:\/\/mersingazetesi.com\/index.php\/wp-json\/wp\/v2\/posts"}],"about":[{"href":"https:\/\/mersingazetesi.com\/index.php\/wp-json\/wp\/v2\/types\/post"}],"author":[{"embeddable":true,"href":"https:\/\/mersingazetesi.com\/index.php\/wp-json\/wp\/v2\/users\/14"}],"replies":[{"embeddable":true,"href":"https:\/\/mersingazetesi.com\/index.php\/wp-json\/wp\/v2\/comments?post=96686"}],"version-history":[{"count":0,"href":"https:\/\/mersingazetesi.com\/index.php\/wp-json\/wp\/v2\/posts\/96686\/revisions"}],"wp:featuredmedia":[{"embeddable":true,"href":"https:\/\/mersingazetesi.com\/index.php\/wp-json\/wp\/v2\/media\/95528"}],"wp:attachment":[{"href":"https:\/\/mersingazetesi.com\/index.php\/wp-json\/wp\/v2\/media?parent=96686"}],"wp:term":[{"taxonomy":"category","embeddable":true,"href":"https:\/\/mersingazetesi.com\/index.php\/wp-json\/wp\/v2\/categories?post=96686"},{"taxonomy":"post_tag","embeddable":true,"href":"https:\/\/mersingazetesi.com\/index.php\/wp-json\/wp\/v2\/tags?post=96686"}],"curies":[{"name":"wp","href":"https:\/\/api.w.org\/{rel}","templated":true}]}}