{"id":96518,"date":"2025-04-18T11:34:48","date_gmt":"2025-04-18T08:34:48","guid":{"rendered":"https:\/\/mersingazetesi.com\/?p=96518"},"modified":"2025-04-18T11:34:48","modified_gmt":"2025-04-18T08:34:48","slug":"avrupanin-savunma-sektoru-uzaya-yatirim-yapiyor","status":"publish","type":"post","link":"https:\/\/mersingazetesi.com\/index.php\/2025\/04\/18\/avrupanin-savunma-sektoru-uzaya-yatirim-yapiyor\/","title":{"rendered":"Avrupa\u2019n\u0131n Savunma Sekt\u00f6r\u00fc Uzaya Yat\u0131r\u0131m Yap\u0131yor"},"content":{"rendered":"<p>Ge\u00e7ti\u011fimiz son y\u0131llarda savunma \u015firketleri uzay projelerine kat\u0131l\u0131mlar\u0131n\u0131 art\u0131rd\u0131.<\/p>\n<p>AB d\u00fczeyinde daha fazla birlikte hareket etme ve yat\u0131r\u0131m \u00e7a\u011fr\u0131s\u0131nda bulundular.<\/p>\n<p>Y\u0131llar boyunca geleneksel olarak bir savunma sanayi modeline sahip olan \u015firketler art\u0131k daha fazla savunma sanayisine y\u00f6neliyor.<\/p>\n<p>Uzay ve savunma her zaman birbirleriyle ba\u011flant\u0131l\u0131 olsa da\u00a0yak\u0131n zamana kadar odak noktas\u0131 askeri uzay kabiliyetlerinden ziyade sivil kullan\u0131md\u0131.<\/p>\n<p>Ancak bu durum art\u0131k de\u011fi\u015fmekte.<\/p>\n<p>Viyana merkezli Avrupa Uzay Politikas\u0131 Enstit\u00fcs\u00fc (ESPI) taraf\u0131ndan bir analiz yap\u0131ld\u0131 ve \u015fu \u015fekilde ifade edildi: &#8220;Avrupa&#8217;n\u0131n \u00f6nde gelen uzay \u015firketlerinin bir\u00e7o\u011fu savunma \u015firketlerinin yavrular\u0131 olarak kurulmu\u015f ya da savunma \u015firketlerinin kurumsal yap\u0131lar\u0131na dahil edilmi\u015f olsa da\u00a0bu e\u011filim 2020&#8217;lerin ba\u015f\u0131na kadar d\u00fc\u015f\u00fc\u015fteydi.&#8221;<\/p>\n<p>\u00d6zellikle 2022\u2019nin ortalar\u0131ndan itibaren uzay savunma sanayisine e\u011filim h\u0131zland\u0131. Bu \u015fekilde giderek artan say\u0131da savunma \u015firketi ya \u00f6nceki faaliyetlerini geli\u015ftirdi.<\/p>\n<p>Ya da\u00a0uzay\u0131 yeni bir strateji f\u0131rsat\u0131\u00a0olarak ke\u015ffetmeye ba\u015flad\u0131.<\/p>\n<p>Frans\u0131z Avrupa Parlamentosu \u00fcyesi Christophe\u00a0Grudler\u00a0bu konuda\u00a0\u015fu a\u00e7\u0131klamay\u0131 yapt\u0131:<\/p>\n<p>&#8220;Sava\u015f\u0131n Avrupa&#8217;ya geri d\u00f6n\u00fc\u015f\u00fc, uydu kar\u015f\u0131t\u0131 tehditlerin ortaya \u00e7\u0131k\u0131\u015f\u0131 ve uzay\u0131n di\u011fer g\u00fc\u00e7ler taraf\u0131ndan giderek askersizle\u015ftirilmesi\u00a0bizi uzay\u0131 stratejik \u00f6zerkli\u011fimizin bir aya\u011f\u0131 olarak g\u00f6rmeye zorluyor.&#8221;<\/p>\n<p>Grudler, kendisi\u00a0Avrupa Parlamentosu\u2019nun G\u00f6ky\u00fcz\u00fc ve Uzay konusundaki grubun e\u015f ba\u015fkanl\u0131\u011f\u0131n\u0131 y\u00fcr\u00fctmekte.<\/p>\n<p>\u015eu anda \u00e7ok say\u0131da \u00fclkenin ayr\u0131 ulusal planlar \u00fczerine \u00e7al\u0131\u015ft\u0131\u011f\u0131n\u0131, bununda\u00a0koordinasyon eksikli\u011fi ve par\u00e7alanmaya yol a\u00e7t\u0131\u011f\u0131n\u0131 belirtti.<\/p>\n<p>Grudler son olarak \u015funlar\u0131 s\u00f6yledi:<\/p>\n<p>\u201cDaha Avrupal\u0131 bir yakla\u015f\u0131ma ihtiyac\u0131m\u0131z var ve bu da AB d\u00fczeyinde tasarlanan, finanse edilen ve y\u00f6netilen programlara odaklanmak anlam\u0131na geliyor.&#8221;<\/p>\n","protected":false},"excerpt":{"rendered":"<p>Ge\u00e7ti\u011fimiz son y\u0131llarda savunma \u015firketleri uzay projelerine kat\u0131l\u0131mlar\u0131n\u0131 art\u0131rd\u0131. AB d\u00fczeyinde daha fazla birlikte hareket etme ve yat\u0131r\u0131m \u00e7a\u011fr\u0131s\u0131nda bulundular. Y\u0131llar boyunca geleneksel olarak bir savunma sanayi modeline sahip olan \u015firketler art\u0131k daha fazla savunma sanayisine y\u00f6neliyor. Uzay ve savunma her zaman birbirleriyle ba\u011flant\u0131l\u0131 olsa da\u00a0yak\u0131n zamana kadar odak noktas\u0131 askeri uzay kabiliyetlerinden ziyade sivil [&hellip;]<\/p>\n","protected":false},"author":27,"featured_media":95524,"comment_status":"open","ping_status":"open","sticky":false,"template":"","format":"standard","meta":{"footnotes":""},"categories":[112],"tags":[],"class_list":["post-96518","post","type-post","status-publish","format-standard","has-post-thumbnail","hentry","category-umut-can-erkan"],"views":73,"_links":{"self":[{"href":"https:\/\/mersingazetesi.com\/index.php\/wp-json\/wp\/v2\/posts\/96518","targetHints":{"allow":["GET"]}}],"collection":[{"href":"https:\/\/mersingazetesi.com\/index.php\/wp-json\/wp\/v2\/posts"}],"about":[{"href":"https:\/\/mersingazetesi.com\/index.php\/wp-json\/wp\/v2\/types\/post"}],"author":[{"embeddable":true,"href":"https:\/\/mersingazetesi.com\/index.php\/wp-json\/wp\/v2\/users\/27"}],"replies":[{"embeddable":true,"href":"https:\/\/mersingazetesi.com\/index.php\/wp-json\/wp\/v2\/comments?post=96518"}],"version-history":[{"count":0,"href":"https:\/\/mersingazetesi.com\/index.php\/wp-json\/wp\/v2\/posts\/96518\/revisions"}],"wp:featuredmedia":[{"embeddable":true,"href":"https:\/\/mersingazetesi.com\/index.php\/wp-json\/wp\/v2\/media\/95524"}],"wp:attachment":[{"href":"https:\/\/mersingazetesi.com\/index.php\/wp-json\/wp\/v2\/media?parent=96518"}],"wp:term":[{"taxonomy":"category","embeddable":true,"href":"https:\/\/mersingazetesi.com\/index.php\/wp-json\/wp\/v2\/categories?post=96518"},{"taxonomy":"post_tag","embeddable":true,"href":"https:\/\/mersingazetesi.com\/index.php\/wp-json\/wp\/v2\/tags?post=96518"}],"curies":[{"name":"wp","href":"https:\/\/api.w.org\/{rel}","templated":true}]}}