{"id":96513,"date":"2025-04-18T10:52:41","date_gmt":"2025-04-18T07:52:41","guid":{"rendered":"https:\/\/mersingazetesi.com\/?p=96513"},"modified":"2025-04-18T10:52:41","modified_gmt":"2025-04-18T07:52:41","slug":"mersinde-mart-ayinda-trafige-kayitli-arac-sayisi-4-bin-444","status":"publish","type":"post","link":"https:\/\/mersingazetesi.com\/index.php\/2025\/04\/18\/mersinde-mart-ayinda-trafige-kayitli-arac-sayisi-4-bin-444\/","title":{"rendered":"Mersin&#8217;de Mart ay\u0131nda trafi\u011fe kay\u0131tl\u0131 ara\u00e7 say\u0131s\u0131 4 bin 444"},"content":{"rendered":"<div>T\u00fcrkiye&#8217;de\u00a0Mart ay\u0131nda 195 bin 682 adet ta\u015f\u0131t\u0131n trafi\u011fe kayd\u0131 yap\u0131ld\u0131. Mersin&#8217;de Mart ay\u0131 itibariyle trafi\u011fe kay\u0131tl\u0131 ara\u00e7 say\u0131s\u0131 4 bin 444 oldu.\u00a0Adana&#8217;da Mart ay\u0131 itibariyle trafi\u011fe kay\u0131tl\u0131 ara\u00e7 say\u0131s\u0131 4 bin 966 oldu.<\/div>\n<div>Mart ay\u0131nda trafi\u011fe kayd\u0131 yap\u0131lan ta\u015f\u0131tlar\u0131n y\u00fczde 48,5&#8217;ini otomobil,\u00a0y\u00fczde\u00a036,1&#8217;ini motosiklet,\u00a0y\u00fczde\u00a09,7&#8217;sini\u00a0<wbr \/>kamyonet,\u00a0y\u00fczde\u00a02,5&#8217;ini trakt\u00f6r,\u00a0y\u00fczde\u00a01,9&#8217;unu kamyon,\u00a0y\u00fczde\u00a00,8&#8217;ini\u00a0minib\u00fcs,<wbr \/>\u00a0y\u00fczde\u00a00,4&#8217;\u00fcn\u00fc\u00a0otob\u00fcs ve\u00a0y\u00fczde\u00a00,1&#8217;ini \u00f6zel ama\u00e7l\u0131 ta\u015f\u0131tlar olu\u015fturdu.<\/div>\n<div><\/div>\n<div>Trafi\u011fe kayd\u0131 yap\u0131lan ta\u015f\u0131t say\u0131s\u0131 bir \u00f6nceki aya g\u00f6re\u00a0y\u00fczde\u00a043,0 artt\u0131<\/div>\n<div><\/div>\n<div>Mart ay\u0131nda trafi\u011fe kayd\u0131 yap\u0131lan ta\u015f\u0131t say\u0131s\u0131 bir \u00f6nceki aya g\u00f6re motosiklette\u00a0y\u00fczde\u00a058,2, kamyonette\u00a0y\u00fczde\u00a050,7, otomobilde\u00a0y\u00fczde\u00a038,1, kamyonda\u00a0y\u00fczde\u00a019,6, trakt\u00f6rde\u00a0y\u00fczde\u00a08,7\u00a0artarken\u00a0<wbr \/>otob\u00fcste\u00a0y\u00fczde\u00a025,2, minib\u00fcste\u00a0y\u00fczde\u00a021,3 ve \u00f6zel ama\u00e7l\u0131 ta\u015f\u0131tta\u00a0y\u00fczde\u00a013,0\u00a0azald\u0131.<\/div>\n<div>Mart ay\u0131nda ge\u00e7en y\u0131l\u0131n ayn\u0131 ay\u0131na g\u00f6re trafi\u011fe kayd\u0131 yap\u0131lan ta\u015f\u0131t say\u0131s\u0131 minib\u00fcste\u00a0y\u00fczde 9,3,\u00a0otomobilde\u00a0y\u00fczde\u00a07,0 artarken trakt\u00f6rde\u00a0y\u00fczde\u00a043,1, motosiklette\u00a0y\u00fczde\u00a031,4, \u00f6zel ama\u00e7l\u0131\u00a0ta\u015f\u0131tta\u00a0y\u00fczde\u00a029,4, kamyonda\u00a0y\u00fczde\u00a09,2, otob\u00fcste\u00a0y\u00fczde\u00a08,6 ve kamyonette\u00a0y\u00fczde\u00a03,3 azald\u0131.\u00a0Mart ay\u0131 sonu itibar\u0131yla trafi\u011fe kay\u0131tl\u0131 ta\u015f\u0131tlar\u0131n\u00a0y\u00fczde\u00a051,9&#8217;unu otomobil,\u00a0y\u00fczde 20,1&#8217;ini\u00a0motosiklet,\u00a0y\u00fczde\u00a014,<wbr \/>9&#8217;unu kamyonet,\u00a0y\u00fczde\u00a07,2&#8217;sini trakt\u00f6r,\u00a0y\u00fczde\u00a03,2&#8217;sini kamyon,\u00a0y\u00fczde\u00a01,7&#8217;sini\u00a0<wbr \/>minib\u00fcs,\u00a0y\u00fczde\u00a00,7&#8217;sini otob\u00fcs ve\u00a0y\u00fczde\u00a00,3&#8217;\u00fcn\u00fc \u00f6zel ama\u00e7l\u0131 ta\u015f\u0131tlar olu\u015fturdu.<\/div>\n<div><\/div>\n<div>Mart ay\u0131nda 821 bin 238 adet ta\u015f\u0131t\u0131n devri yap\u0131ld\u0131<\/div>\n<div><\/div>\n<div>Mart ay\u0131nda devri(1) yap\u0131lan ta\u015f\u0131tlar\u0131n\u00a0y\u00fczde\u00a067,6&#8217;s\u0131n\u0131 otomobil,\u00a0y\u00fczde14,6&#8217;s\u0131n\u0131 kamyonet, y\u00fczde10,4&#8217;\u00fcn\u00fc\u00a0motosiklet,\u00a0<wbr \/>y\u00fczde\u00a03,0&#8217;\u0131n\u0131 trakt\u00f6r,\u00a0y\u00fczde\u00a02,0&#8217;\u0131n\u0131 kamyon,\u00a0y\u00fczde\u00a01,7&#8217;sini minib\u00fcs, y\u00fczde\u00a00,5&#8217;ini\u00a0otob\u00fcs\u00a0ve\u00a0y\u00fczde\u00a0<wbr \/>0,2&#8217;sini \u00f6zel ama\u00e7l\u0131 ta\u015f\u0131tlar olu\u015fturdu.<\/div>\n<div><\/div>\n<div>Ocak-Mart d\u00f6neminde bir \u00f6nceki y\u0131l\u0131n ayn\u0131 d\u00f6nemine g\u00f6re trafi\u011fe kayd\u0131 yap\u0131lan ta\u015f\u0131t say\u0131s\u0131\u00a0y\u00fczde\u00a021,4\u00a0azalarak 498 bin 226 adet olurken, trafikten kayd\u0131 silinen ta\u015f\u0131t say\u0131s\u0131\u00a0y\u00fczde 55,9 artarak 10 bin 592 adet oldu. B\u00f6ylece Ocak-Mart d\u00f6neminde trafikteki toplam ta\u015f\u0131t say\u0131s\u0131nda 487 bin 634 adet art\u0131\u015f ger\u00e7ekle\u015fti.<\/div>\n","protected":false},"excerpt":{"rendered":"<p>T\u00fcrkiye&#8217;de\u00a0Mart ay\u0131nda 195 bin 682 adet ta\u015f\u0131t\u0131n trafi\u011fe kayd\u0131 yap\u0131ld\u0131. Mersin&#8217;de Mart ay\u0131 itibariyle trafi\u011fe kay\u0131tl\u0131 ara\u00e7 say\u0131s\u0131 4 bin 444 oldu.\u00a0Adana&#8217;da Mart ay\u0131 itibariyle trafi\u011fe kay\u0131tl\u0131 ara\u00e7 say\u0131s\u0131 4 bin 966 oldu. Mart ay\u0131nda trafi\u011fe kayd\u0131 yap\u0131lan ta\u015f\u0131tlar\u0131n y\u00fczde 48,5&#8217;ini otomobil,\u00a0y\u00fczde\u00a036,1&#8217;ini motosiklet,\u00a0y\u00fczde\u00a09,7&#8217;sini\u00a0kamyonet,\u00a0y\u00fczde\u00a02,5&#8217;ini trakt\u00f6r,\u00a0y\u00fczde\u00a01,9&#8217;unu kamyon,\u00a0y\u00fczde\u00a00,8&#8217;ini\u00a0minib\u00fcs,\u00a0y\u00fczde\u00a00,4&#8217;\u00fcn\u00fc\u00a0otob\u00fcs ve\u00a0y\u00fczde\u00a00,1&#8217;ini \u00f6zel ama\u00e7l\u0131 ta\u015f\u0131tlar olu\u015fturdu. Trafi\u011fe kayd\u0131 yap\u0131lan ta\u015f\u0131t say\u0131s\u0131 [&hellip;]<\/p>\n","protected":false},"author":2,"featured_media":96514,"comment_status":"open","ping_status":"open","sticky":false,"template":"","format":"standard","meta":{"footnotes":""},"categories":[1],"tags":[],"class_list":["post-96513","post","type-post","status-publish","format-standard","has-post-thumbnail","hentry","category-gundem"],"views":75,"_links":{"self":[{"href":"https:\/\/mersingazetesi.com\/index.php\/wp-json\/wp\/v2\/posts\/96513","targetHints":{"allow":["GET"]}}],"collection":[{"href":"https:\/\/mersingazetesi.com\/index.php\/wp-json\/wp\/v2\/posts"}],"about":[{"href":"https:\/\/mersingazetesi.com\/index.php\/wp-json\/wp\/v2\/types\/post"}],"author":[{"embeddable":true,"href":"https:\/\/mersingazetesi.com\/index.php\/wp-json\/wp\/v2\/users\/2"}],"replies":[{"embeddable":true,"href":"https:\/\/mersingazetesi.com\/index.php\/wp-json\/wp\/v2\/comments?post=96513"}],"version-history":[{"count":0,"href":"https:\/\/mersingazetesi.com\/index.php\/wp-json\/wp\/v2\/posts\/96513\/revisions"}],"wp:featuredmedia":[{"embeddable":true,"href":"https:\/\/mersingazetesi.com\/index.php\/wp-json\/wp\/v2\/media\/96514"}],"wp:attachment":[{"href":"https:\/\/mersingazetesi.com\/index.php\/wp-json\/wp\/v2\/media?parent=96513"}],"wp:term":[{"taxonomy":"category","embeddable":true,"href":"https:\/\/mersingazetesi.com\/index.php\/wp-json\/wp\/v2\/categories?post=96513"},{"taxonomy":"post_tag","embeddable":true,"href":"https:\/\/mersingazetesi.com\/index.php\/wp-json\/wp\/v2\/tags?post=96513"}],"curies":[{"name":"wp","href":"https:\/\/api.w.org\/{rel}","templated":true}]}}