{"id":96213,"date":"2025-04-14T15:20:11","date_gmt":"2025-04-14T12:20:11","guid":{"rendered":"https:\/\/mersingazetesi.com\/?p=96213"},"modified":"2025-04-14T15:22:06","modified_gmt":"2025-04-14T12:22:06","slug":"mersinde-cok-sayida-ogretmenin-kadro-disi-birakilmasi-protesto-edildi","status":"publish","type":"post","link":"https:\/\/mersingazetesi.com\/index.php\/2025\/04\/14\/mersinde-cok-sayida-ogretmenin-kadro-disi-birakilmasi-protesto-edildi\/","title":{"rendered":"Mersin\u2019de \u00e7ok say\u0131da \u00f6\u011fretmenin  kadro d\u0131\u015f\u0131 b\u0131rak\u0131lmas\u0131 protesto edildi!"},"content":{"rendered":"<p>SERDAR ERKAN<br \/>\nMill\u00ee E\u011fitim Bakanl\u0131\u011f\u0131\u2019na (MEB) Ba\u011fl\u0131 \u00d6zel Program ve Proje Uygulayan E\u011fitim Kurumlar\u0131na \u00d6\u011fretmen Atama ve Y\u00f6netici G\u00f6revlendirme sonu\u00e7lar\u0131 a\u00e7\u0131kland\u0131. T\u00fcrkiye&#8217;nin bir\u00e7ok kentinde bulunan liselerde \u00e7ok say\u0131da \u00f6\u011fretmen kadro d\u0131\u015f\u0131nda b\u0131rak\u0131ld\u0131. Uygulama kapsam\u0131nda Mersin Yusuf Kalkavan Lisesi\u2019nde 19 \u00f6\u011fretmen kadrosu kald\u0131! Mersin Yusuf Kalkavan Anadolu Lisesi\u2019nde \u00f6\u011frenciler, 19 \u00f6\u011fretmenin g\u00f6revden al\u0131nmas\u0131na kar\u015f\u0131 oturma eylemi yapt\u0131.<\/p>\n<p>\u201cAtama yerleri bile belirsiz!\u201d<\/p>\n<p>Konuyla ilgili yaz\u0131l\u0131 bir a\u00e7\u0131klama yapan \u0130Y\u0130 Parti Mersin \u0130l Ba\u015fkan\u0131 Dr. Ali R\u0131za \u00d6zdeniz, \u201cT\u00fcm T\u00fcrkiye genelinde proje okullarda kadrola\u015fma amac\u0131yla 20 bin civar\u0131nda \u00f6\u011fretmenin hi\u00e7bir kritere bak\u0131lmaks\u0131z\u0131n yer de\u011fi\u015ftirmesi yap\u0131lmaktad\u0131r. Daha \u00f6nce m\u00fcd\u00fcrlerini yanda\u015flardan atad\u0131klar\u0131 okullar\u0131m\u0131zda \u00f6\u011fretmen kadrosunu da yanda\u015flardan olu\u015fturma i\u015fleminin devam\u0131 olan bu giri\u015fim Mersin&#8217;imizde proje okullarda uygulanmaya konulmu\u015ftur. Son olarak Yusuf Kalkavan lisemizde 19 \u00f6\u011fretmen hi\u00e7bir gerek\u00e7e g\u00f6sterilmeden g\u00f6revden al\u0131nm\u0131\u015ft\u0131r. Atama yerleri bile belirsizdir. Buna tepki veren \u00f6\u011frencilerimiz sabah ilk saatte derse girmeyip T\u00fcrk Bayraklar\u0131 ile \u0130stiklal Mar\u015f\u0131 ve Gen\u00e7li\u011fe Hitabeyi okudular. Oturma eylemi yapt\u0131lar. Polis okula gelmi\u015f ama \u00e7ocuklar\u0131m\u0131za kar\u015f\u0131 hi\u00e7bir m\u00fcdahalede bulunmam\u0131\u015ft\u0131r. Nereden haber edildi\u011fini bilmedi\u011fimiz polislerimizin \u00e7ocuklar\u0131m\u0131za kar\u015f\u0131 davran\u0131\u015f ve yakla\u015f\u0131mlar\u0131 a\u00e7\u0131s\u0131ndan te\u015fekk\u00fcr ederiz. T\u00fcrkiye Cumhuriyeti devletinde her \u00f6\u011fretmen k\u0131ymetlidir. \u00d6\u011fretmenin yanda\u015f\u0131 olmaz. Milli E\u011fitim Bakanl\u0131\u011f\u0131 ve yetkililerini \u00f6\u011fretmen ve \u00f6\u011frencilerimizi ma\u011fdur etmemeleri konusunda uyar\u0131yoruz. \u201d dedi.<\/p>\n<p>Hocalar\u0131n\u0131n isimlerini tek tek okudular<\/p>\n<p>Mersin Mezitli \u00c7ankaya Mahallesi&#8217;nde bulunan Yusuf Kalkavan Anadolu Lisesi\u2019nde \u00f6\u011frenciler, tayini \u00e7\u0131kan \u00f6\u011fretmenlerine destek i\u00e7in okul bah\u00e7esinde topland\u0131. \u00d6\u011frenciler, hocalar\u0131n\u0131n isimlerini tek tek okuyarak alk\u0131\u015flarla tepki g\u00f6sterdi.<\/p>\n","protected":false},"excerpt":{"rendered":"<p>SERDAR ERKAN Mill\u00ee E\u011fitim Bakanl\u0131\u011f\u0131\u2019na (MEB) Ba\u011fl\u0131 \u00d6zel Program ve Proje Uygulayan E\u011fitim Kurumlar\u0131na \u00d6\u011fretmen Atama ve Y\u00f6netici G\u00f6revlendirme sonu\u00e7lar\u0131 a\u00e7\u0131kland\u0131. T\u00fcrkiye&#8217;nin bir\u00e7ok kentinde bulunan liselerde \u00e7ok say\u0131da \u00f6\u011fretmen kadro d\u0131\u015f\u0131nda b\u0131rak\u0131ld\u0131. Uygulama kapsam\u0131nda Mersin Yusuf Kalkavan Lisesi\u2019nde 19 \u00f6\u011fretmen kadrosu kald\u0131! Mersin Yusuf Kalkavan Anadolu Lisesi\u2019nde \u00f6\u011frenciler, 19 \u00f6\u011fretmenin g\u00f6revden al\u0131nmas\u0131na kar\u015f\u0131 oturma eylemi [&hellip;]<\/p>\n","protected":false},"author":2,"featured_media":96217,"comment_status":"open","ping_status":"open","sticky":false,"template":"","format":"standard","meta":{"footnotes":""},"categories":[8],"tags":[],"class_list":["post-96213","post","type-post","status-publish","format-standard","has-post-thumbnail","hentry","category-mersin"],"views":186,"_links":{"self":[{"href":"https:\/\/mersingazetesi.com\/index.php\/wp-json\/wp\/v2\/posts\/96213","targetHints":{"allow":["GET"]}}],"collection":[{"href":"https:\/\/mersingazetesi.com\/index.php\/wp-json\/wp\/v2\/posts"}],"about":[{"href":"https:\/\/mersingazetesi.com\/index.php\/wp-json\/wp\/v2\/types\/post"}],"author":[{"embeddable":true,"href":"https:\/\/mersingazetesi.com\/index.php\/wp-json\/wp\/v2\/users\/2"}],"replies":[{"embeddable":true,"href":"https:\/\/mersingazetesi.com\/index.php\/wp-json\/wp\/v2\/comments?post=96213"}],"version-history":[{"count":0,"href":"https:\/\/mersingazetesi.com\/index.php\/wp-json\/wp\/v2\/posts\/96213\/revisions"}],"wp:featuredmedia":[{"embeddable":true,"href":"https:\/\/mersingazetesi.com\/index.php\/wp-json\/wp\/v2\/media\/96217"}],"wp:attachment":[{"href":"https:\/\/mersingazetesi.com\/index.php\/wp-json\/wp\/v2\/media?parent=96213"}],"wp:term":[{"taxonomy":"category","embeddable":true,"href":"https:\/\/mersingazetesi.com\/index.php\/wp-json\/wp\/v2\/categories?post=96213"},{"taxonomy":"post_tag","embeddable":true,"href":"https:\/\/mersingazetesi.com\/index.php\/wp-json\/wp\/v2\/tags?post=96213"}],"curies":[{"name":"wp","href":"https:\/\/api.w.org\/{rel}","templated":true}]}}