{"id":96191,"date":"2025-04-14T11:43:30","date_gmt":"2025-04-14T08:43:30","guid":{"rendered":"https:\/\/mersingazetesi.com\/?p=96191"},"modified":"2025-04-14T11:43:30","modified_gmt":"2025-04-14T08:43:30","slug":"siyasetcinin-gorevi-had-bildirmek-degildir","status":"publish","type":"post","link":"https:\/\/mersingazetesi.com\/index.php\/2025\/04\/14\/siyasetcinin-gorevi-had-bildirmek-degildir\/","title":{"rendered":"S\u0130YASET\u00c7\u0130N\u0130N G\u00d6REV\u0130 HAD B\u0130LD\u0130RMEK DE\u011e\u0130LD\u0130R!"},"content":{"rendered":"<div>Bizim gibi demokrasisi az geli\u015fmi\u015f \u00fclke siyaset\u00e7ilerinin en iyi yapt\u0131klar\u0131 \u015fey(!) siyasi rakiplerine ve uygulamalar\u0131n\u0131 ele\u015ftirenlere ayar vermek ve had bildirmektir.<\/div>\n<div>Oysa ki, siyaset\u00e7ilerin g\u00f6revi bu de\u011fildir!<\/div>\n<div>Siyaset\u00e7ilerin g\u00f6revi, toplumun birikmi\u015f ve ertelenmi\u015f sorunlar\u0131na kafa yormak ve kal\u0131c\u0131 \u00e7\u00f6z\u00fcmler bulmakt\u0131r.<\/div>\n<div>Halk\u0131n yetki vermesi durumunda da bu \u00e7\u00f6z\u00fcmleri hayata ge\u00e7irip halk\u0131 rahatlatmakt\u0131r.<\/div>\n<div>Kendini, yerini ve haddini bilen bir siyaset\u00e7i kimseye ayar vermeye kalkmaz.<\/div>\n<div>Ayar vermeye kalkmad\u0131\u011f\u0131 gibi had de bildirmez.<\/div>\n<div>Peki, ne mi yapar!?<\/div>\n<div>\u00d6ncelikle kendini, yerini ve haddini bilir.<\/div>\n<div>Haddini a\u015fanlar\u0131 da sayg\u0131l\u0131 olmaya davet eder.<\/div>\n<div>Bunu da do\u011fru bir dil ve \u00fcslupla yapar.<\/div>\n<div>Haliyle, do\u011fru bir dil ve \u00fcslup da siyasete seviye katar.<\/div>\n<div>Gelin g\u00f6r\u00fcn ki, Bizde i\u015fler b\u00f6yle olmuyor.<\/div>\n<div>\u0130ktidar g\u00fcc\u00fcn\u00fc elinde bulunduran, ayar vermeyi ve had bildirmeyi marifet san\u0131yor. Marifetin de \u00f6tesinde, kendine tan\u0131nm\u0131\u015f bir hak san\u0131yor.<\/div>\n<div>Muhalefet g\u00fcc\u00fcn\u00fc elinde bulunduranlar da hak hakk\u0131 do\u011furur anlay\u0131\u015f\u0131ndan hareketle benzer \u015feyleri yapmaya ba\u015fl\u0131yor.<\/div>\n<div>O cenahtakiler de dillerine, \u00fcsluplar\u0131na dikkat etmiyor.<\/div>\n<div>Hal b\u00f6yle olunca, ortada dil ve \u00fcslup nam\u0131na bir \u015fey kalm\u0131yor ve siyaset kurumu irtifa \u00fcst\u00fcne irtifa kaybediyor.<\/div>\n<div>Sadece irtifa kaybetmiyor, i\u015f ve hizmet \u00fcretme konusunda da yetersiz kal\u0131yor.<\/div>\n<div>\u00c7\u00fcnk\u00fc at\u0131\u015fmaktan ve didi\u015fmekten i\u015f yapmaya ve hizmet \u00fcretmeye f\u0131rsat bulam\u0131yor.<\/div>\n<div>Daha da k\u00f6t\u00fcs\u00fc, yukar\u0131daki anlay\u0131\u015f tabana yans\u0131y\u0131p, burada da dil ve \u00fcslup bozulmas\u0131na yol a\u00e7\u0131yor. Yukar\u0131daki kadar olmasa bile, a\u015fa\u011f\u0131da da at\u0131\u015fmalar ve didi\u015fmeler oluyor.<\/div>\n<div>Bu da hem birli\u011fimize, b\u00fct\u00fcnl\u00fc\u011f\u00fcm\u00fcze zarar veriyor, hem de g\u00fczel \u00dclkemize g\u00fc\u00e7 ve zaman kaybettiriyor.<br \/>\nHalk\u0131m\u0131z\u0131n ve \u00dclkemizin iyili\u011fi, esenli\u011fi i\u00e7in siyaset\u00e7ilerimizin bu sorunlu anlay\u0131\u015ftan bir an \u00f6nce kurtulmalar\u0131 ve topluma \u00f6rnek olmalar\u0131 laz\u0131m.<\/div>\n<div>Aksi halde ne siyasetimiz olgunla\u015f\u0131r ne demokrasimiz geli\u015fir ne de \u00dclkemiz medenile\u015fir.<br \/>\nUnutmayal\u0131m!<\/div>\n<div>&#8220;Birlikte g\u00fclen toplumlarda sevgi ve karde\u015flik, birbirine g\u00fclen toplumlarda ise nefret ve d\u00fc\u015fmanl\u0131k hakimdir.&#8221;<br \/>\nBirlikte g\u00fclebilen bir toplum olmam\u0131z umut ve dile\u011fimle esen kal\u0131n!<\/div>\n<div><\/div>\n<div>\n<div>\u00a0 \u00a0 \u00a0 \u00a0 \u00a0 \u00a0 \u00a0 \u00a0 PUSULA<\/p>\n<\/div>\n<div>Temel Kaptan tayfalar\u0131 Dursun ve Cemal&#8217;le birlikte g\u00fcnl\u00fck g\u00fcne\u015flik bir havada Karadeniz&#8217;de bal\u0131\u011fa \u00e7\u0131kar. Fakat Karadeniz bu!<\/div>\n<div>Taka k\u0131y\u0131dan epeyce a\u00e7\u0131ld\u0131ktan sonra bir f\u0131rt\u0131na kopar ve g\u00f6z g\u00f6z\u00fc g\u00f6rmez olur.<\/div>\n<div>Durumun vahametini kavrayan Kaptan, Dursun&#8217;a seslenerek,<\/div>\n<div>&#8220;U\u015fa\u011fum! Ha o Kamerataku pisulayu hemen kapip geleysun!&#8221; der.<\/div>\n<div>Dursun pusulay\u0131 kapt\u0131\u011f\u0131 gibi g\u00fcverteye f\u0131rlar, fakat tam o esnada \u015fiddetli bir dalga pusulay\u0131 al\u0131r g\u00f6t\u00fcr\u00fcr.<\/div>\n<div>Dursun bunun \u00fczerine, &#8220;Kaptan! Pisula tenuze t\u00fc\u015ft\u00fc, pa\u015fka ne getureyum?&#8221; der!<\/div>\n<div>Temel Kaptan cevap verir!<br \/>\n-Pa\u015fka ne geturece\u011fsun U\u015fa\u011fum?! Kelime-i \u015eehadet getirun!<\/div>\n<div dir=\"ltr\"><\/div>\n<div>\u00a0 \u00a0 \u00a0 \u00a0 \u00a0 \u00a0\u00d6ZL\u00dc S\u00d6Z\u00dcM<\/div>\n<div>\n&#8220;\u0130hanet edilenler ihanet edenleri asla unutmazlar.&#8221;<\/div>\n<\/div>\n<div><\/div>\n<div>\n<div dir=\"ltr\">&#8211; &#8220;K\u00fc\u00e7\u00fck insanlar kendi \u00e7\u0131karlar\u0131n\u0131, b\u00fcy\u00fck insanlar insanl\u0131\u011f\u0131n \u00e7\u0131kar\u0131n\u0131 d\u00fc\u015f\u00fcn\u00fcrler.&#8221;<\/div>\n<\/div>\n","protected":false},"excerpt":{"rendered":"<p>Bizim gibi demokrasisi az geli\u015fmi\u015f \u00fclke siyaset\u00e7ilerinin en iyi yapt\u0131klar\u0131 \u015fey(!) siyasi rakiplerine ve uygulamalar\u0131n\u0131 ele\u015ftirenlere ayar vermek ve had bildirmektir. Oysa ki, siyaset\u00e7ilerin g\u00f6revi bu de\u011fildir! Siyaset\u00e7ilerin g\u00f6revi, toplumun birikmi\u015f ve ertelenmi\u015f sorunlar\u0131na kafa yormak ve kal\u0131c\u0131 \u00e7\u00f6z\u00fcmler bulmakt\u0131r. Halk\u0131n yetki vermesi durumunda da bu \u00e7\u00f6z\u00fcmleri hayata ge\u00e7irip halk\u0131 rahatlatmakt\u0131r. Kendini, yerini ve haddini [&hellip;]<\/p>\n","protected":false},"author":14,"featured_media":95528,"comment_status":"open","ping_status":"open","sticky":false,"template":"","format":"standard","meta":{"footnotes":""},"categories":[47],"tags":[],"class_list":["post-96191","post","type-post","status-publish","format-standard","has-post-thumbnail","hentry","category-erdogan-serin"],"views":189,"_links":{"self":[{"href":"https:\/\/mersingazetesi.com\/index.php\/wp-json\/wp\/v2\/posts\/96191","targetHints":{"allow":["GET"]}}],"collection":[{"href":"https:\/\/mersingazetesi.com\/index.php\/wp-json\/wp\/v2\/posts"}],"about":[{"href":"https:\/\/mersingazetesi.com\/index.php\/wp-json\/wp\/v2\/types\/post"}],"author":[{"embeddable":true,"href":"https:\/\/mersingazetesi.com\/index.php\/wp-json\/wp\/v2\/users\/14"}],"replies":[{"embeddable":true,"href":"https:\/\/mersingazetesi.com\/index.php\/wp-json\/wp\/v2\/comments?post=96191"}],"version-history":[{"count":0,"href":"https:\/\/mersingazetesi.com\/index.php\/wp-json\/wp\/v2\/posts\/96191\/revisions"}],"wp:featuredmedia":[{"embeddable":true,"href":"https:\/\/mersingazetesi.com\/index.php\/wp-json\/wp\/v2\/media\/95528"}],"wp:attachment":[{"href":"https:\/\/mersingazetesi.com\/index.php\/wp-json\/wp\/v2\/media?parent=96191"}],"wp:term":[{"taxonomy":"category","embeddable":true,"href":"https:\/\/mersingazetesi.com\/index.php\/wp-json\/wp\/v2\/categories?post=96191"},{"taxonomy":"post_tag","embeddable":true,"href":"https:\/\/mersingazetesi.com\/index.php\/wp-json\/wp\/v2\/tags?post=96191"}],"curies":[{"name":"wp","href":"https:\/\/api.w.org\/{rel}","templated":true}]}}