{"id":96110,"date":"2025-04-13T10:54:52","date_gmt":"2025-04-13T07:54:52","guid":{"rendered":"https:\/\/mersingazetesi.com\/?p=96110"},"modified":"2025-04-13T10:54:52","modified_gmt":"2025-04-13T07:54:52","slug":"bu-egitim-sistemiyle-ulke-duze-cikmaz","status":"publish","type":"post","link":"https:\/\/mersingazetesi.com\/index.php\/2025\/04\/13\/bu-egitim-sistemiyle-ulke-duze-cikmaz\/","title":{"rendered":"BU E\u011e\u0130T\u0130M S\u0130STEM\u0130YLE \u00dcLKE D\u00dcZE \u00c7IKMAZ!"},"content":{"rendered":"<div dir=\"auto\">Bu \u00dclke&#8217;nin d\u00fczelmesi ve d\u00fcze \u00e7\u0131kmas\u0131 i\u00e7in temel e\u011fitim sisteminin silba\u015ftan de\u011fi\u015ftirilmesi \u015fart!<\/div>\n<div dir=\"auto\">\u00c7\u00fcnk\u00fc bug\u00fcnk\u00fc ezberci, dayatmac\u0131, yar\u0131\u015ft\u0131rmac\u0131 ve toku\u015fturmac\u0131 e\u011fitim sistemiyle bu \u00dclke d\u00fczelmez.<\/div>\n<div dir=\"auto\">D\u00fczelmesi i\u00e7in \u00e7ocuklar\u0131n hayallerinin olmas\u0131 laz\u0131m. Mevcut e\u011fitim sistemi \u00e7ocuklara hayal kurdurmaktan olduk\u00e7a uzak. Oysa ki, bir \u00fclkenin gelece\u011fi o \u00fclke \u00e7ocuklar\u0131n\u0131n hayallerinde sakl\u0131d\u0131r.<\/div>\n<div dir=\"auto\">Bir e\u011fitim sisteminin soru sorma ve hayal kurma becerisi kazand\u0131rmas\u0131 ve merak uyand\u0131r\u0131p \u00fcmit ve heyecan yaratmas\u0131 laz\u0131m. Ayr\u0131ca, \u00e7a\u011f\u0131n gereklerine ve toplumun ihtiya\u00e7lar\u0131na da uygun olmas\u0131 laz\u0131m.<\/div>\n<div dir=\"auto\">En \u00f6nemlisi de laik ve bilimsel olmas\u0131 laz\u0131m.<\/div>\n<div dir=\"auto\">Bizim e\u011fitim sistemimiz \u00e7a\u011f\u0131n gereklerine ve toplumun ihtiya\u00e7lar\u0131na uygun olmad\u0131\u011f\u0131 gibi, laik de de\u011fildir.<\/div>\n<div dir=\"auto\">\u0130yi bir e\u011fitim i\u00e7in 4+4+4 denilen bug\u00fcnk\u00fc ucube sistemden vazge\u00e7memiz ve temel e\u011fitimi ilk\u00f6\u011fretim ve orta\u00f6\u011fretim \u015feklinde yeniden yap\u0131land\u0131rmam\u0131z laz\u0131m.<\/div>\n<div dir=\"auto\">Bu yeni yap\u0131lanman\u0131n ilk alt\u0131 y\u0131l\u0131 ilk\u00f6\u011fretim, ikinci alt\u0131 y\u0131l\u0131 ise orta\u00f6\u011fretim olmal\u0131d\u0131r. \u0130lk\u00f6\u011fretimin ilk bir y\u0131l\u0131 da ana s\u0131n\u0131f\u0131 e\u011fitimini kapsamal\u0131d\u0131r.<\/div>\n<div dir=\"auto\">E\u011fitimin iki ana amac\u0131 vard\u0131r! Bu ama\u00e7lardan biri insana bilgi ve beceri kazand\u0131rmakt\u0131r.<\/div>\n<div dir=\"auto\">Di\u011fer amac\u0131 da insan\u0131 hayata haz\u0131rlamak ve toplumda uyum i\u00e7inde ya\u015famas\u0131n\u0131 sa\u011flamakt\u0131r.<\/div>\n<div dir=\"auto\">O y\u00fczdendir ki, on iki y\u0131ll\u0131k temel e\u011fitim s\u00fcresince al\u0131\u015fkanl\u0131k kazand\u0131rma dersi ile sa\u011fl\u0131k, \u00e7evre ve trafik dersleri zorunlu dersler aras\u0131nda yer almal\u0131d\u0131r.<\/div>\n<div dir=\"auto\">Be\u015f ya\u015f\u0131n\u0131 dolduran her \u00e7ocu\u011fun ana s\u0131n\u0131f\u0131na gitmesi de zorunlu hale getirilmelidir. Ana s\u0131n\u0131f\u0131nda, ki\u015fisel geli\u015fimin yan\u0131 s\u0131ra okula al\u0131\u015ft\u0131rma ve uyum e\u011fitimi esas olmal\u0131d\u0131r.<\/div>\n<div dir=\"auto\">Alt\u0131 y\u0131ll\u0131k ilk\u00f6\u011fretimin son y\u0131l\u0131 da yetenek \u00f6l\u00e7me ve alan se\u00e7me s\u0131n\u0131f\u0131 olmal\u0131d\u0131r.<\/div>\n<div dir=\"auto\">Bu s\u0131n\u0131fta \u00e7ocuklar\u0131n yetenekleri ve ana ilgi alanlar\u0131 belirlenip, buna uygun orta\u00f6\u011fretim kurumlar\u0131na gitmeleri sa\u011flanmal\u0131d\u0131r.<\/div>\n<div dir=\"auto\">Orta\u00f6\u011fretim kurumlar\u0131 da fen liseleri, anadolu liseleri ve meslek liselerinden olu\u015fmal\u0131d\u0131r.<\/div>\n<div dir=\"auto\">Hangi amaca hizmet etti\u011fi belli olmayan bug\u00fcnk\u00fc d\u00fcz lise uygulamas\u0131na da son verilmelidir.<\/div>\n<div dir=\"auto\">Orta\u00f6\u011fretim d\u00f6rd\u00fcnc\u00fc s\u0131n\u0131ftan itibaren felsefe dersleri de zorunlu olmal\u0131d\u0131r. \u00c7\u00fcnk\u00fc e\u011fitimde esas olan akl\u0131n e\u011fitilmesidir. E\u011fitimde esas olan, d\u00fc\u015f\u00fcnen, d\u00fc\u015f\u00fcnd\u00fcren, soran, sorgulayan ve gerekti\u011finde itiraz edebilen ve hesap vermeyi g\u00f6rev bilen bireylerin yeti\u015ftirilmesidir. Bu da ancak, en b\u00fcy\u00fck zihinsel etkinlik olan felsefeyle m\u00fcmk\u00fcnd\u00fcr.<\/div>\n<div dir=\"auto\">Ku\u015fkusuz ki, e\u011fitimin niteli\u011fi kadar tabana yay\u0131lmas\u0131 da \u00f6nemlidir.<\/div>\n<div dir=\"auto\">Bunu sa\u011flamak i\u00e7in de k\u00f6y okullar\u0131n\u0131n yeniden a\u00e7\u0131lmas\u0131 gerekir.<\/div>\n<div dir=\"auto\">Tamam\u0131 olmasa bile, merkezi yerlerdeki k\u00f6y okullar\u0131n\u0131n a\u00e7\u0131larak, k\u00f6ylerin canland\u0131r\u0131lmas\u0131 ve \u00fcretim \u00e7ark\u0131n\u0131n i\u00e7ine sokulmas\u0131 laz\u0131m.<\/div>\n<div dir=\"auto\">\u00c7\u00fcnk\u00fc k\u00f6y\u00fcn havas\u0131n\u0131 solumayan \u00e7ocuklar k\u00f6yde ya\u015famak istemiyorlar.<\/div>\n<div dir=\"auto\">Bu da, t\u0131pk\u0131 bug\u00fcn oldu\u011fu gibi, k\u00f6ylerimizin ya\u015fl\u0131lar ve emekliler yurduna d\u00f6n\u00fc\u015fmesine ve en verimli topraklar\u0131m\u0131zla meralar\u0131m\u0131z\u0131n at\u0131l durumda kalmas\u0131na yol a\u00e7\u0131yor.<\/div>\n<div dir=\"auto\">Unutmayal\u0131m!<\/div>\n<div dir=\"auto\">\u00dcretimin niceli\u011fini ve niteli\u011fini belirleyen en temel unsur e\u011fitimdir.<\/div>\n<div dir=\"auto\">\u0130yi bir e\u011fitim olmadan kalk\u0131nma da refah da olmaz. Kalk\u0131nmam\u0131\u015f ve refaha kavu\u015fmam\u0131\u015f \u00fclkeler de medeni \u00fclkeler aras\u0131nda yer alamaz.<\/div>\n<div dir=\"auto\"><\/div>\n<div dir=\"auto\">D\u00dcNYANIN EN \u00dcNL\u00dc BE\u015e YASASI!<\/div>\n<div dir=\"auto\"><\/div>\n<div dir=\"auto\">1-MURPHY YASASI:<\/div>\n<div dir=\"auto\">Bir \u015feyin olmas\u0131ndan ne kadar korkarsan\u0131z, o \u015feyin olma ihtimali o kadar artar.<\/div>\n<div dir=\"auto\"><\/div>\n<div dir=\"auto\">2-K\u0130DL\u0130N YASASI:<\/div>\n<div dir=\"auto\">Bir problemi a\u00e7\u0131k ve net bir bi\u00e7imde yazarsan\u0131z, o problemi \u00e7\u00f6zm\u00fc\u015f olursunuz.<\/div>\n<div dir=\"auto\"><\/div>\n<div dir=\"auto\">3-G\u0130LBERT YASASI:<\/div>\n<div dir=\"auto\">Bir i\u015fi ya da g\u00f6revi \u00fcstlendi\u011finizde, istedi\u011finiz sonuca ula\u015fmak i\u00e7in en iyi ve en do\u011fru yolu bulmak tamamen kendi sorumlulu\u011funuzdad\u0131r.<\/div>\n<div dir=\"auto\"><\/div>\n<div dir=\"auto\">4-W\u0130LSON YASASI:<\/div>\n<div dir=\"auto\">Bilgiye ve zekaya de\u011fer verirseniz, para gelmeye devam edecektir.<\/div>\n<div dir=\"auto\"><\/div>\n<div dir=\"auto\">5-FALKLAND YASASI:<\/div>\n<div dir=\"auto\">Bir \u015fey hakk\u0131nda karar vermek zorunda de\u011filseniz, o \u015fey hakk\u0131nda karar vermeyin!<\/div>\n<div dir=\"auto\"><\/div>\n<div dir=\"auto\">\u00a0 \u00a0 \u00a0 \u00a0 \u00a0\u00d6ZL\u00dc S\u00d6ZLER\u0130M<\/div>\n<div dir=\"auto\"><\/div>\n<div dir=\"auto\">&#8211; &#8220;Sava\u015flar\u0131n en kutsal\u0131, zalimlere ve hainlere kar\u015f\u0131 verilen sava\u015ft\u0131r.&#8221;<\/div>\n<div dir=\"auto\"><\/div>\n<div dir=\"auto\">&#8211; &#8220;Bir insan\u0131 umutsuzlu\u011fa d\u00fc\u015f\u00fcren \u015fey, g\u00fczellikleri g\u00f6rebilme ve zorluklar\u0131 a\u015fabilme yetene\u011finden yoksun olmas\u0131d\u0131r.&#8221;<\/div>\n","protected":false},"excerpt":{"rendered":"<p>Bu \u00dclke&#8217;nin d\u00fczelmesi ve d\u00fcze \u00e7\u0131kmas\u0131 i\u00e7in temel e\u011fitim sisteminin silba\u015ftan de\u011fi\u015ftirilmesi \u015fart! \u00c7\u00fcnk\u00fc bug\u00fcnk\u00fc ezberci, dayatmac\u0131, yar\u0131\u015ft\u0131rmac\u0131 ve toku\u015fturmac\u0131 e\u011fitim sistemiyle bu \u00dclke d\u00fczelmez. D\u00fczelmesi i\u00e7in \u00e7ocuklar\u0131n hayallerinin olmas\u0131 laz\u0131m. Mevcut e\u011fitim sistemi \u00e7ocuklara hayal kurdurmaktan olduk\u00e7a uzak. Oysa ki, bir \u00fclkenin gelece\u011fi o \u00fclke \u00e7ocuklar\u0131n\u0131n hayallerinde sakl\u0131d\u0131r. Bir e\u011fitim sisteminin soru sorma ve [&hellip;]<\/p>\n","protected":false},"author":14,"featured_media":95528,"comment_status":"open","ping_status":"open","sticky":false,"template":"","format":"standard","meta":{"footnotes":""},"categories":[47],"tags":[],"class_list":["post-96110","post","type-post","status-publish","format-standard","has-post-thumbnail","hentry","category-erdogan-serin"],"views":159,"_links":{"self":[{"href":"https:\/\/mersingazetesi.com\/index.php\/wp-json\/wp\/v2\/posts\/96110","targetHints":{"allow":["GET"]}}],"collection":[{"href":"https:\/\/mersingazetesi.com\/index.php\/wp-json\/wp\/v2\/posts"}],"about":[{"href":"https:\/\/mersingazetesi.com\/index.php\/wp-json\/wp\/v2\/types\/post"}],"author":[{"embeddable":true,"href":"https:\/\/mersingazetesi.com\/index.php\/wp-json\/wp\/v2\/users\/14"}],"replies":[{"embeddable":true,"href":"https:\/\/mersingazetesi.com\/index.php\/wp-json\/wp\/v2\/comments?post=96110"}],"version-history":[{"count":0,"href":"https:\/\/mersingazetesi.com\/index.php\/wp-json\/wp\/v2\/posts\/96110\/revisions"}],"wp:featuredmedia":[{"embeddable":true,"href":"https:\/\/mersingazetesi.com\/index.php\/wp-json\/wp\/v2\/media\/95528"}],"wp:attachment":[{"href":"https:\/\/mersingazetesi.com\/index.php\/wp-json\/wp\/v2\/media?parent=96110"}],"wp:term":[{"taxonomy":"category","embeddable":true,"href":"https:\/\/mersingazetesi.com\/index.php\/wp-json\/wp\/v2\/categories?post=96110"},{"taxonomy":"post_tag","embeddable":true,"href":"https:\/\/mersingazetesi.com\/index.php\/wp-json\/wp\/v2\/tags?post=96110"}],"curies":[{"name":"wp","href":"https:\/\/api.w.org\/{rel}","templated":true}]}}