{"id":95937,"date":"2025-04-10T11:34:19","date_gmt":"2025-04-10T08:34:19","guid":{"rendered":"https:\/\/mersingazetesi.com\/?p=95937"},"modified":"2025-04-10T11:34:19","modified_gmt":"2025-04-10T08:34:19","slug":"bunu-da-gorduk-ya","status":"publish","type":"post","link":"https:\/\/mersingazetesi.com\/index.php\/2025\/04\/10\/bunu-da-gorduk-ya\/","title":{"rendered":"BUNU DA G\u00d6RD\u00dcK YA!"},"content":{"rendered":"<div>Uzay\u0131p giden bir kuyruk.<br \/>\nKuyruktakilerin ezici \u00e7o\u011funlu\u011fu da altm\u0131\u015f be\u015flik!<br \/>\nKambur gibi g\u00f6r\u00fcp s\u00fcr\u00fcnmeye mahkum etti\u011fimiz emekliler yani.<br \/>\nMerak edip &#8220;Ne kuyru\u011fu bu?&#8221; diye sordum!<br \/>\n&#8220;Ucuz yumurta kuyru\u011fu&#8221; dediler!<br \/>\nDo\u011frusu, r\u00fcyamda g\u00f6rsem inanmazd\u0131m.<br \/>\n\u00c7\u00fcnk\u00fc inan\u0131l\u0131r gibi de\u011fil.<br \/>\nGelin g\u00f6r\u00fcn ki ger\u00e7ek.<br \/>\nBu \u00dclke nas\u0131l oldu da bu hale geldi(?) anlamak m\u00fcmk\u00fcn de\u011fil!<br \/>\n\u0130nsanlar, ne oldu da ucuz et kuyru\u011fundan sonra ucuz yumurta kuyru\u011funa mecbur ve mahkum edildiler?<br \/>\nNe oldu da elli, altm\u0131\u015f yumurta i\u00e7in bu uzun ve yorucu kuyruklarda \u00f6m\u00fcr t\u00fcketmek kaderleri oldu?<br \/>\nBu \u00dclke&#8217;de insanlar\u0131n et ve yumurta kuyruklar\u0131nda \u00f6m\u00fcr t\u00fcketmek zorunda kalmalar\u0131 akla zarard\u0131r.<br \/>\nAyr\u0131ca, \u00dclke&#8217;yi y\u00f6netme mevki ve sorumlulu\u011funda olan siyasiler i\u00e7in de \u00e7ok b\u00fcy\u00fck ay\u0131pt\u0131r.<br \/>\nBir \u00fclkenin hi\u00e7 mi tar\u0131m ve hayvanc\u0131l\u0131k politikas\u0131 olmaz?<br \/>\nD\u0131\u015far\u0131dan gemiler dolusu angus (b\u00fcy\u00fckba\u015f hayvan) getirilmese, kasaplarda ve et marketlerinde et bulamayaca\u011f\u0131z.<br \/>\n\u015eu i\u015fe bak\u0131n ki, zincir marketlerde sat\u0131lan kuru so\u011fanlar bile ithal.<br \/>\nVe hatta, Tar\u0131m Kredi Marketlerinde sat\u0131lanlar da \u00f6yle.<br \/>\nTahin yap\u0131p, ambalaj\u0131nda T\u00fcrk tar\u0131m \u00fcreticisine \u00f6vg\u00fcler d\u00fcz\u00fcyoruz ama, o tahinlerde kulland\u0131\u011f\u0131m\u0131z susamlar da ithal.<br \/>\nNohut ithal, mercimek ithal, pirin\u00e7 ithal.<br \/>\nK\u0131sacas\u0131, sofralar\u0131m\u0131zda t\u00fcketti\u011fimiz bir\u00e7ok tar\u0131msal \u00fcr\u00fcn ve g\u0131da maddesi ithal.<br \/>\nEl insaf yani!<br \/>\nBu kadar verimli topraklara sahip bir \u00dclke&#8217;de b\u00f6yle \u015fey mi olur?<br \/>\n\u00c7ift\u00e7imize ve k\u00f6yl\u00fcm\u00fcze gerekli deste\u011fi verip kendimiz \u00fcretmek varken, niye d\u0131\u015far\u0131dan tar\u0131msal ve hayvansal \u00fcr\u00fcn ithal ederiz acaba?!<br \/>\nBir yetkili \u00e7\u0131k\u0131p, bundan murat nedir(?) anlatsa da anlasak!<br \/>\nAnlasak da, kafam\u0131z\u0131 ba\u015fka dert ve sorunlar\u0131m\u0131za yorsak!<br \/>\nE\u011fitime kafa yorsak mesela!<br \/>\nSa\u011fl\u0131\u011fa kafa yorsak!<br \/>\nG\u00fcvenli\u011fe kafa yorsak!<br \/>\nAdalete kafa yorsak!<br \/>\nD\u0131\u015f politikaya kafa yorsak!<br \/>\n\u00dclkemizi ileri demokrasiye nas\u0131l ta\u015f\u0131r\u0131z, hukukumuzu evrensel norm ve standartlara nas\u0131l kavu\u015ftururuz (?) bu ve bunun gibi meselelere kafa yorsak!<\/div>\n<div dir=\"ltr\"><\/div>\n<div>G\u00d6N\u00dcL \u00c7ALAB&#8217;IN TAHTI<\/div>\n<div>\nMiskinlikte buldular<br \/>\nKimde erlik var ise?!<br \/>\nMerdivenden ittiler<br \/>\nY\u00fcksekten bakar ise?!<\/p>\n<p>G\u00f6n\u00fcl y\u00fcksekte gezer<br \/>\nDaima yoldan azar<br \/>\nD\u0131\u015f y\u00fcz\u00fcne o s\u0131zar<br \/>\n\u0130\u00e7inde ne var ise?!<\/p>\n<p>Ak sakall\u0131 pir hoca<br \/>\nHi\u00e7 bilmez ki hal nice?<br \/>\nEmek vermesin hacca!<br \/>\nBir g\u00f6n\u00fcl y\u0131kar ise?!<\/p>\n<p>Sa\u011f\u0131r i\u015fitmez s\u00f6z\u00fc<br \/>\nGece sanar g\u00fcnd\u00fcz\u00fc<br \/>\nK\u00f6rd\u00fcr m\u00fcnkirin (inkarc\u0131n\u0131n) g\u00f6z\u00fc!<br \/>\nAlem m\u00fcnevver ise?!<\/p>\n<p>G\u00f6n\u00fcl \u00c7alab&#8217;\u0131n (Tanr\u0131&#8217;n\u0131n) taht\u0131!<br \/>\n\u00c7alap g\u00f6n\u00fcle bakt\u0131!<br \/>\n\u0130ki cihan bedbaht\u0131 (mutsuzu)<br \/>\nKim g\u00f6n\u00fcl y\u0131kar ise?!<\/p>\n<p>Az s\u00f6z erin y\u00fck\u00fcd\u00fcr!<br \/>\n\u00c7ok s\u00f6z hayvan y\u00fck\u00fcd\u00fcr!<br \/>\nBiline (bilinen) bir s\u00f6z yeter!<br \/>\nSende cevher var ise?!<\/p>\n<p>Sen sana ne san\u0131rsan (ne lay\u0131k g\u00f6r\u00fcrsen)?!<br \/>\nAyru\u011fa da (yabanc\u0131ya da) onu san!<br \/>\nD\u00f6rt Kitab\u0131n manas\u0131<br \/>\nBudur e\u011fer var ise?!<\/p>\n<p>Bildik gelenler ge\u00e7mi\u015f<br \/>\nKonanlar geri g\u00f6\u00e7m\u00fc\u015f<br \/>\nA\u015fk \u015farab\u0131ndan i\u00e7mi\u015f!<br \/>\nKim mana duyar ise?!<\/p>\n<p>Yunus yoldan azmas\u0131n!<br \/>\nY\u00fcksek yerde durmas\u0131n!<br \/>\nSinle(mezarla) S\u0131rat g\u00f6rmesin!<br \/>\nSevdi\u011fi didar(Tanr\u0131&#8217;n\u0131n \u00e7ehresi) ise?!<br \/>\nYunus Emre (1241 &#8211; 1321)<\/p><\/div>\n<div dir=\"ltr\"><\/div>\n<div>\u00a0 \u00a0 \u00a0 \u00a0 \u00a0 \u00a0 \u00a0\u00d6ZL\u00dc S\u00d6ZLER\u0130M<\/p>\n<p>&#8211; &#8220;Kusursuz ve hatas\u0131z insan yoktur! Kusurlar\u0131n\u0131 ve hatalar\u0131n\u0131 fark etmeyen ve fark etti\u011fi halde d\u00fczeltmeyen insan vard\u0131r.&#8221;<\/p>\n<p>&#8211; \u201cYarat\u0131c\u0131 bir akla ve h\u00fcnerli bir ele sahip olan bir insan kimseye minnet etmez.&#8221;<\/p><\/div>\n","protected":false},"excerpt":{"rendered":"<p>Uzay\u0131p giden bir kuyruk. Kuyruktakilerin ezici \u00e7o\u011funlu\u011fu da altm\u0131\u015f be\u015flik! Kambur gibi g\u00f6r\u00fcp s\u00fcr\u00fcnmeye mahkum etti\u011fimiz emekliler yani. Merak edip &#8220;Ne kuyru\u011fu bu?&#8221; diye sordum! &#8220;Ucuz yumurta kuyru\u011fu&#8221; dediler! Do\u011frusu, r\u00fcyamda g\u00f6rsem inanmazd\u0131m. \u00c7\u00fcnk\u00fc inan\u0131l\u0131r gibi de\u011fil. Gelin g\u00f6r\u00fcn ki ger\u00e7ek. Bu \u00dclke nas\u0131l oldu da bu hale geldi(?) anlamak m\u00fcmk\u00fcn de\u011fil! \u0130nsanlar, ne oldu [&hellip;]<\/p>\n","protected":false},"author":14,"featured_media":95528,"comment_status":"open","ping_status":"open","sticky":false,"template":"","format":"standard","meta":{"footnotes":""},"categories":[47],"tags":[],"class_list":["post-95937","post","type-post","status-publish","format-standard","has-post-thumbnail","hentry","category-erdogan-serin"],"views":162,"_links":{"self":[{"href":"https:\/\/mersingazetesi.com\/index.php\/wp-json\/wp\/v2\/posts\/95937","targetHints":{"allow":["GET"]}}],"collection":[{"href":"https:\/\/mersingazetesi.com\/index.php\/wp-json\/wp\/v2\/posts"}],"about":[{"href":"https:\/\/mersingazetesi.com\/index.php\/wp-json\/wp\/v2\/types\/post"}],"author":[{"embeddable":true,"href":"https:\/\/mersingazetesi.com\/index.php\/wp-json\/wp\/v2\/users\/14"}],"replies":[{"embeddable":true,"href":"https:\/\/mersingazetesi.com\/index.php\/wp-json\/wp\/v2\/comments?post=95937"}],"version-history":[{"count":0,"href":"https:\/\/mersingazetesi.com\/index.php\/wp-json\/wp\/v2\/posts\/95937\/revisions"}],"wp:featuredmedia":[{"embeddable":true,"href":"https:\/\/mersingazetesi.com\/index.php\/wp-json\/wp\/v2\/media\/95528"}],"wp:attachment":[{"href":"https:\/\/mersingazetesi.com\/index.php\/wp-json\/wp\/v2\/media?parent=95937"}],"wp:term":[{"taxonomy":"category","embeddable":true,"href":"https:\/\/mersingazetesi.com\/index.php\/wp-json\/wp\/v2\/categories?post=95937"},{"taxonomy":"post_tag","embeddable":true,"href":"https:\/\/mersingazetesi.com\/index.php\/wp-json\/wp\/v2\/tags?post=95937"}],"curies":[{"name":"wp","href":"https:\/\/api.w.org\/{rel}","templated":true}]}}