{"id":95577,"date":"2025-04-06T10:31:17","date_gmt":"2025-04-06T07:31:17","guid":{"rendered":"https:\/\/mersingazetesi.com\/?p=95577"},"modified":"2025-04-06T17:01:07","modified_gmt":"2025-04-06T14:01:07","slug":"demokrasilerde-bariyerli-belediye-olmaz","status":"publish","type":"post","link":"https:\/\/mersingazetesi.com\/index.php\/2025\/04\/06\/demokrasilerde-bariyerli-belediye-olmaz\/","title":{"rendered":"DEMOKRAS\u0130LERDE BAR\u0130YERL\u0130 BELED\u0130YE OLMAZ!"},"content":{"rendered":"<div dir=\"ltr\">\n<p>\u0130stanbul&#8217;un g\u00f6be\u011finde yer alan ve kayyumla y\u00f6netilen \u015ei\u015fli Belediyesi&#8217;nin etraf\u0131ndaki bariyerler ile giri\u015findeki z\u0131rhl\u0131 ara\u00e7lar\u0131 ve polisleri g\u00f6r\u00fcnce, insan ister istemez \u015fa\u015fk\u0131nl\u0131k ge\u00e7iriyor. \u00c7\u00fcnk\u00fc bu manzara, T\u00fcrkiye gibi demokratik bir hukuk devleti olma iddias\u0131ndaki bir Devlet&#8217;e yak\u0131\u015fan bir manzara de\u011fildir.<br \/>\nBu manzara kendi vatanda\u015flar\u0131m\u0131zda bile \u015fa\u015fk\u0131nl\u0131k yarat\u0131rken, yabanc\u0131larda \u015fa\u015fk\u0131nl\u0131k yaratmamas\u0131 d\u00fc\u015f\u00fcn\u00fclemez. Bu manzaray\u0131 g\u00f6ren bir yabanc\u0131, demokrasimiz ve hukuk sistemimiz hakk\u0131nda iyi ve g\u00fczel \u015feyler d\u00fc\u015f\u00fcnmez herh\u00e2lde?!<br \/>\nO nedenledir ki, askeri rejimlerin uygulamalar\u0131n\u0131 \u00e7a\u011fr\u0131\u015ft\u0131ran ve tamamen antidemokratik kayyum uygulamas\u0131ndan kaynaklanan bu ve bunun gibi manzaralara bir an \u00f6nce son vermemiz gerekiyor. Aksi halde, y\u0131llard\u0131r kap\u0131s\u0131nda bekledi\u011fimiz Avrupa Birli\u011fi ile olan ili\u015fkilerimizde tamiri m\u00fcmk\u00fcn olmayan hasarlar meydana gelebilir.<br \/>\nKayyum atamalar\u0131 gerek\u00e7e g\u00f6sterilerek, planlanan ikili g\u00f6r\u00fc\u015fmeler ile ikili ili\u015fkiler tamamen ask\u0131ya al\u0131nabilir. Dahas\u0131, vatanda\u015flar\u0131m\u0131za y\u00f6nelik vize uygulamalar\u0131nda daha kat\u0131 tedbirlere de ba\u015fvurulabilir. Ku\u015fkusuz ki, bu ve benzeri g\u00f6r\u00fcnt\u00fclerin \u00dclkemize verece\u011fi ba\u015fka zararlar da s\u00f6z konusu olabilir.<br \/>\nBu zararlar\u0131n ba\u015f\u0131nda da yat\u0131r\u0131m yap\u0131lmas\u0131 riskli \u00fclkeler aras\u0131na al\u0131nma ihtimalimizin olmas\u0131d\u0131r. K\u0131sacas\u0131, nereden bakarsak bakal\u0131m, bu ve benzeri manzaralar \u00dclkemizin ve Halk\u0131m\u0131z\u0131n hayr\u0131na de\u011fildir. Sadece \u00dclkemizin ve Halk\u0131m\u0131z\u0131n de\u011fil, ba\u015fta siyasiler olmak \u00fczere, \u00dclkeyi y\u00f6netme mevki ve sorumlulu\u011funda olanlar\u0131n da hayr\u0131na de\u011fildir.<br \/>\nB\u00fct\u00fcn bunlar da dikkate al\u0131narak, kayyum uygulamas\u0131na ivedilikle son verilmeli ve ba\u015fkanlar\u0131 tutuklu belediyeleri kimin y\u00f6netece\u011fi hususu, t\u00fcm\u00fcyle meclis \u00fcyelerinin (se\u00e7ilmi\u015flerin) takdirine b\u0131rak\u0131lmal\u0131d\u0131r.<br \/>\nUnutmayal\u0131m!<br \/>\nBu \u00dclkenin ilac\u0131 daha ileri demokrasi ve daha evrensel hukuktur.<\/p>\n<p>HEM\u015eER\u0130 DOKTOR<\/p>\n<p>Hastalanan Erzurumlu ya\u015fl\u0131 bir eze (teyze) sa\u011fl\u0131k oca\u011f\u0131na gider ve hem\u015ferisi olan doktora \u015f\u00f6yle der!<br \/>\n-Doktor Oglim, men \u00e7ok hasteyem!<br \/>\nEmme ve lakin, mene hep (ila\u00e7) yazme, i\u00e7emirem!<br \/>\n\u0130yne de yazme, gorkirem!<br \/>\nSerum da verme, midem bulanir!<br \/>\nDoktor bakar, bakar ve en sonunda \u015f\u00f6yle der!<br \/>\n-Eze gurbanin olim, musge mi (muska m\u0131) yazem \u015fimdi men sana?<\/p>\n<p>\u00d6ZL\u00dc S\u00d6ZLER\u0130M<\/p>\n<p>&#8211; &#8220;Her t\u00fcrl\u00fc ezay\u0131 ve cefay\u0131 g\u00f6ze al\u0131p, ya\u015fad\u0131\u011f\u0131 toplumun ve insanl\u0131\u011f\u0131n iyili\u011fi, esenli\u011fi i\u00e7in do\u011frular\u0131 s\u00f6ylemekten ve yapmaktan \u00e7ekinmeyendir ayd\u0131n.&#8221;<\/p>\n<p>&#8211; &#8220;\u0130nsan vard\u0131r, \u00f6mr\u00fcn\u00fcze \u00f6m\u00fcr katar! \u0130nsan vard\u0131r, \u00f6mr\u00fcn\u00fczden \u00f6m\u00fcr \u00e7alar!&#8221;<\/p>\n<p>\u00d6mr\u00fcn\u00fcze \u00f6m\u00fcr katanlar\u0131n\u0131z bol olsun!<\/p>\n<\/div>\n","protected":false},"excerpt":{"rendered":"<p>\u0130stanbul&#8217;un g\u00f6be\u011finde yer alan ve kayyumla y\u00f6netilen \u015ei\u015fli Belediyesi&#8217;nin etraf\u0131ndaki bariyerler ile giri\u015findeki z\u0131rhl\u0131 ara\u00e7lar\u0131 ve polisleri g\u00f6r\u00fcnce, insan ister istemez \u015fa\u015fk\u0131nl\u0131k ge\u00e7iriyor. \u00c7\u00fcnk\u00fc bu manzara, T\u00fcrkiye gibi demokratik bir hukuk devleti olma iddias\u0131ndaki bir Devlet&#8217;e yak\u0131\u015fan bir manzara de\u011fildir. Bu manzara kendi vatanda\u015flar\u0131m\u0131zda bile \u015fa\u015fk\u0131nl\u0131k yarat\u0131rken, yabanc\u0131larda \u015fa\u015fk\u0131nl\u0131k yaratmamas\u0131 d\u00fc\u015f\u00fcn\u00fclemez. Bu manzaray\u0131 g\u00f6ren bir [&hellip;]<\/p>\n","protected":false},"author":14,"featured_media":95528,"comment_status":"open","ping_status":"open","sticky":false,"template":"","format":"standard","meta":{"footnotes":""},"categories":[47],"tags":[],"class_list":["post-95577","post","type-post","status-publish","format-standard","has-post-thumbnail","hentry","category-erdogan-serin"],"views":143,"_links":{"self":[{"href":"https:\/\/mersingazetesi.com\/index.php\/wp-json\/wp\/v2\/posts\/95577","targetHints":{"allow":["GET"]}}],"collection":[{"href":"https:\/\/mersingazetesi.com\/index.php\/wp-json\/wp\/v2\/posts"}],"about":[{"href":"https:\/\/mersingazetesi.com\/index.php\/wp-json\/wp\/v2\/types\/post"}],"author":[{"embeddable":true,"href":"https:\/\/mersingazetesi.com\/index.php\/wp-json\/wp\/v2\/users\/14"}],"replies":[{"embeddable":true,"href":"https:\/\/mersingazetesi.com\/index.php\/wp-json\/wp\/v2\/comments?post=95577"}],"version-history":[{"count":0,"href":"https:\/\/mersingazetesi.com\/index.php\/wp-json\/wp\/v2\/posts\/95577\/revisions"}],"wp:featuredmedia":[{"embeddable":true,"href":"https:\/\/mersingazetesi.com\/index.php\/wp-json\/wp\/v2\/media\/95528"}],"wp:attachment":[{"href":"https:\/\/mersingazetesi.com\/index.php\/wp-json\/wp\/v2\/media?parent=95577"}],"wp:term":[{"taxonomy":"category","embeddable":true,"href":"https:\/\/mersingazetesi.com\/index.php\/wp-json\/wp\/v2\/categories?post=95577"},{"taxonomy":"post_tag","embeddable":true,"href":"https:\/\/mersingazetesi.com\/index.php\/wp-json\/wp\/v2\/tags?post=95577"}],"curies":[{"name":"wp","href":"https:\/\/api.w.org\/{rel}","templated":true}]}}