{"id":95406,"date":"2025-04-02T12:34:11","date_gmt":"2025-04-02T09:34:11","guid":{"rendered":"https:\/\/mersingazetesi.com\/?p=95406"},"modified":"2025-04-02T12:34:11","modified_gmt":"2025-04-02T09:34:11","slug":"yardimlasma-ve-dayanisma-ruhunu-yasatmamiz-sart","status":"publish","type":"post","link":"https:\/\/mersingazetesi.com\/index.php\/2025\/04\/02\/yardimlasma-ve-dayanisma-ruhunu-yasatmamiz-sart\/","title":{"rendered":"YARDIMLA\u015eMA VE DAYANI\u015eMA RUHUNU YA\u015eATMAMIZ \u015eART!"},"content":{"rendered":"<div dir=\"ltr\">29 Mart 2025 Cumartesi G\u00fcn\u00fc, k\u0131rk y\u0131ll\u0131k dostum, karde\u015fim olan ve \u0130stanbul&#8217;da ikamet eden, Bitlis&#8217;in k\u00f6kl\u00fc ve tan\u0131nm\u0131\u015f ailelerinden (Haspolat Ailesi&#8217;nden) i\u015f insan\u0131 Yusuf Ziya Haspolat&#8217;\u0131n cenaze t\u00f6renine kat\u0131lmak \u00fczere \u0130stanbul&#8217;a gittim.<\/div>\n<div dir=\"ltr\">Ger\u00e7e\u011fi s\u00f6ylemem gerekirse, burada g\u00f6rd\u00fcklerimden ve ya\u015fad\u0131klar\u0131mdan sonra \u00dclkem ad\u0131na \u00e7ok umutland\u0131m.<\/div>\n<div dir=\"ltr\">Bitlisli karde\u015flerimiz m\u00fcthi\u015f bir yard\u0131mla\u015fma ve dayan\u0131\u015fma \u00f6rne\u011fi g\u00f6sterdiler.<\/div>\n<div dir=\"ltr\">\u00d6zellikle aile i\u00e7i yard\u0131mla\u015fma ve dayan\u0131\u015fma tek kelimeyle muhte\u015femdi.<\/div>\n<div dir=\"ltr\">Herkes \u00fczerine d\u00fc\u015feni eksiksiz yapm\u0131\u015f ve definden taziyeye kadar ortaya d\u00f6rt d\u00f6rtl\u00fck bir manzara \u00e7\u0131km\u0131\u015ft\u0131. Gerek defin t\u00f6reni s\u0131ras\u0131nda ve gerekse taziye s\u00fcrecinde insanlar adeta sel olup akt\u0131lar ve yap\u0131lan sohbetlerde de ya\u015fanm\u0131\u015f g\u00fczellikleri payla\u015ft\u0131lar. Vaktiyle yap\u0131lan iyilikler ve yard\u0131mla\u015fmalar ile ya\u015fanan karde\u015flikler ve kurulan dostluklar tek tek an\u0131l\u0131p haf\u0131zalar tazelendi.<\/div>\n<div dir=\"ltr\">Aile&#8217;nin ya\u015fayan en b\u00fcy\u00fck erke\u011fi olan ve \u0130stanbul&#8217;da kuyumculuk sekt\u00f6r\u00fcnde faaliyet g\u00f6steren i\u015f insan\u0131 say\u0131n Kenan Haspolat&#8217;\u0131n \u00dcsk\u00fcdar Nakka\u015ftepe&#8217;de d\u00fczenledi\u011fi taziye organizasyonu \u00f6rnek nitelikteydi.<\/div>\n<div dir=\"ltr\">\u0130yiliksever ve yard\u0131msever i\u015f insan\u0131 merhum Yusuf Ziya Haspolat&#8217;n E\u015fi&#8217;nin, Karde\u015fleri&#8217;nin, K\u0131zlar\u0131&#8217;n\u0131n, Damatlar\u0131&#8217;n\u0131n, Akrabalar\u0131&#8217;n\u0131n ve Kom\u015fular\u0131&#8217;n\u0131n yard\u0131mla\u015fmalar\u0131 ve dayan\u0131\u015fmalar\u0131 da harikayd\u0131. Merhum&#8217;un \u0130stanbul Ac\u0131badem&#8217;deki Evi taziye s\u00fcresince doldu doldu bo\u015fald\u0131.<\/div>\n<div dir=\"ltr\">O kadar \u00e7ok gelenler oldu ki, kom\u015fular kendi evlerini misafirlere a\u00e7t\u0131lar.<\/div>\n<div dir=\"ltr\">K\u0131sacas\u0131, yard\u0131mla\u015fma ve dayan\u0131\u015fma ad\u0131na ne gerekiyorsa hepsi eksiksiz yap\u0131ld\u0131.<br \/>\n\u00dclkemizin birli\u011fi ve b\u00fct\u00fcnl\u00fc\u011f\u00fc ile dirli\u011fi ve d\u00fczenli\u011fi a\u00e7\u0131s\u0131ndan, burada g\u00f6sterilen yard\u0131mla\u015fma ve dayan\u0131\u015fma ruhunu ve k\u00fclt\u00fcr\u00fcn\u00fc ya\u015fatmam\u0131z \u015fart! \u00c7\u00fcnk\u00fc toplumsal yard\u0131mla\u015fmay\u0131 ve dayan\u0131\u015fmay\u0131 g\u00fc\u00e7l\u00fc ve kal\u0131c\u0131 k\u0131lmadan, toplumsal varl\u0131\u011f\u0131m\u0131z\u0131 ve b\u00fct\u00fcnl\u00fc\u011f\u00fcm\u00fcz\u00fc koruyamay\u0131z.<\/div>\n<div dir=\"ltr\">Oysa ki, g\u00fczel \u00dclkemizin birli\u011fe, b\u00fct\u00fcnl\u00fc\u011fe ve dirli\u011fe, d\u00fczenli\u011fe ihtiyac\u0131 var. Bu da ancak kar\u015f\u0131l\u0131kl\u0131 yard\u0131mla\u015fma ve dayan\u0131\u015fmayla m\u00fcmk\u00fcnd\u00fcr.<br \/>\n\u00dclkemizin ve Halk\u0131m\u0131z\u0131n iyili\u011fi, esenli\u011fi i\u00e7in toplumsal yard\u0131mla\u015fmay\u0131 ve dayan\u0131\u015fmay\u0131 s\u00fcrd\u00fcrenlere selam olsun!<\/div>\n<div dir=\"ltr\"><\/div>\n<div dir=\"ltr\">\u00a0 \u00a0 \u00a0 \u00a0 \u00a0 TANRI DA\u011eLARI<\/div>\n<div dir=\"ltr\"><\/div>\n<div dir=\"ltr\">Tanr\u0131 Da\u011flar\u0131&#8217;n\u0131n b\u00fcy\u00fck bilgesi, \u00fcnl\u00fc K\u0131rg\u0131z yazar Cengiz Aymatov (1928 &#8211; 2008) bir kitab\u0131nda \u015f\u00f6yle yazar!<br \/>\nBiri Tanr\u0131&#8217;ya sormu\u015f!<br \/>\n-Her \u015fey kaderde yaz\u0131l\u0131ysa ne diye dilek dileyeyim ki?!<br \/>\nTanr\u0131 g\u00fcl\u00fcmseyerek cevap vermi\u015f!<br \/>\n-Belki de baz\u0131 sayfalarda sadece diledi\u011fin gibi olsun yazm\u0131\u015f\u0131md\u0131r!<br \/>\nSevdiklerimizin baz\u0131 sayfalar\u0131nda belki de dileklerimiz yaz\u0131l\u0131d\u0131r, bilmiyoruz?!<\/div>\n","protected":false},"excerpt":{"rendered":"<p>29 Mart 2025 Cumartesi G\u00fcn\u00fc, k\u0131rk y\u0131ll\u0131k dostum, karde\u015fim olan ve \u0130stanbul&#8217;da ikamet eden, Bitlis&#8217;in k\u00f6kl\u00fc ve tan\u0131nm\u0131\u015f ailelerinden (Haspolat Ailesi&#8217;nden) i\u015f insan\u0131 Yusuf Ziya Haspolat&#8217;\u0131n cenaze t\u00f6renine kat\u0131lmak \u00fczere \u0130stanbul&#8217;a gittim. Ger\u00e7e\u011fi s\u00f6ylemem gerekirse, burada g\u00f6rd\u00fcklerimden ve ya\u015fad\u0131klar\u0131mdan sonra \u00dclkem ad\u0131na \u00e7ok umutland\u0131m. Bitlisli karde\u015flerimiz m\u00fcthi\u015f bir yard\u0131mla\u015fma ve dayan\u0131\u015fma \u00f6rne\u011fi g\u00f6sterdiler. \u00d6zellikle aile [&hellip;]<\/p>\n","protected":false},"author":14,"featured_media":94437,"comment_status":"open","ping_status":"open","sticky":false,"template":"","format":"standard","meta":{"footnotes":""},"categories":[47],"tags":[],"class_list":["post-95406","post","type-post","status-publish","format-standard","has-post-thumbnail","hentry","category-erdogan-serin"],"views":172,"_links":{"self":[{"href":"https:\/\/mersingazetesi.com\/index.php\/wp-json\/wp\/v2\/posts\/95406","targetHints":{"allow":["GET"]}}],"collection":[{"href":"https:\/\/mersingazetesi.com\/index.php\/wp-json\/wp\/v2\/posts"}],"about":[{"href":"https:\/\/mersingazetesi.com\/index.php\/wp-json\/wp\/v2\/types\/post"}],"author":[{"embeddable":true,"href":"https:\/\/mersingazetesi.com\/index.php\/wp-json\/wp\/v2\/users\/14"}],"replies":[{"embeddable":true,"href":"https:\/\/mersingazetesi.com\/index.php\/wp-json\/wp\/v2\/comments?post=95406"}],"version-history":[{"count":0,"href":"https:\/\/mersingazetesi.com\/index.php\/wp-json\/wp\/v2\/posts\/95406\/revisions"}],"wp:featuredmedia":[{"embeddable":true,"href":"https:\/\/mersingazetesi.com\/index.php\/wp-json\/wp\/v2\/media\/94437"}],"wp:attachment":[{"href":"https:\/\/mersingazetesi.com\/index.php\/wp-json\/wp\/v2\/media?parent=95406"}],"wp:term":[{"taxonomy":"category","embeddable":true,"href":"https:\/\/mersingazetesi.com\/index.php\/wp-json\/wp\/v2\/categories?post=95406"},{"taxonomy":"post_tag","embeddable":true,"href":"https:\/\/mersingazetesi.com\/index.php\/wp-json\/wp\/v2\/tags?post=95406"}],"curies":[{"name":"wp","href":"https:\/\/api.w.org\/{rel}","templated":true}]}}