{"id":95351,"date":"2025-04-01T10:26:31","date_gmt":"2025-04-01T07:26:31","guid":{"rendered":"https:\/\/mersingazetesi.com\/?p=95351"},"modified":"2025-04-01T13:14:15","modified_gmt":"2025-04-01T10:14:15","slug":"bu-ulkede-kimin-yuzu-guluyor-ki-is-insaninin-yuzu-gulsun","status":"publish","type":"post","link":"https:\/\/mersingazetesi.com\/index.php\/2025\/04\/01\/bu-ulkede-kimin-yuzu-guluyor-ki-is-insaninin-yuzu-gulsun\/","title":{"rendered":"BU \u00dcLKE&#8217;DE K\u0130M\u0130N Y\u00dcZ\u00dc G\u00dcL\u00dcYOR K\u0130 \u0130\u015e \u0130NSANININ Y\u00dcZ\u00dc G\u00dcLS\u00dcN?!"},"content":{"rendered":"<div dir=\"ltr\">\nBu \u00dclke&#8217;de asgari \u00fccretlinin y\u00fcz\u00fc g\u00fclm\u00fcyor!<br \/>\nEmeklinin y\u00fcz\u00fc g\u00fclm\u00fcyor! Esnaf\u0131n y\u00fcz\u00fc g\u00fclm\u00fcyor!<br \/>\n\u00c7ift\u00e7inin y\u00fcz\u00fc g\u00fclm\u00fcyor! G\u00fcndelik\u00e7inin y\u00fcz\u00fc g\u00fclm\u00fcyor!<br \/>\nDar gelirlinin y\u00fcz\u00fc g\u00fclm\u00fcyor!<br \/>\n\u00d6\u011frencinin y\u00fcz\u00fc g\u00fclm\u00fcyor!<br \/>\nVe dahi i\u015f insan\u0131n\u0131n y\u00fcz\u00fc g\u00fclm\u00fcyor!<br \/>\nK\u0131sacas\u0131, \u00dclke&#8217;nin kayma\u011f\u0131n\u0131 yiyen ve daha ziyade ranttan ge\u00e7inen on d\u00f6rt, on be\u015f milyonluk mutlu bir az\u0131nl\u0131k d\u0131\u015f\u0131nda kimsenin y\u00fcz\u00fc g\u00fclm\u00fcyor!<br \/>\nBir eli ya\u011fda, bir eli balda olan bu on d\u00f6rt, on be\u015f milyonluk kesimin c\u00f6mert\u00e7e para harcad\u0131\u011f\u0131n\u0131 g\u00f6ren \u00dclke Y\u00f6netimi de s\u0131rf bunlara bak\u0131p, \u00dclke&#8217;de i\u015flerin t\u0131k\u0131r\u0131nda gitti\u011fini san\u0131yor.<br \/>\nOysa ki, bu \u00dclke&#8217;de \u00e7\u00f6pten ge\u00e7inen y\u0131\u011f\u0131nla insan var.<br \/>\nA\u00e7l\u0131k ve sefalet \u00e7eken y\u0131\u011f\u0131nla insan var bu \u00dclke&#8217;de. Enflasyonun, hayat pahal\u0131l\u0131\u011f\u0131n\u0131n ve adaletsizli\u011fin herkesi peri\u015fan etti\u011fi bir \u00dclke&#8217;de insanlar\u0131n y\u00fcz\u00fc nas\u0131l g\u00fcls\u00fcn ki?<br \/>\nYarg\u0131n\u0131n siyasalla\u015ft\u0131rma ve ara\u00e7salla\u015ft\u0131rma \u00fczerinden tart\u0131\u015f\u0131ld\u0131\u011f\u0131 ve adaletin de dibe vurdu\u011fu bir \u00dclke&#8217;de nas\u0131l g\u00fcls\u00fcn insanlar\u0131n y\u00fcz\u00fc? Yarg\u0131n\u0131n adalet \u00fcretmedi\u011fi, \u00fcretti\u011finde de insanlar\u0131n \u00f6mr\u00fcn\u00fc t\u00fcketti\u011fi bir \u00dclke&#8217;de nas\u0131l g\u00fcls\u00fcn?<br \/>\n\u0130nsanlar\u0131n y\u00fcz\u00fcn\u00fcn g\u00fclmesi i\u00e7in hayat pahal\u0131l\u0131\u011f\u0131n\u0131n sona ermesi, ge\u00e7im s\u0131k\u0131nt\u0131s\u0131n\u0131n ortadan kalkmas\u0131 ve en \u00f6nemlisi de, insanlar\u0131n kendilerini her bak\u0131mdan g\u00fcvende hissedip, mutlu ve huzurlu olmas\u0131 gerekir.<br \/>\nSert ele\u015ftirilerin dahi hakaret kabul edilip, insanlar\u0131n \u015fafak operasyonlar\u0131yla yaka pa\u00e7a g\u00f6zalt\u0131na al\u0131nd\u0131\u011f\u0131 ve i\u015flerini hakk\u0131yla ya da lay\u0131k\u0131yla yapmaya \u00e7al\u0131\u015fan bas\u0131n ve medya mensuplar\u0131n\u0131n da \u00e7e\u015fitli ithamlarla mahkeme kap\u0131lar\u0131nda s\u00fcr\u00fcnd\u00fcr\u00fcld\u00fc\u011f\u00fc bir \u00dclke&#8217;de hukuk g\u00fcvenli\u011finden s\u00f6z etmek m\u00fcmk\u00fcn m\u00fc? Halk\u0131n haber alma hakk\u0131n\u0131n pe\u015finde ko\u015fan televizyon kanallar\u0131n\u0131n \u00e7e\u015fitli isnatlarla para cezalar\u0131na \u00e7arpt\u0131r\u0131ld\u0131\u011f\u0131 ya da karart\u0131ld\u0131\u011f\u0131 bir \u00dclke&#8217;de hukuk g\u00fcvenli\u011finden s\u00f6z edilebilir mi?!<br \/>\n\u00dclke&#8217;nin birinci partisi konumundaki Ana Muhalefet Partisi&#8217;nin Lideri&#8217;nin, seksen alt\u0131 milyonun g\u00f6z\u00fc \u00f6n\u00fcnde alenen tehdit edildi\u011fi bir \u00dclke&#8217;de hukuk g\u00fcvenli\u011fi olur mu?<br \/>\nB\u00fct\u00fcn bunlar\u0131n olup bitti\u011fi bir \u00dclke&#8217;ye d\u0131\u015f sermaye gelir mi? D\u0131\u015f sermaye gelip de yat\u0131r\u0131m yapar m\u0131?<br \/>\nEkonominin d\u00fcze \u00e7\u0131kmas\u0131, vatanda\u015f\u0131n da feraha ermesi i\u00e7in (bug\u00fcnk\u00fc gibi vur ka\u00e7\u00e7\u0131 olmayan) yat\u0131r\u0131mc\u0131 d\u0131\u015f sermaye \u015fart!<br \/>\nBunun da yolu, kap\u0131 kap\u0131 dola\u015f\u0131p, bize yat\u0131r\u0131m yap\u0131n demekten de\u011fil, hukuk g\u00fcvenli\u011finden ge\u00e7er.<br \/>\nYapmam\u0131z gereken \u015fey belli! Hukuk g\u00fcvenli\u011fi ile temel hak ve \u00f6zg\u00fcrl\u00fckleri esas alan ve liyakati \u00f6ne \u00e7\u0131karan adaletli bir y\u00f6netim tarz\u0131n\u0131 hayata ge\u00e7irmek.<br \/>\nBunu ger\u00e7ekle\u015ftirdi\u011fimizde, \u00dclkemiz rahatlar ve insan\u0131m\u0131z da feraha \u00e7\u0131k\u0131p huzura erer.<\/div>\n<div dir=\"ltr\">\n<p>\u00a0 \u00a0 \u00a0 \u00a0 \u00a0 \u00a0 \u00a0 \u00a0\u00d6ZL\u00dc S\u00d6ZLER\u0130M<\/p>\n<p>&#8211; &#8220;En k\u0131ymetli para, iyi ve g\u00fczel i\u015fler i\u00e7in harcanan parad\u0131r.&#8221;<\/p>\n<\/div>\n<div dir=\"ltr\"><\/div>\n<ul>\n<li>\n<div dir=\"ltr\">\n<p>&#8220;D\u00fc\u015f\u00fcncelerimiz hayata sa\u00e7t\u0131\u011f\u0131m\u0131z tohumlard\u0131r! Hayata \u00f6yle tohumlar sa\u00e7al\u0131m ki, d\u00f6n\u00fc\u015f\u00fc de iyi olsun ve bizi mutlu, huzurlu k\u0131ls\u0131n.!&#8221;<\/p>\n<p>&#8211; &#8220;Cahilin a\u011fz\u0131nda a\u011f\u0131 (zehir) olan dil, kamilin a\u011fz\u0131nda Anzer Bal\u0131 olur!&#8221;<\/p>\n<p>Anzer Bal\u0131: Rize&#8217;nin \u0130kizdere \u0130l\u00e7esi&#8217;nde yer alan Anzer Yaylas\u0131&#8217;ndaki nadide \u00e7i\u00e7eklerden elde edilen ve bal\u0131n has\u0131 denilen \u00e7ok \u00f6zel bir bald\u0131r.<\/p>\n<\/div>\n<\/li>\n<\/ul>\n","protected":false},"excerpt":{"rendered":"<p>Bu \u00dclke&#8217;de asgari \u00fccretlinin y\u00fcz\u00fc g\u00fclm\u00fcyor! Emeklinin y\u00fcz\u00fc g\u00fclm\u00fcyor! Esnaf\u0131n y\u00fcz\u00fc g\u00fclm\u00fcyor! \u00c7ift\u00e7inin y\u00fcz\u00fc g\u00fclm\u00fcyor! G\u00fcndelik\u00e7inin y\u00fcz\u00fc g\u00fclm\u00fcyor! Dar gelirlinin y\u00fcz\u00fc g\u00fclm\u00fcyor! \u00d6\u011frencinin y\u00fcz\u00fc g\u00fclm\u00fcyor! Ve dahi i\u015f insan\u0131n\u0131n y\u00fcz\u00fc g\u00fclm\u00fcyor! K\u0131sacas\u0131, \u00dclke&#8217;nin kayma\u011f\u0131n\u0131 yiyen ve daha ziyade ranttan ge\u00e7inen on d\u00f6rt, on be\u015f milyonluk mutlu bir az\u0131nl\u0131k d\u0131\u015f\u0131nda kimsenin y\u00fcz\u00fc g\u00fclm\u00fcyor! Bir eli ya\u011fda, [&hellip;]<\/p>\n","protected":false},"author":14,"featured_media":94437,"comment_status":"open","ping_status":"open","sticky":false,"template":"","format":"standard","meta":{"footnotes":""},"categories":[47],"tags":[],"class_list":["post-95351","post","type-post","status-publish","format-standard","has-post-thumbnail","hentry","category-erdogan-serin"],"views":103,"_links":{"self":[{"href":"https:\/\/mersingazetesi.com\/index.php\/wp-json\/wp\/v2\/posts\/95351","targetHints":{"allow":["GET"]}}],"collection":[{"href":"https:\/\/mersingazetesi.com\/index.php\/wp-json\/wp\/v2\/posts"}],"about":[{"href":"https:\/\/mersingazetesi.com\/index.php\/wp-json\/wp\/v2\/types\/post"}],"author":[{"embeddable":true,"href":"https:\/\/mersingazetesi.com\/index.php\/wp-json\/wp\/v2\/users\/14"}],"replies":[{"embeddable":true,"href":"https:\/\/mersingazetesi.com\/index.php\/wp-json\/wp\/v2\/comments?post=95351"}],"version-history":[{"count":0,"href":"https:\/\/mersingazetesi.com\/index.php\/wp-json\/wp\/v2\/posts\/95351\/revisions"}],"wp:featuredmedia":[{"embeddable":true,"href":"https:\/\/mersingazetesi.com\/index.php\/wp-json\/wp\/v2\/media\/94437"}],"wp:attachment":[{"href":"https:\/\/mersingazetesi.com\/index.php\/wp-json\/wp\/v2\/media?parent=95351"}],"wp:term":[{"taxonomy":"category","embeddable":true,"href":"https:\/\/mersingazetesi.com\/index.php\/wp-json\/wp\/v2\/categories?post=95351"},{"taxonomy":"post_tag","embeddable":true,"href":"https:\/\/mersingazetesi.com\/index.php\/wp-json\/wp\/v2\/tags?post=95351"}],"curies":[{"name":"wp","href":"https:\/\/api.w.org\/{rel}","templated":true}]}}