{"id":95102,"date":"2025-03-27T11:41:16","date_gmt":"2025-03-27T08:41:16","guid":{"rendered":"https:\/\/mersingazetesi.com\/?p=95102"},"modified":"2025-03-27T11:41:16","modified_gmt":"2025-03-27T08:41:16","slug":"yargimizin-karnesi-karakocan-davasi","status":"publish","type":"post","link":"https:\/\/mersingazetesi.com\/index.php\/2025\/03\/27\/yargimizin-karnesi-karakocan-davasi\/","title":{"rendered":"YARGIMIZIN KARNES\u0130! KARAKO\u00c7AN DAVASI"},"content":{"rendered":"<div dir=\"ltr\">Karako\u00e7an Davas\u0131, adaletimizin ger\u00e7ek durumunu ortaya koymas\u0131 bak\u0131m\u0131ndan ibretlik bir davad\u0131r. Bu Dava&#8217;y\u0131 y\u0131llar \u00f6nce (hukuk bilgisine ve adaletine \u00e7ok g\u00fcvendi\u011fim ve ayn\u0131 zamanda yarg\u0131\u00e7l\u0131\u011f\u0131n\u0131 da yak\u0131ndan bilip takdirle kar\u015f\u0131lad\u0131\u011f\u0131m) Yarg\u0131tay&#8217;da iki d\u00f6nem hukuk dairesi ba\u015fkanl\u0131\u011f\u0131 da yapm\u0131\u015f olan, y\u00fcksek yarg\u0131\u00e7l\u0131ktan emekli de\u011ferli A\u011fabeyim say\u0131n Yusuf Ulu\u00e7&#8217;tan dinlemi\u015ftim. Karako\u00e7an Palu&#8217;nun nahiyesi iken ba\u015flayan ve Karako\u00e7an il olamadan (!) biten ve nice davac\u0131 ile yarg\u0131c\u0131n sonucunu g\u00f6rmeye bile \u00f6mr\u00fcn\u00fcn yetmedi\u011fi bu Dava (temyiz eden \u00e7\u0131kmad\u0131\u011f\u0131 takdirde) nihayet bitti.<br \/>\nBir \u00fclkede hak arama davas\u0131 doksan y\u0131lda bitiyorsa, hi\u00e7 kimse kusura bakmas\u0131n (!) orada ger\u00e7ek anlamda adalet yok demektir.<br \/>\nEvet! \u00dclkemizde ger\u00e7ek anlamda d\u00fcn de adalet yoktu, bug\u00fcn de yok. Fakat d\u00fcne g\u00f6re bug\u00fcnk\u00fc durum \u00e7ok daha k\u00f6t\u00fc.<\/div>\n<div dir=\"ltr\">\u00d6zellikle son y\u0131llarda adalete olan inan\u00e7 ve g\u00fcven dibe vurmu\u015f durumda. \u00d6yle ki, toplumun ezici \u00e7o\u011funlu\u011fu adaletin varl\u0131\u011f\u0131na inanm\u0131yor. \u0130nanm\u0131\u015f g\u00f6r\u00fcnenler de adaletin insan\u0131 yordu\u011fundan ve hatta can\u0131ndan bezdirdi\u011finden s\u00f6z ediyor. Ayr\u0131ca, adalete eri\u015fimin pahal\u0131 olmas\u0131, hak araman\u0131n \u00f6n\u00fcnde ciddi bir engel olu\u015fturuyor.<\/div>\n<div dir=\"ltr\">\u00a0Oysa ki, adalet m\u00fclk\u00fcn temelidir ve bir devleti ayakta tutan birka\u00e7 temel \u00f6geden de biridir. O y\u00fczdendir ki adalete eri\u015fimin kolay ve ucuz olmas\u0131 laz\u0131m. En \u00f6nemlisi de adaleti sa\u011flayacak yarg\u0131n\u0131n ba\u011f\u0131ms\u0131z ve tarafs\u0131z olmas\u0131, karar ve uygulamalar\u0131yla topluma g\u00fcven vermesi laz\u0131m. Gelin g\u00f6r\u00fcn ki, Bizim yarg\u0131m\u0131z bu anlamda \u00e7ok tart\u0131\u015f\u0131l\u0131yor.<\/div>\n<div dir=\"ltr\">\u00c7\u00fcnk\u00fc kararlar\u0131nda ve uygulamalar\u0131nda y\u00fcr\u00fctmenin izinin ve hatta pay\u0131n\u0131n oldu\u011fu iddia ediliyor.<\/div>\n<div dir=\"ltr\">Daha a\u00e7\u0131k s\u00f6ylemek gerekirse, yarg\u0131m\u0131z\u0131n siyasalla\u015ft\u0131r\u0131ld\u0131\u011f\u0131 ve ara\u00e7salla\u015ft\u0131r\u0131ld\u0131\u011f\u0131 ileri s\u00fcr\u00fcl\u00fcyor. Ya\u015fananlara bak\u0131ld\u0131\u011f\u0131nda, bu iddialar\u0131n tamamen as\u0131ls\u0131z ve temelsiz oldu\u011fu s\u00f6ylenemez. \u00c7\u00fcnk\u00fc \u00e7a\u011fr\u0131ld\u0131klar\u0131nda ko\u015fa ko\u015fa gelecek insanlar \u015fafak operasyonlar\u0131 ile g\u00f6zalt\u0131na al\u0131n\u0131l\u0131yorlar. Haklar\u0131ndaki soru\u015fturmaya ra\u011fmen, yurt d\u0131\u015f\u0131ndan gelip teslim olan insanlar ka\u00e7ma \u015f\u00fcphesiyle tutuklan\u0131yorlar. Haliyle, bu gibi karar ve uygulamalar da tart\u0131\u015fmalara yol a\u00e7\u0131yor. B\u00fct\u00fcn bu tart\u0131\u015fmalar da yarg\u0131n\u0131n y\u0131pranmas\u0131na ve itibar kaybetmesine neden oluyor. Nitekim, yap\u0131lan kamuoyu ara\u015ft\u0131rmalar\u0131nda toplumun en az \u00fc\u00e7te ikisinin adalete g\u00fcvenmedi\u011fi ortaya \u00e7\u0131k\u0131yor. Bu tart\u0131\u015fmalar\u0131n son bulmas\u0131 i\u00e7in yarg\u0131n\u0131n yerinde ve zaman\u0131nda isabetli (adaletli) kararlar vermesi laz\u0131m. Bunun i\u00e7in de yarg\u0131y\u0131 ba\u011f\u0131ms\u0131z ve tarafs\u0131z bir yap\u0131ya kavu\u015fturmak gerekiyor. Yarg\u0131m\u0131z ba\u011f\u0131ms\u0131z ve tarafs\u0131z bir yap\u0131ya kavu\u015fturulmadan ve y\u00fcr\u00fctmenin yarg\u0131 \u00fczerindeki g\u00fcc\u00fc ve etkisi s\u0131f\u0131rlanmadan, adaletle ilgili tart\u0131\u015fmalar bitecekmi\u015f gibi g\u00f6r\u00fcnm\u00fcyor. Adalete g\u00fcvenebilmemiz i\u00e7in bu tart\u0131\u015fmalar\u0131n son bulmas\u0131 \u015fart! Bunu ger\u00e7ekle\u015ftirmesi gereken de siyaset kurumudur. Siyaset kurumunun, \u00dclkemizdeki alanlar\u0131nda uzman olan hukuk\u00e7ular\u0131n g\u00f6r\u00fc\u015f ve \u00f6nerilerini de dikkate alarak ve en geni\u015f anlamda siyasal kat\u0131l\u0131m\u0131 da sa\u011flayarak, bu tart\u0131\u015fmalar\u0131 sonland\u0131racak d\u00fczenlemeleri bir an \u00f6nce hayata ge\u00e7irmesi Milletimizin iyili\u011fine ve esenli\u011finedir.<\/div>\n<div dir=\"ltr\">\nHaf\u0131z (Sadi \u015eirazi) der ki!<\/div>\n<div dir=\"ltr\">\n-D\u00fcnyan\u0131n b\u00fct\u00fcn nehirlerini bir araya getirseniz, adalete susam\u0131\u015f bir insan\u0131n susuzlu\u011funu gideremezsiniz!<br \/>\nBu \u00dclke&#8217;de adalete susam\u0131\u015f o kadar \u00e7ok insan var ki, saymaya kalksak koca bir \u00f6m\u00fcr yetmez herh\u00e2lde?!<\/div>\n<div dir=\"ltr\"><\/div>\n<div dir=\"ltr\">\u00a0 \u00a0 \u00a0 \u00a0\u00d6ZL\u00dc S\u00d6ZLER\u0130M<\/div>\n<div dir=\"ltr\"><\/div>\n<ul>\n<li>\n<div dir=\"ltr\">&#8220;Muteber olmak, muktedir olmaktan bin kat iyidir.&#8221;<\/p>\n<p>&#8211; &#8220;\u0130yilerin de iyisi vard\u0131r! \u0130yilerin iyisi, iyilik yaparken g\u00f6r\u00fcnmeyenlerdir.&#8221;<\/p><\/div>\n<\/li>\n<\/ul>\n<div dir=\"ltr\">\n<p>&#8211; &#8220;Hayatta \u00f6yle de\u011ferleriniz olsun ki, o de\u011ferler zamana ve \u015fartlara g\u00f6re de\u011fi\u015fmesin.&#8221;<\/p><\/div>\n","protected":false},"excerpt":{"rendered":"<p>Karako\u00e7an Davas\u0131, adaletimizin ger\u00e7ek durumunu ortaya koymas\u0131 bak\u0131m\u0131ndan ibretlik bir davad\u0131r. Bu Dava&#8217;y\u0131 y\u0131llar \u00f6nce (hukuk bilgisine ve adaletine \u00e7ok g\u00fcvendi\u011fim ve ayn\u0131 zamanda yarg\u0131\u00e7l\u0131\u011f\u0131n\u0131 da yak\u0131ndan bilip takdirle kar\u015f\u0131lad\u0131\u011f\u0131m) Yarg\u0131tay&#8217;da iki d\u00f6nem hukuk dairesi ba\u015fkanl\u0131\u011f\u0131 da yapm\u0131\u015f olan, y\u00fcksek yarg\u0131\u00e7l\u0131ktan emekli de\u011ferli A\u011fabeyim say\u0131n Yusuf Ulu\u00e7&#8217;tan dinlemi\u015ftim. Karako\u00e7an Palu&#8217;nun nahiyesi iken ba\u015flayan ve Karako\u00e7an [&hellip;]<\/p>\n","protected":false},"author":14,"featured_media":94437,"comment_status":"open","ping_status":"open","sticky":false,"template":"","format":"standard","meta":{"footnotes":""},"categories":[47],"tags":[],"class_list":["post-95102","post","type-post","status-publish","format-standard","has-post-thumbnail","hentry","category-erdogan-serin"],"views":119,"_links":{"self":[{"href":"https:\/\/mersingazetesi.com\/index.php\/wp-json\/wp\/v2\/posts\/95102","targetHints":{"allow":["GET"]}}],"collection":[{"href":"https:\/\/mersingazetesi.com\/index.php\/wp-json\/wp\/v2\/posts"}],"about":[{"href":"https:\/\/mersingazetesi.com\/index.php\/wp-json\/wp\/v2\/types\/post"}],"author":[{"embeddable":true,"href":"https:\/\/mersingazetesi.com\/index.php\/wp-json\/wp\/v2\/users\/14"}],"replies":[{"embeddable":true,"href":"https:\/\/mersingazetesi.com\/index.php\/wp-json\/wp\/v2\/comments?post=95102"}],"version-history":[{"count":0,"href":"https:\/\/mersingazetesi.com\/index.php\/wp-json\/wp\/v2\/posts\/95102\/revisions"}],"wp:featuredmedia":[{"embeddable":true,"href":"https:\/\/mersingazetesi.com\/index.php\/wp-json\/wp\/v2\/media\/94437"}],"wp:attachment":[{"href":"https:\/\/mersingazetesi.com\/index.php\/wp-json\/wp\/v2\/media?parent=95102"}],"wp:term":[{"taxonomy":"category","embeddable":true,"href":"https:\/\/mersingazetesi.com\/index.php\/wp-json\/wp\/v2\/categories?post=95102"},{"taxonomy":"post_tag","embeddable":true,"href":"https:\/\/mersingazetesi.com\/index.php\/wp-json\/wp\/v2\/tags?post=95102"}],"curies":[{"name":"wp","href":"https:\/\/api.w.org\/{rel}","templated":true}]}}