{"id":94809,"date":"2025-03-24T11:28:29","date_gmt":"2025-03-24T08:28:29","guid":{"rendered":"https:\/\/mersingazetesi.com\/?p=94809"},"modified":"2025-03-24T11:28:29","modified_gmt":"2025-03-24T08:28:29","slug":"gorunen-o-ki-halkimiz-degisim-ve-adalet-istiyor","status":"publish","type":"post","link":"https:\/\/mersingazetesi.com\/index.php\/2025\/03\/24\/gorunen-o-ki-halkimiz-degisim-ve-adalet-istiyor\/","title":{"rendered":"G\u00d6R\u00dcNEN O K\u0130, HALKIMIZ DE\u011e\u0130\u015e\u0130M VE ADALET \u0130ST\u0130YOR!"},"content":{"rendered":"<div dir=\"ltr\">Halk\u0131m\u0131z, Ekrem \u0130mamo\u011flu Olay\u0131&#8217;n\u0131, planl\u0131 ve zaman ayarl\u0131 bir alg\u0131 operasyonu olarak alg\u0131lad\u0131 ve i\u015fini, g\u00fcc\u00fcn\u00fc b\u0131rak\u0131p, yediden yetmi\u015fe sand\u0131k ba\u015f\u0131na ko\u015ftu.<\/div>\n<div dir=\"ltr\">Bunun sonucu olarak da sand\u0131klar adet\u00e2 doldu ta\u015ft\u0131.<\/div>\n<div dir=\"ltr\">\u00d6yle ki, Ana Muhalefet Partisi&#8217;nin, il\u00e7e olma vasf\u0131na ve potansiyeline sahip yerlere bile sand\u0131k koymam\u0131\u015f olmas\u0131na ra\u011fmen, merkezi yerlerde kurulan sand\u0131klara on be\u015f milyon civar\u0131nda oy at\u0131ld\u0131.<\/div>\n<div dir=\"ltr\">Bu demektir ki Halk\u0131m\u0131z de\u011fi\u015fim istiyor.<\/div>\n<div dir=\"ltr\">De\u011fi\u015fimin mimar\u0131 olarak da say\u0131n Ekrem \u0130mamo\u011flu&#8217;nu g\u00f6r\u00fcyor.<\/div>\n<div dir=\"ltr\">Belli ki, Ekrem \u0130mamo\u011flu da halka g\u00fcven vermi\u015f ve ya\u015fanan darl\u0131ktan \u00e7\u0131k\u0131\u015f i\u00e7in umut olmu\u015f g\u00f6r\u00fcn\u00fcyor. Ekrem \u0130mamo\u011flu&#8217;nun i\u00e7eri at\u0131lm\u0131\u015f olmas\u0131 bu ger\u00e7e\u011fi de\u011fi\u015ftirmez.<\/div>\n<div dir=\"ltr\">\u00c7\u00fcnk\u00fc Halk\u0131m\u0131z yarg\u0131n\u0131n vermi\u015f oldu\u011fu bu karar\u0131n isabetli oldu\u011funa inanm\u0131yor.<\/div>\n<div dir=\"ltr\">Daha a\u00e7\u0131k bir ifadeyle, zaman ayarl\u0131 olarak verilen bu karar, halk kat\u0131nda kar\u015f\u0131l\u0131k bulmu\u015fa benzemiyor.<\/div>\n<div dir=\"ltr\">Ku\u015fkusuz ki, bu durum T\u00fcrk Yarg\u0131s\u0131 ad\u0131na son derece \u00fcz\u00fcc\u00fc ve d\u00fc\u015f\u00fcnd\u00fcr\u00fcc\u00fcd\u00fcr. \u00dcz\u00fclerek belirtmek durumunday\u0131m ki, Halk\u0131m\u0131z\u0131n \u00f6nemli bir b\u00f6l\u00fcm\u00fc, yarg\u0131m\u0131z\u0131n ara\u00e7salla\u015ft\u0131r\u0131ld\u0131\u011f\u0131n\u0131 ve baz\u0131 durumlarda da aparat olarak kullan\u0131ld\u0131\u011f\u0131n\u0131 d\u00fc\u015f\u00fcn\u00fcyor.<\/div>\n<div dir=\"ltr\">Bu y\u00fczden de adalete yeterince itibar etmiyor. Daha do\u011frusu adalete g\u00fcvenmiyor.<\/div>\n<div dir=\"ltr\">Nitekim, yap\u0131lan kamuoyu ara\u015ft\u0131rmalar\u0131 da adalete duyulan g\u00fcvensizli\u011fi t\u00fcm \u00e7\u0131plakl\u0131\u011f\u0131yla ortaya koyuyor. An itibariyle adalete olan g\u00fcven Cumhuriyet tarihinin en d\u00fc\u015f\u00fck noktas\u0131ndad\u0131r.<\/div>\n<div dir=\"ltr\">Dip noktas\u0131ndad\u0131r yani.<\/div>\n<div dir=\"ltr\">Hem T\u00fcrk Yarg\u0131s\u0131&#8217;n\u0131n hem de siyaset kurumunun bu konu \u00fczerinde kafa yorup, yarg\u0131sal adaleti hakim k\u0131lacak sa\u011fl\u0131kl\u0131 \u00e7\u00f6z\u00fcmler \u00fcretmesi laz\u0131m. Aksi halde, adalete olan g\u00fcven daha da azalacak ve bu da Devletimizin varl\u0131\u011f\u0131na ve bekas\u0131na ciddi anlamda zarar verecektir.<\/div>\n<div dir=\"ltr\">Her ne sebeple olursa olsun, T\u00fcrkiye Cumhuriyeti Devleti&#8217;nin varl\u0131\u011f\u0131na ve bekas\u0131na zarar vermeye hi\u00e7 kimsenin hakk\u0131 da, yetkisi de yoktur.<br \/>\nUnutmayal\u0131m!<\/div>\n<div dir=\"ltr\">AYARINI BOZDU\u011eUMUZ KANTAR, G\u00dcN GEL\u0130R, BU AYARI BOZANLARI DA TARTAR.<\/div>\n<div dir=\"ltr\"><\/div>\n<div dir=\"ltr\">\u00a0 \u00a0 \u00a0 \u00a0 \u00a0 \u00a0 \u00a0 \u00d6ZL\u00dc S\u00d6Z\u00dcM<\/div>\n<div dir=\"ltr\"><\/div>\n<div>&#8220;G\u00fcne\u015f en \u00e7ok karanl\u0131k kafal\u0131lara hizmet eder amma, ayd\u0131nl\u0131ktan en \u00e7ok korkanlar da onlard\u0131r.&#8221;<\/div>\n","protected":false},"excerpt":{"rendered":"<p>Halk\u0131m\u0131z, Ekrem \u0130mamo\u011flu Olay\u0131&#8217;n\u0131, planl\u0131 ve zaman ayarl\u0131 bir alg\u0131 operasyonu olarak alg\u0131lad\u0131 ve i\u015fini, g\u00fcc\u00fcn\u00fc b\u0131rak\u0131p, yediden yetmi\u015fe sand\u0131k ba\u015f\u0131na ko\u015ftu. Bunun sonucu olarak da sand\u0131klar adet\u00e2 doldu ta\u015ft\u0131. \u00d6yle ki, Ana Muhalefet Partisi&#8217;nin, il\u00e7e olma vasf\u0131na ve potansiyeline sahip yerlere bile sand\u0131k koymam\u0131\u015f olmas\u0131na ra\u011fmen, merkezi yerlerde kurulan sand\u0131klara on be\u015f milyon civar\u0131nda [&hellip;]<\/p>\n","protected":false},"author":14,"featured_media":94437,"comment_status":"open","ping_status":"open","sticky":false,"template":"","format":"standard","meta":{"footnotes":""},"categories":[47],"tags":[],"class_list":["post-94809","post","type-post","status-publish","format-standard","has-post-thumbnail","hentry","category-erdogan-serin"],"views":110,"_links":{"self":[{"href":"https:\/\/mersingazetesi.com\/index.php\/wp-json\/wp\/v2\/posts\/94809","targetHints":{"allow":["GET"]}}],"collection":[{"href":"https:\/\/mersingazetesi.com\/index.php\/wp-json\/wp\/v2\/posts"}],"about":[{"href":"https:\/\/mersingazetesi.com\/index.php\/wp-json\/wp\/v2\/types\/post"}],"author":[{"embeddable":true,"href":"https:\/\/mersingazetesi.com\/index.php\/wp-json\/wp\/v2\/users\/14"}],"replies":[{"embeddable":true,"href":"https:\/\/mersingazetesi.com\/index.php\/wp-json\/wp\/v2\/comments?post=94809"}],"version-history":[{"count":0,"href":"https:\/\/mersingazetesi.com\/index.php\/wp-json\/wp\/v2\/posts\/94809\/revisions"}],"wp:featuredmedia":[{"embeddable":true,"href":"https:\/\/mersingazetesi.com\/index.php\/wp-json\/wp\/v2\/media\/94437"}],"wp:attachment":[{"href":"https:\/\/mersingazetesi.com\/index.php\/wp-json\/wp\/v2\/media?parent=94809"}],"wp:term":[{"taxonomy":"category","embeddable":true,"href":"https:\/\/mersingazetesi.com\/index.php\/wp-json\/wp\/v2\/categories?post=94809"},{"taxonomy":"post_tag","embeddable":true,"href":"https:\/\/mersingazetesi.com\/index.php\/wp-json\/wp\/v2\/tags?post=94809"}],"curies":[{"name":"wp","href":"https:\/\/api.w.org\/{rel}","templated":true}]}}