{"id":94734,"date":"2025-03-23T12:40:31","date_gmt":"2025-03-23T09:40:31","guid":{"rendered":"https:\/\/mersingazetesi.com\/?p=94734"},"modified":"2025-03-23T12:40:31","modified_gmt":"2025-03-23T09:40:31","slug":"ben-yaptim-oldu-anlayisiyla-bu-isler-olmaz","status":"publish","type":"post","link":"https:\/\/mersingazetesi.com\/index.php\/2025\/03\/23\/ben-yaptim-oldu-anlayisiyla-bu-isler-olmaz\/","title":{"rendered":"&#8220;BEN YAPTIM OLDU&#8221; ANLAYI\u015eIYLA BU \u0130\u015eLER OLMAZ!"},"content":{"rendered":"<div>Bu \u00dclke&#8217;de enflasyon d\u00fc\u015fer mi?<br \/>\nD\u00fc\u015fer!<br \/>\nHayat pahal\u0131l\u0131\u011f\u0131 sona erer mi?<br \/>\nErer!<br \/>\nEkonomi d\u00fcze \u00e7\u0131kar m\u0131?<br \/>\n\u00c7\u0131kar!<br \/>\nVatanda\u015f feraha kavu\u015fur mu?<br \/>\nKavu\u015fur!<br \/>\nKavu\u015fur kavu\u015fmas\u0131na da, bug\u00fcnk\u00fc anlay\u0131\u015fla kavu\u015fmaz. Vatanda\u015f\u0131n feraha kavu\u015fmas\u0131 i\u00e7in \u00dclkeyi y\u00f6netme mevki ve sorumlulu\u011funda olanlar\u0131n anlay\u0131\u015f de\u011fi\u015fikli\u011fine gitmeleri \u015fart. Bug\u00fcnk\u00fc &#8220;ben yapt\u0131m oldu&#8221; anlay\u0131\u015fla bu i\u015fler olmaz.<\/div>\n<div>Olmuyor da zaten.<\/div>\n<div>Al\u0131nan karar ve tedbirlere vatanda\u015f\u0131n inanmas\u0131 ve bu kararlar\u0131 ve tedbirleri alanlara da g\u00fcvenmesi laz\u0131m.<\/div>\n<div>An itibariyle b\u00f6yle bir \u015fey s\u00f6z konusu de\u011fil. Daha a\u00e7\u0131k s\u00f6ylemek gerekirse, vatanda\u015f\u0131n b\u00fcy\u00fck bir k\u0131sm\u0131nda y\u00f6netenlere kar\u015f\u0131 inan\u00e7s\u0131zl\u0131k ve g\u00fcvensizlik hakim. Ekonominin d\u00fcze \u00e7\u0131kmas\u0131 ve vatanda\u015f\u0131n da feraha kavu\u015fmas\u0131 i\u00e7in bu iki sorunun halledilmesi laz\u0131m. Bunun da yolu belli. Vatanda\u015f s\u0131k\u0131nt\u0131 \u00e7ekerken, y\u00f6netme mevki ve sorumlulu\u011funda olanlar\u0131n s\u0131k\u0131nt\u0131 yokmu\u015f gibi davranmamalar\u0131 laz\u0131m. S\u0131k\u0131nt\u0131n\u0131n atlat\u0131lmas\u0131 ve ekonominin de d\u00fcze \u00e7\u0131kmas\u0131 i\u00e7in onlar\u0131n da ellerini ta\u015f\u0131n alt\u0131na koymalar\u0131 laz\u0131m. Onlar\u0131n da t\u0131pk\u0131 vatanda\u015flar gibi s\u0131k\u0131nt\u0131ya ortak olmalar\u0131 ve katlanmalar\u0131 laz\u0131m. En \u00f6nemlisi de, adaletin ara\u00e7la\u015ft\u0131r\u0131lmamas\u0131 laz\u0131m. \u00c7a\u011fr\u0131ld\u0131klar\u0131nda ko\u015fa ko\u015fa gelecek insanlar\u0131n \u015fafak operasyonlar\u0131yla g\u00f6zalt\u0131na al\u0131nmamalar\u0131 laz\u0131m. Adaletin, insanlar\u0131 itibars\u0131zla\u015ft\u0131rman\u0131n arac\u0131 olarak kullan\u0131lmamas\u0131 laz\u0131m. K\u0131sacas\u0131, herkesin hukuk g\u00fcvenli\u011finin olmas\u0131 laz\u0131m. Oysa ki, yap\u0131lan kamuoyu ara\u015ft\u0131rmalar\u0131ndan da anla\u015f\u0131laca\u011f\u0131 \u00fczere, vatanda\u015f\u0131n ezici \u00e7o\u011funlu\u011fu adaletin ba\u011f\u0131ms\u0131z ve tarafs\u0131z oldu\u011funa inanm\u0131yor ve bu y\u00fczden de adalete g\u00fcvenmiyor. Ayr\u0131ca, kamu y\u00f6netiminin de a\u00e7\u0131k ve \u015feffaf olmad\u0131\u011f\u0131n\u0131 d\u00fc\u015f\u00fcn\u00fcyor. Demokratik bir d\u00fczende her \u015feyin a\u00e7\u0131k ve \u015feffaf olmas\u0131 laz\u0131m. Di\u011fer bir ifadeyle g\u00f6r\u00fcn\u00fcr olmas\u0131 laz\u0131m. Vatanda\u015f\u0131n da b\u00fct\u00fcn bu olup bitenleri g\u00f6rebilmesi laz\u0131m.<br \/>\nTek ba\u015f\u0131na bunlar yetmez ama! Bunlar\u0131n yan\u0131s\u0131ra baz\u0131 reformlar\u0131n da hayata ge\u00e7irilmesi laz\u0131m. Bu reformlar\u0131n ba\u015f\u0131nda da e\u011fitim reformu geliyor. E\u011fitim sisteminin yeni ba\u015ftan ele al\u0131n\u0131p, \u00e7a\u011f\u0131n gereklerine ve toplumun ihtiya\u00e7lar\u0131na uygun hale getirilmesi laz\u0131m. Verilen e\u011fitim ve \u00f6\u011fretimin, bu s\u00fcrece kat\u0131lanlar\u0131n ki\u015fisel geli\u015fimlerine katk\u0131 sunmas\u0131 ve bilgiden gayr\u0131 olarak yetenek ve beceri de kazand\u0131rmas\u0131 laz\u0131m.<br \/>\n\u00dc\u00e7\u00fcnc\u00fc olarak da, temel hak ve \u00f6zg\u00fcrl\u00fckleri g\u00fcvence alt\u0131na alan ve adalet \u00fcreten, \u00e7a\u011fda\u015f norm ve standartlara sahip yeni bir hukuk sisteminin y\u00fcr\u00fcrl\u00fc\u011fe konulmas\u0131 laz\u0131m.<br \/>\nSon olarak da, g\u00fc\u00e7ler ayr\u0131l\u0131\u011f\u0131na dayal\u0131 yeni bir demokratik sistemin kurulmas\u0131 ve kurulan sistemin de millet iradesini tam olarak yans\u0131tmas\u0131 laz\u0131m.<br \/>\nPeki, \u00dclke&#8217;yi y\u00f6netme mevki ve sorumlulu\u011funda olanlar b\u00fct\u00fcn bunlar\u0131 yapar m\u0131? Ke\u015fke yapsalar ama, g\u00f6r\u00fcnd\u00fc\u011f\u00fc kadar\u0131yla yapmazlar. \u00c7\u00fcnk\u00fc samimi ele\u015ftiri ve uyar\u0131lar\u0131 dikkate almad\u0131klar\u0131 gibi, vatanda\u015f\u0131n feryat figan\u0131n\u0131 da duymuyorlar.<br \/>\nDuymad\u0131klar\u0131 i\u00e7in de &#8220;Ben yapt\u0131m oldu&#8221; anlay\u0131\u015f\u0131nda inat ve \u0131srar ediyorlar Bu anlay\u0131\u015f de\u011fi\u015fmedi\u011fi s\u00fcrece, bu \u00dclke&#8217;de ne enflasyon d\u00fc\u015fer, ne hayat pahal\u0131l\u0131\u011f\u0131 sona erer, ne de ekonomi d\u00fcze \u00e7\u0131kar. Ekonomi d\u00fcze \u00e7\u0131kmad\u0131\u011f\u0131 ve hukuk da adalet \u00fcretmedi\u011fi s\u00fcrece vatanda\u015f\u0131n feraha kavu\u015fmas\u0131 zordur ve hatta imkans\u0131zd\u0131r.<br \/>\nB\u00fct\u00fcn bu olumsuzluklara ra\u011fmen umutsuz olmamak laz\u0131m. \u00c7\u00fcnk\u00fc O\u011fuz Ka\u011fan&#8217;\u0131n da dedi\u011fi gibi &#8220;KARA G\u00dcN KARARIP KALMAZ!&#8221;<\/div>\n<div dir=\"ltr\"><\/div>\n<div>\u00a0 \u00a0 \u00a0 \u00a0 \u00a0 \u00a0 \u00a0\u00d6ZL\u00dc S\u00d6ZLER\u0130M<\/div>\n<div dir=\"ltr\"><\/div>\n<div>&#8211; \u201cBir \u015feyi ba\u011f\u0131rarak anlatmaya kalkmay\u0131n! \u00c7\u00fcnk\u00fc ba\u011f\u0131rd\u0131k\u00e7a sesin g\u00fcc\u00fc y\u00fckselir amma s\u00f6z\u00fcn g\u00fcc\u00fc d\u00fc\u015fer.&#8221;<\/p>\n<p>&#8211; \u201cBu d\u00fcnyada kal\u0131c\u0131 olmak istiyorsan\u0131z, ya e\u015fi bulunmaz eserler b\u0131rakacaks\u0131n\u0131z ya da ibretlik s\u00f6zler s\u00f6yleyeceksiniz!&#8221;<\/p><\/div>\n","protected":false},"excerpt":{"rendered":"<p>Bu \u00dclke&#8217;de enflasyon d\u00fc\u015fer mi? D\u00fc\u015fer! Hayat pahal\u0131l\u0131\u011f\u0131 sona erer mi? Erer! Ekonomi d\u00fcze \u00e7\u0131kar m\u0131? \u00c7\u0131kar! Vatanda\u015f feraha kavu\u015fur mu? Kavu\u015fur! Kavu\u015fur kavu\u015fmas\u0131na da, bug\u00fcnk\u00fc anlay\u0131\u015fla kavu\u015fmaz. Vatanda\u015f\u0131n feraha kavu\u015fmas\u0131 i\u00e7in \u00dclkeyi y\u00f6netme mevki ve sorumlulu\u011funda olanlar\u0131n anlay\u0131\u015f de\u011fi\u015fikli\u011fine gitmeleri \u015fart. Bug\u00fcnk\u00fc &#8220;ben yapt\u0131m oldu&#8221; anlay\u0131\u015fla bu i\u015fler olmaz. Olmuyor da zaten. Al\u0131nan karar [&hellip;]<\/p>\n","protected":false},"author":14,"featured_media":94437,"comment_status":"open","ping_status":"open","sticky":false,"template":"","format":"standard","meta":{"footnotes":""},"categories":[47],"tags":[],"class_list":["post-94734","post","type-post","status-publish","format-standard","has-post-thumbnail","hentry","category-erdogan-serin"],"views":96,"_links":{"self":[{"href":"https:\/\/mersingazetesi.com\/index.php\/wp-json\/wp\/v2\/posts\/94734","targetHints":{"allow":["GET"]}}],"collection":[{"href":"https:\/\/mersingazetesi.com\/index.php\/wp-json\/wp\/v2\/posts"}],"about":[{"href":"https:\/\/mersingazetesi.com\/index.php\/wp-json\/wp\/v2\/types\/post"}],"author":[{"embeddable":true,"href":"https:\/\/mersingazetesi.com\/index.php\/wp-json\/wp\/v2\/users\/14"}],"replies":[{"embeddable":true,"href":"https:\/\/mersingazetesi.com\/index.php\/wp-json\/wp\/v2\/comments?post=94734"}],"version-history":[{"count":0,"href":"https:\/\/mersingazetesi.com\/index.php\/wp-json\/wp\/v2\/posts\/94734\/revisions"}],"wp:featuredmedia":[{"embeddable":true,"href":"https:\/\/mersingazetesi.com\/index.php\/wp-json\/wp\/v2\/media\/94437"}],"wp:attachment":[{"href":"https:\/\/mersingazetesi.com\/index.php\/wp-json\/wp\/v2\/media?parent=94734"}],"wp:term":[{"taxonomy":"category","embeddable":true,"href":"https:\/\/mersingazetesi.com\/index.php\/wp-json\/wp\/v2\/categories?post=94734"},{"taxonomy":"post_tag","embeddable":true,"href":"https:\/\/mersingazetesi.com\/index.php\/wp-json\/wp\/v2\/tags?post=94734"}],"curies":[{"name":"wp","href":"https:\/\/api.w.org\/{rel}","templated":true}]}}