{"id":94656,"date":"2025-03-21T17:05:01","date_gmt":"2025-03-21T14:05:01","guid":{"rendered":"https:\/\/mersingazetesi.com\/?p=94656"},"modified":"2025-03-21T18:06:06","modified_gmt":"2025-03-21T15:06:06","slug":"dunyada-ve-turkiyede-paradigmalar-degisirken","status":"publish","type":"post","link":"https:\/\/mersingazetesi.com\/index.php\/2025\/03\/21\/dunyada-ve-turkiyede-paradigmalar-degisirken\/","title":{"rendered":"D\u00dcNYA\u2019DA VE T\u00dcRK\u0130YE\u2019DE PARAD\u0130GMALAR DE\u011e\u0130\u015e\u0130RKEN\u2026"},"content":{"rendered":"<div>21. Y\u00fczy\u0131l\u0131n ikinci \u00e7eyre\u011fine girerken D\u00fcnyada ve T\u00fcrkiye\u2019de birbirinden ba\u011f\u0131ms\u0131zm\u0131\u015f gibi g\u00f6r\u00fcnen geli\u015fmelerin arkas\u0131nda asl\u0131nda birbiriyle ba\u011flant\u0131l\u0131 olan -paradigma de\u011fi\u015fimleri- yatmaktad\u0131r.<\/div>\n<div>Kuzey Yar\u0131k\u00fcrede \u00e7ok kutuplu D\u00fcnyay\u0131 kabul eden ve se\u00e7imde MAGA (Make America Great Again) slogan\u0131 ile ba\u015flayan Trump 2.0 ile ABD- Rusya aras\u0131nda yak\u0131nla\u015fma ile art\u0131k stratejik rekabet yerine art\u0131k stratejik i\u015f birli\u011fi konu\u015fuluyor.<\/div>\n<div>Anglo Sakson ve Siyonist derin odaklar\u0131n suikast ve \u00f6l\u00fcm tehditlerine ra\u011fmen, tek kutuplu D\u00fcnya\u2019n\u0131n \u00fc\u00e7\u00fcnc\u00fc D\u00fcnya Sava\u015f\u0131 arzusunun aksine, Rusya- Ukrayna Sava\u015f\u0131\u2019nda birden bar\u0131\u015f r\u00fczg\u00e2rlar\u0131 esmeye ba\u015flad\u0131.<\/div>\n<div>ABD ve Rusya, Suudi Arabistan\u2019da g\u00f6r\u00fc\u015fmeler yaparak d\u00fcnyan\u0131n gelece\u011fine, Bar\u0131\u015f i\u00e7inde bir d\u00fcnya i\u00e7in kendi \u00e7\u0131karlar\u0131 ad\u0131na D\u00fcnyadaki geli\u015fmelere y\u00f6n vermeye \u00e7al\u0131\u015f\u0131yorlar. E\u011fer tek kutuplu d\u00fcnya isteyen Anglo-Siyonist odaklar\u0131n daha \u00f6nce birka\u00e7 kez denedikleri gibi Trump ve Putin\u2019i suikast ile \u00f6ld\u00fcrmedikleri takdirde bu s\u00fcre\u00e7 umar\u0131z D\u00fcnya bar\u0131\u015f\u0131na hizmet edecektir.<\/div>\n<div dir=\"ltr\"><\/div>\n<div>\u00dclkemizin oldu\u011fu orta ku\u015fakta t\u00fcm D\u00fcnya\u2019da ter\u00f6r \u00f6rg\u00fct\u00fc olarak kabul etti\u011fi 1978 y\u0131l\u0131nda kurulan PKK\u2019n\u0131n kurucusu \u00d6calan, bebek ve y\u00fczlerce askerimizin katili olarak mahkum olmu\u015ftu. \u00dclkemizdeki bu paradigma de\u011fi\u015fikli\u011finin<\/div>\n<div>22 Ekim 2024 tarihinde bizzat \u00fclk\u00fcc\u00fc hareketin temsilcisi MHP Genel ba\u015fkan\u0131 taraf\u0131ndan \u00d6calan\u2019a Bar\u0131\u015f ad\u0131na TBMM\u2019de umut hakk\u0131 verilerek \u00e7a\u011fr\u0131 yaparak PKK\u2019n\u0131n kendisini fes edece\u011fi kongrenin tarih ve g\u00fcndem verilerek en ge\u00e7 4 May\u0131s 2025(3 May\u0131s T\u00fcrk\u00e7\u00fcl\u00fck g\u00fcn\u00fc ertesi) tarihinde Mu\u015f ilimize ait Malazgirt il\u00e7esinde d\u00fczenlenmesi isteniyor.<\/div>\n<div dir=\"ltr\"><\/div>\n<div>Bu \u00e7a\u011fr\u0131y\u0131 yapan MHP Genel ba\u015fkan\u0131na Nobel Bar\u0131\u015f \u00f6d\u00fcl\u00fc verilmesi bile ifade edilebiliyor.<\/div>\n<div>Ard\u0131ndan cumhurba\u015fkanl\u0131\u011f\u0131 tek adam rejiminin halks\u0131z, T\u00fcrks\u00fcz, Atat\u00fcrk \u2019s\u00fcz ve muhalefetsiz yeni bir rejime do\u011fru ad\u0131mlar att\u0131\u011f\u0131n\u0131 g\u00f6r\u00fcyoruz.<\/div>\n<div>Bu ba\u011flamda, \u0130stanbul B\u00fcy\u00fck\u015fehir Belediye Ba\u015fkan\u0131 Ekrem \u0130mamo\u011flu\u2018nun davet edilerek ifadesi al\u0131naca\u011f\u0131 yerde, \u015eafak operasyonu ile g\u00f6zalt\u0131na al\u0131nmas\u0131 mevcut paradigmalar\u0131n oldu\u011fu normal bir hukuk sistemi i\u00e7erisinde m\u00fcmk\u00fcn olmayacak \u015feylerdir.<\/div>\n<div>Bu geli\u015fmeler Erdo\u011fan, Bah\u00e7eli ve ter\u00f6rist ba\u015f\u0131 \u00d6calan\u2019\u0131n yeni paradigma ortakl\u0131\u011f\u0131n\u0131 g\u00f6steriyor.<\/div>\n<div dir=\"ltr\"><\/div>\n<div>G\u00fcney ku\u015fakta da(Orta Do\u011fu\u2019da) kartlar yeniden da\u011f\u0131t\u0131l\u0131yor.<\/div>\n<div>7 Ekim 2023 tarihinde Hamas\u2019\u0131n \u0130srail\u2019e sald\u0131rmas\u0131yla ba\u015flayan bombard\u0131manlarda Gazze Katliam\u0131 sonunda 50.000\u2019e yak\u0131n masum Filistinli, sava\u015f hukukuna ayk\u0131r\u0131 bir \u015fekilde \u00e7o\u011fu \u00e7ocuk ve kad\u0131n D\u00fcnyan\u0131n g\u00f6z\u00fc \u00f6n\u00fcnde katledildi.<\/div>\n<div>\n<p class=\"p1\">Y\u00fcz binlerce\u00a0<span style=\"line-height: 1.5;\">Filistinli g\u00f6\u00e7 etmek zorunda b\u0131rak\u0131ld\u0131 .<\/span><\/p>\n<\/div>\n<div>Ne uygar bat\u0131 Avrupa\u2019dan ne de BM&#8217;den bu katliam\u0131 \u00f6nlemek i\u00e7in bir inisiyatif al\u0131nmad\u0131.<\/div>\n<div>\u00d6te yandan Ba\u015f\u0131na \u00f6d\u00fcl konmu\u015f kafa kesen I\u015eID\u2019\u00e7ilerden, 2017\u2019den sonra HT\u015e ter\u00f6r \u00f6rg\u00fct\u00fc lideri Colini\u2019nin 8 Aral\u0131k 2024 tarihinde Laik Esat rejimini y\u0131karak yeni bir dinci h\u00fck\u00fcmet kurup, ter\u00f6rist Colani\u2019nin kravat tak\u0131p devlet ba\u015fkan\u0131 olarak kabul ediliyor.<\/div>\n<div>SDG ile YPG\u2018nin yeni Suriye devleti i\u00e7in tan\u0131n\u0131rl\u0131\u011f\u0131 anlam\u0131na gelen anla\u015fma imzal\u0131yorlar.<\/div>\n<div dir=\"ltr\"><\/div>\n<div>D\u00fcnyan\u0131n kuzey, orta ve g\u00fcney ku\u015fakta birbirinden ba\u011flant\u0131s\u0131z g\u00f6r\u00fcnen bu geli\u015fmeler asl\u0131nda birbiriyle ba\u011flant\u0131l\u0131 D\u00fcnyada, b\u00f6lgemizde ve \u00fclkemizdeki paradigma de\u011fi\u015fimleri bir merkezden y\u00f6nlendirilmektedir.<\/div>\n<div dir=\"ltr\"><\/div>\n<div>Bu paradigma de\u011fi\u015fimlerinin umar\u0131z \u00e7ok kutuplu D\u00fcnya ve Bar\u0131\u015f i\u00e7inde insanl\u0131\u011f\u0131n lehine sonu\u00e7lan\u0131r.<\/div>\n<div dir=\"ltr\"><\/div>\n<div>GAZETEC\u0130L\u0130K SU\u00c7 DE\u011e\u0130LD\u0130R!<\/div>\n<div dir=\"ltr\"><\/div>\n<div>\u00a0D\u00fcnyadaki paradigma de\u011fi\u015fikliklerinin etkisiyle \u00fclkemizde de son bir y\u0131ld\u0131r ya\u015fananlar hem demokrasimizi hem de halk\u0131n ekonomik ve sosyal ya\u015fam\u0131n\u0131 derinden etkilemektedir.<\/div>\n<div dir=\"ltr\"><\/div>\n<div>\u00d6zellikle 2017 referandumdan sonra ge\u00e7ti\u011fimiz tek adam rejimi nedeniyle onlarca gazeteci, siyaset\u00e7i ve y\u00fczlerce rejim muhalifi yurtta\u015flar\u0131m\u0131z \u015fafak operasyonlar\u0131yla g\u00f6zalt\u0131na al\u0131nmaktad\u0131r.<\/div>\n<div>Zafer Partisi Genel ba\u015fkan\u0131 \u00dcmit \u00d6zda\u011f\u2019\u0131n g\u00f6zalt\u0131na al\u0131nmas\u0131, son g\u00fcnlerde Ekrem \u0130mamo\u011flu ve y\u00fcze yak\u0131n \u00e7al\u0131\u015fma arkada\u015f\u0131n\u0131n \u015eafak operasyonlar\u0131yla g\u00f6zalt\u0131na al\u0131nmas\u0131 toplumda b\u00fcy\u00fck bir tepki ile kar\u015f\u0131lanmaktad\u0131r.<\/div>\n<div>Bunun yan\u0131 s\u0131ra \u0130smail Saymaz gibi toplumun de\u011fer verdi\u011fi muhalif gazetecilerin g\u00f6zalt\u0131na al\u0131nmas\u0131 \u00fclkemizde ya\u015fanan rejimin s\u0131k\u0131nt\u0131lar\u0131n\u0131 ortaya koymaktad\u0131r.<\/div>\n<div>Sokakta r\u00f6portaj yapan gazeteciler, \u00fcniversitede e\u011fitim alan \u00f6\u011frencilerin ve veren hocalar\u0131n tutuklanarak g\u00f6zalt\u0131na al\u0131nmas\u0131 \u00fclkemizin i\u00e7inde bulundu\u011fu otokratik ortam\u0131 fazlas\u0131yla anlatmaktad\u0131r.<\/div>\n<div dir=\"ltr\"><\/div>\n<div>Gazetecili\u011fin ve yasalar i\u00e7erisindeki muhalefetin su\u00e7 olmad\u0131\u011f\u0131 ortamda ba\u015fta \u00dcmit \u00d6zda\u011f olmak \u00fczere, tutuklu veya g\u00f6zalt\u0131ndaki \u0130stanbul B\u00fcy\u00fck\u015fehir Belediye ba\u015fkan\u0131 Ekrem \u0130mamo\u011flu ve arkada\u015flar\u0131 ile, kayyum atanan su\u00e7suzlu\u011fu mahkemece karar verilmemi\u015f t\u00fcm belediye ba\u015fkanlar\u0131 ile ba\u015fta gazeteci \u0130smail Saymaz\u2019\u0131n olmak \u00fczere;<\/div>\n<div>\u00d6zg\u00fcrl\u00fckleri k\u0131s\u0131tlanan t\u00fcm gazetecilerin ve \u015fiddete bula\u015fmam\u0131\u015f, hakaret etmeden ele\u015ftiri hakk\u0131n\u0131 kullanan yurtta\u015flar\u0131m\u0131z\u0131n en k\u0131sa zamanda \u00f6zg\u00fcrl\u00fcklerine kavu\u015fmas\u0131n\u0131 diliyorum.<\/div>\n<div dir=\"ltr\"><\/div>\n<div>\u00d6te yandan i\u00e7inde bulundu\u011fumuz bu bunal\u0131mdan \u00e7\u0131kmak i\u00e7in \u00f6ncelikle halk\u0131n da s\u00fcrece kat\u0131laca\u011f\u0131 -bir bunal\u0131mdan \u00e7\u0131k\u0131\u015f program\u0131- \u00fczerinde anla\u015farak \u00fclkemizdeki t\u00fcm muhalefetin bir araya gelmesini gerektirmektedir.<\/div>\n<div>\u00dclkemizde yap\u0131lacak ilk genel se\u00e7imlerden sonra muhalefetin g\u00f6sterece\u011fi ortak cumhurba\u015fkan\u0131 aday\u0131 ile \u00fclkemize demokrasi ve adaletin gelmesiyle, ekonomik refah\u0131n sa\u011flanaca\u011f\u0131na, ya\u015fanan derin yoksulluk bitecektir.<\/div>\n<div dir=\"ltr\"><\/div>\n<div>BU NEDENLE, \u0130LK ADIM OLARAK \u0130\u00c7\u0130NDE BULUNDU\u011eUMUZ BU KARABASANDAN \u00a0KURTULMAK \u0130\u00c7\u0130N T\u00dcM YURTTA\u015eLARIMIZIN 23 MART PAZAR G\u00dcN\u00dc, CUMHURBA\u015eKANI ADAYINI BEL\u0130RLEMEK \u00dcZERE MERS\u0130N\u2019DE CHP \u0130L VE \u0130L\u00c7E B\u0130NALARINDA VE G\u00d6STER\u0130LECEK YERLERDE OYLARINI KULLANMALARI \u00c7OK \u00d6NEML\u0130 BIR YURTTA\u015eLIK G\u00d6REV\u0130D\u0130R.<\/div>\n<div dir=\"ltr\"><\/div>\n<div>Yaz\u0131m\u0131, bug\u00fcnlerde her yerde s\u0131k\u00e7a duydu\u011fumuz \u015fu sloganla bitirmek istiyorum.<\/div>\n<div dir=\"ltr\"><\/div>\n<div>&#8220;Kurtulu\u015f yok tek ba\u015f\u0131na,<\/div>\n<div>ya hep beraber ya hi\u00e7birimiz..!&#8221;<\/div>\n","protected":false},"excerpt":{"rendered":"<p>21. Y\u00fczy\u0131l\u0131n ikinci \u00e7eyre\u011fine girerken D\u00fcnyada ve T\u00fcrkiye\u2019de birbirinden ba\u011f\u0131ms\u0131zm\u0131\u015f gibi g\u00f6r\u00fcnen geli\u015fmelerin arkas\u0131nda asl\u0131nda birbiriyle ba\u011flant\u0131l\u0131 olan -paradigma de\u011fi\u015fimleri- yatmaktad\u0131r. Kuzey Yar\u0131k\u00fcrede \u00e7ok kutuplu D\u00fcnyay\u0131 kabul eden ve se\u00e7imde MAGA (Make America Great Again) slogan\u0131 ile ba\u015flayan Trump 2.0 ile ABD- Rusya aras\u0131nda yak\u0131nla\u015fma ile art\u0131k stratejik rekabet yerine art\u0131k stratejik i\u015f birli\u011fi konu\u015fuluyor. [&hellip;]<\/p>\n","protected":false},"author":13,"featured_media":94657,"comment_status":"open","ping_status":"open","sticky":false,"template":"","format":"standard","meta":{"footnotes":""},"categories":[28],"tags":[],"class_list":["post-94656","post","type-post","status-publish","format-standard","has-post-thumbnail","hentry","category-serdar-erkan"],"views":667,"_links":{"self":[{"href":"https:\/\/mersingazetesi.com\/index.php\/wp-json\/wp\/v2\/posts\/94656","targetHints":{"allow":["GET"]}}],"collection":[{"href":"https:\/\/mersingazetesi.com\/index.php\/wp-json\/wp\/v2\/posts"}],"about":[{"href":"https:\/\/mersingazetesi.com\/index.php\/wp-json\/wp\/v2\/types\/post"}],"author":[{"embeddable":true,"href":"https:\/\/mersingazetesi.com\/index.php\/wp-json\/wp\/v2\/users\/13"}],"replies":[{"embeddable":true,"href":"https:\/\/mersingazetesi.com\/index.php\/wp-json\/wp\/v2\/comments?post=94656"}],"version-history":[{"count":0,"href":"https:\/\/mersingazetesi.com\/index.php\/wp-json\/wp\/v2\/posts\/94656\/revisions"}],"wp:featuredmedia":[{"embeddable":true,"href":"https:\/\/mersingazetesi.com\/index.php\/wp-json\/wp\/v2\/media\/94657"}],"wp:attachment":[{"href":"https:\/\/mersingazetesi.com\/index.php\/wp-json\/wp\/v2\/media?parent=94656"}],"wp:term":[{"taxonomy":"category","embeddable":true,"href":"https:\/\/mersingazetesi.com\/index.php\/wp-json\/wp\/v2\/categories?post=94656"},{"taxonomy":"post_tag","embeddable":true,"href":"https:\/\/mersingazetesi.com\/index.php\/wp-json\/wp\/v2\/tags?post=94656"}],"curies":[{"name":"wp","href":"https:\/\/api.w.org\/{rel}","templated":true}]}}