{"id":94649,"date":"2025-03-21T15:43:34","date_gmt":"2025-03-21T12:43:34","guid":{"rendered":"https:\/\/mersingazetesi.com\/?p=94649"},"modified":"2025-03-21T15:43:34","modified_gmt":"2025-03-21T12:43:34","slug":"keman-sanatcisi-lacin-akyolun-olumune-neden-olan-surucunun-davasi-agir-cezada-gorulecek","status":"publish","type":"post","link":"https:\/\/mersingazetesi.com\/index.php\/2025\/03\/21\/keman-sanatcisi-lacin-akyolun-olumune-neden-olan-surucunun-davasi-agir-cezada-gorulecek\/","title":{"rendered":"Keman sanat\u00e7\u0131s\u0131 La\u00e7in Akyol&#8217;un \u00f6l\u00fcm\u00fcne neden olan s\u00fcr\u00fcc\u00fcn\u00fcn davas\u0131 a\u011f\u0131r cezada g\u00f6r\u00fclecek"},"content":{"rendered":"<p>Mersin&#8217;de otomobiliyle \u00e7arpt\u0131\u011f\u0131 18 ya\u015f\u0131ndaki \u00f6d\u00fcll\u00fc keman sanat\u00e7\u0131s\u0131 La\u00e7in Akyol&#8217;un \u00f6l\u00fcm\u00fcne neden olan s\u00fcr\u00fcc\u00fcn\u00fcn, asliye cezada g\u00f6r\u00fclen ilk davan\u0131n ard\u0131ndan dosyas\u0131 a\u011f\u0131r ceza mahkemesine g\u00f6nderildi. \u0130lk duru\u015fmada san\u0131k \u0130brahim Halil \u00c7., &#8220;Ben sol \u015feritte giderken birdenbire bir yaya \u00f6n\u00fcme \u00e7\u0131kt\u0131, \u00e7\u0131kar \u00e7\u0131kmaz \u00e7arpt\u0131m&#8221; ifadelerini kulland\u0131.<br \/>\n\u0130svi\u00e7re&#8217;de m\u00fczik e\u011fitimi alan ve kayak yaparken aya\u011f\u0131n\u0131n k\u0131r\u0131lmas\u0131 \u00fczerine Mersin&#8217;deki ailesinin yan\u0131na d\u00f6nen La\u00e7in Akyol, Adnan Menderes Bulvar\u0131&#8217;nda 25 Ocak&#8217;ta yolun kar\u015f\u0131s\u0131na ge\u00e7erken, \u0130brahim Halil \u00c7.&#8217;nin kulland\u0131\u011f\u0131 33 CBR 05 plakal\u0131 otomobilin \u00e7arpmas\u0131 sonucu a\u011f\u0131r yaraland\u0131. Mersin \u00dcniversitesi T\u0131p Fak\u00fcltesi Hastanesi&#8217;ne kald\u0131r\u0131larak tedavi alt\u0131na al\u0131nan Akyol, yo\u011fun bak\u0131mdaki m\u00fcdahalelere ra\u011fmen 6 \u015eubat&#8217;ta hayat\u0131n\u0131 kaybetti. Kazayla ilgili Mersin Cumhuriyet Ba\u015fsavc\u0131l\u0131\u011f\u0131nca y\u00fcr\u00fct\u00fclen soru\u015fturma tamamland\u0131. Tutuklanan s\u00fcr\u00fcc\u00fc \u0130brahim Halil \u00c7.&#8217;nin &#8216;bilin\u00e7li taksirle \u00f6ld\u00fcrme&#8217; su\u00e7undan 2 y\u0131l 8 aydan 9 y\u0131la kadar hapsinin istendi\u011fi iddianame, Mersin 17. Asliye Ceza Mahkemesince kabul edildi. Haz\u0131rlanan iddianamede yer alan kaza tespit tutana\u011f\u0131nda, san\u0131\u011f\u0131n 2918 Say\u0131l\u0131 Karayollar\u0131 Trafik Kanunu&#8217;nun &#8216;Yayalara ilk ge\u00e7i\u015f hakk\u0131 verilmesi&#8217; maddesini ihlal etti\u011fi, Akyol&#8217;un ise kazada kusurunun bulunmad\u0131\u011f\u0131 kanaatine var\u0131ld\u0131\u011f\u0131 ifade edildi.<\/p>\n<p>&#8220;\u00c7arpma an\u0131ndan sonra frene bast\u0131m, yayay\u0131 hi\u00e7 g\u00f6rmedim&#8221;<br \/>\nKazayla ilgili Mersin 17. Asliye Ceza Mahkemesinde g\u00f6r\u00fclen ilk duru\u015fmaya tutuklu san\u0131k \u0130brahim Halil \u00c7., La\u00e7in&#8217;in ailesi ve taraf avukatlar\u0131 kat\u0131ld\u0131. Duru\u015fmada dinlenen san\u0131k \u0130brahim Halil \u00c7., &#8220;Olay g\u00fcn\u00fc ben yolda sol \u015feritte seyir halinde gidiyordum, trafik sol \u015feritte ak\u0131yordu. Sa\u011f \u015feritte de trafik ak\u0131yordu. Ben sol \u015feritte giderken birdenbire bir yaya \u00f6n\u00fcme \u00e7\u0131kt\u0131. Yaya \u00f6n\u00fcme \u00e7\u0131kar \u00e7\u0131kmaz \u00e7arpt\u0131m, yaya kaputa \u00e7\u0131kt\u0131ktan sonra fren yapt\u0131m, m\u00fcteveffa sol ref\u00fcj taraf\u0131na savruldu. Hakk\u0131mda ceza verilecekse e\u011fer h\u00fckm\u00fcn a\u00e7\u0131klanmas\u0131n\u0131n geri b\u0131rak\u0131lmas\u0131n\u0131 kabul ederim&#8221; dedi.<br \/>\nMahkeme heyeti ve m\u00fc\u015fteki avukatlar\u0131n\u0131n sorular\u0131n\u0131 da yan\u0131tlayan san\u0131k, &#8220;Ben sa\u011fdaki arac\u0131n durdu\u011funu fark etmedim. Ben selekt\u00f6r yapt\u0131\u011f\u0131m\u0131 hat\u0131rlam\u0131yorum. \u00c7arpma an\u0131ndan sonra frene bast\u0131m, \u00f6ncesinde basamad\u0131m, yayay\u0131 hi\u00e7 g\u00f6rmedim&#8221; diye konu\u015ftu.<br \/>\nDuru\u015fmada La\u00e7in Akyol&#8217;un ailesi de \u015fikayet\u00e7i olduklar\u0131n\u0131 belirterek san\u0131\u011f\u0131n cezaland\u0131r\u0131lmas\u0131n\u0131 talep etti.<\/p>\n<p>San\u0131k ve m\u00fc\u015fteki avukatlar\u0131 savunma yapt\u0131<br \/>\nSan\u0131k ve m\u00fc\u015ftekilerin dinlenmesinin ard\u0131ndan taraf avukatlar\u0131 s\u00f6z ald\u0131. San\u0131k avukat\u0131 Serdar Do\u011fan, &#8220;Olas\u0131 kast ve bilin\u00e7li taksir ayr\u0131m\u0131na ili\u015fkin yap\u0131lan a\u00e7\u0131klamalar bizim de savunmam\u0131z\u0131 destekler niteliktedir. M\u00fcvekkilimin olursa olsun gibi bir inanc\u0131 yoktur. G\u00f6r\u00fcnt\u00fclerde m\u00fcvekkilimin m\u00fcteveffay\u0131 g\u00f6rd\u00fc\u011f\u00fcne dair herhangi bir delil yoktur&#8221; \u015feklinde konu\u015ftu.<br \/>\nM\u00fc\u015fteki avukat\u0131 Berkay Boran ise iddianamenin bilin\u00e7li taksirden d\u00fczenlendi\u011fine de\u011finerek, &#8220;Lakin somut olay\u0131 irdeledi\u011fimizde olayda bilin\u00e7li taksiri a\u015fan olas\u0131 kast mevcuttur. Ayr\u0131nt\u0131l\u0131 dilek\u00e7emiz uzman m\u00fctalaam\u0131z ve dilek\u00e7ede sunmu\u015f oldu\u011fumuz Yarg\u0131tay i\u00e7tihatlar\u0131 do\u011frultusunda san\u0131\u011f\u0131n eyleminin TCK madde 21\/2 kapsam\u0131nda olas\u0131 kastla adam \u00f6ld\u00fcrme su\u00e7u oldu\u011fundan bahisle mahkemeniz taraf\u0131ndan g\u00f6revsizlik karar\u0131 verilmesi talebimiz bulunmaktad\u0131r. Uzman g\u00f6r\u00fc\u015f\u00fcm\u00fcz\u00fcn mahkemece dikkate al\u0131nmas\u0131, dosyan\u0131n g\u00f6revli a\u011f\u0131r ceza mahkemesine g\u00f6nderilmesini talep ederiz&#8221; ifadelerini kulland\u0131.<\/p>\n<p>Savc\u0131, dosyan\u0131n a\u011f\u0131r cezaya g\u00f6nderilmesini talep etti<br \/>\nDaha sonra savc\u0131 m\u00fctalaas\u0131nda, san\u0131k \u00fczerine at\u0131l\u0131 su\u00e7un olas\u0131 kastla \u00f6ld\u00fcrme su\u00e7una v\u00fccut verebilece\u011fi ihtimaline binaen, buna ili\u015fkin incelemenin \u00fcst yetkili mahkeme olan a\u011f\u0131r ceza mahkemesince yap\u0131lmas\u0131 gerekti\u011fi, dosyan\u0131n g\u00f6revli a\u011f\u0131r ceza mahkemesine g\u00f6nderilmesini ve tutuklulu\u011fun devam\u0131na karar verilmesini talep etti. San\u0131k ve avukat\u0131 m\u00fctalaaya kat\u0131lmayarak, tahliye talebinde bulundu.<br \/>\nMahkeme heyeti ise, san\u0131\u011f\u0131n kusurunun bilin\u00e7li taksir derecesini ge\u00e7ip olas\u0131 kasta ula\u015f\u0131p ula\u015fmad\u0131\u011f\u0131n\u0131n, dolay\u0131s\u0131yla eyleminin &#8216;kasten \u00f6ld\u00fcrme&#8217; su\u00e7unu olu\u015fturup olu\u015fturmayaca\u011f\u0131 hususuna ili\u015fkin delillerin takdiri ve tart\u0131\u015f\u0131lmas\u0131n\u0131n bir \u00fcst mahkeme olan a\u011f\u0131r ceza mahkemesine ait oldu\u011fu y\u00f6n\u00fcnde g\u00f6revsizlik karar\u0131 vererek, san\u0131k hakk\u0131nda yarg\u0131lama yapmak \u00fczere dosyan\u0131n Mersin A\u011f\u0131r Ceza Mahkemesine g\u00f6nderilmesine karar verdi.<\/p>\n<p>Organlar\u0131 ba\u011f\u0131\u015flanm\u0131\u015ft\u0131<br \/>\n\u00d6te yandan, Mersin \u00dcniversitesi T\u0131p Fak\u00fcltesi Hastanesi&#8217;nde tedavi g\u00f6r\u00fcrken hayat\u0131n\u0131 kaybeden La\u00e7in Akyol&#8217;un ba\u011f\u0131\u015flanan karaci\u011feri Malatya&#8217;da, bir b\u00f6bre\u011fi Mersin&#8217;de ve di\u011fer b\u00f6bre\u011fi de Kayseri&#8217;deki hastalara nakledilmi\u015fti. Cumhurba\u015fkanl\u0131\u011f\u0131 Senfoni Orkestras\u0131 ve MDOB&#8217;un bir\u00e7ok konserinde sahne alan gen\u00e7 kemanc\u0131, 2015&#8217;te d\u00fczenlenen Uluslararas\u0131 Grumiaux Gen\u00e7 Kemanc\u0131lar Yar\u0131\u015fmas\u0131nda \u00fc\u00e7\u00fcnc\u00fc olmu\u015ftu. Cumhurba\u015fkan\u0131 Recep Tayyip Erdo\u011fan, Akyol&#8217;a hediye keman g\u00f6ndermi\u015fti. Cumhurba\u015fkan\u0131 Erdo\u011fan&#8217;\u0131n g\u00f6nderdi\u011fi keman\u0131 d\u00f6nemin Mersin Valisi \u00d6zdemir \u00c7akacak, La\u00e7in Akyol&#8217;a vermi\u015fti.<\/p>\n","protected":false},"excerpt":{"rendered":"<p>Mersin&#8217;de otomobiliyle \u00e7arpt\u0131\u011f\u0131 18 ya\u015f\u0131ndaki \u00f6d\u00fcll\u00fc keman sanat\u00e7\u0131s\u0131 La\u00e7in Akyol&#8217;un \u00f6l\u00fcm\u00fcne neden olan s\u00fcr\u00fcc\u00fcn\u00fcn, asliye cezada g\u00f6r\u00fclen ilk davan\u0131n ard\u0131ndan dosyas\u0131 a\u011f\u0131r ceza mahkemesine g\u00f6nderildi. \u0130lk duru\u015fmada san\u0131k \u0130brahim Halil \u00c7., &#8220;Ben sol \u015feritte giderken birdenbire bir yaya \u00f6n\u00fcme \u00e7\u0131kt\u0131, \u00e7\u0131kar \u00e7\u0131kmaz \u00e7arpt\u0131m&#8221; ifadelerini kulland\u0131. \u0130svi\u00e7re&#8217;de m\u00fczik e\u011fitimi alan ve kayak yaparken aya\u011f\u0131n\u0131n k\u0131r\u0131lmas\u0131 \u00fczerine [&hellip;]<\/p>\n","protected":false},"author":2,"featured_media":94650,"comment_status":"open","ping_status":"open","sticky":false,"template":"","format":"standard","meta":{"footnotes":""},"categories":[1],"tags":[],"class_list":["post-94649","post","type-post","status-publish","format-standard","has-post-thumbnail","hentry","category-gundem"],"views":33,"_links":{"self":[{"href":"https:\/\/mersingazetesi.com\/index.php\/wp-json\/wp\/v2\/posts\/94649","targetHints":{"allow":["GET"]}}],"collection":[{"href":"https:\/\/mersingazetesi.com\/index.php\/wp-json\/wp\/v2\/posts"}],"about":[{"href":"https:\/\/mersingazetesi.com\/index.php\/wp-json\/wp\/v2\/types\/post"}],"author":[{"embeddable":true,"href":"https:\/\/mersingazetesi.com\/index.php\/wp-json\/wp\/v2\/users\/2"}],"replies":[{"embeddable":true,"href":"https:\/\/mersingazetesi.com\/index.php\/wp-json\/wp\/v2\/comments?post=94649"}],"version-history":[{"count":0,"href":"https:\/\/mersingazetesi.com\/index.php\/wp-json\/wp\/v2\/posts\/94649\/revisions"}],"wp:featuredmedia":[{"embeddable":true,"href":"https:\/\/mersingazetesi.com\/index.php\/wp-json\/wp\/v2\/media\/94650"}],"wp:attachment":[{"href":"https:\/\/mersingazetesi.com\/index.php\/wp-json\/wp\/v2\/media?parent=94649"}],"wp:term":[{"taxonomy":"category","embeddable":true,"href":"https:\/\/mersingazetesi.com\/index.php\/wp-json\/wp\/v2\/categories?post=94649"},{"taxonomy":"post_tag","embeddable":true,"href":"https:\/\/mersingazetesi.com\/index.php\/wp-json\/wp\/v2\/tags?post=94649"}],"curies":[{"name":"wp","href":"https:\/\/api.w.org\/{rel}","templated":true}]}}