{"id":94622,"date":"2025-03-21T11:39:32","date_gmt":"2025-03-21T08:39:32","guid":{"rendered":"https:\/\/mersingazetesi.com\/?p=94622"},"modified":"2025-03-21T11:39:32","modified_gmt":"2025-03-21T08:39:32","slug":"sari-okuz-hikayesi","status":"publish","type":"post","link":"https:\/\/mersingazetesi.com\/index.php\/2025\/03\/21\/sari-okuz-hikayesi\/","title":{"rendered":"SARI \u00d6K\u00dcZ H\u0130KAYES\u0130"},"content":{"rendered":"<p>Bu hikaye, birlik ve beraberli\u011fin \u00f6nemini anlatan ibretlik bir fabld\u0131r.<br \/>\nHikayeye g\u00f6re, zaman\u0131n birinde b\u00fcy\u00fck bir \u00f6k\u00fcz s\u00fcr\u00fcs\u00fc, vah\u015fi hayvan sald\u0131r\u0131lar\u0131ndan korunmak i\u00e7in ormanda birbirlerine kenetlenmi\u015f halde ya\u015farlarm\u0131\u015f.<br \/>\nBu birlik ve dayan\u0131\u015fma ruhu y\u00fcz\u00fcnden, ormandaki Arslanlar isteseler de s\u00fcr\u00fcdeki \u00f6k\u00fczleri avlayamazlarm\u0131\u015f.<br \/>\nG\u00fcnlerden bir g\u00fcn, Arslanlardan biri s\u00fcr\u00fcye iyice yakla\u015fm\u0131\u015f ve \u015f\u00f6yle demi\u015f!<br \/>\n-Biz sizin d\u00fc\u015fman\u0131n\u0131z de\u011filiz! Fakat \u015fu i\u00e7inizdeki sar\u0131 \u00f6k\u00fcz g\u00f6z\u00fcm\u00fcz\u00fc \u00e7ok ok\u015fuyor. E\u011fer onu bize verirseniz sizinle bundan b\u00f6yle bar\u0131\u015f i\u00e7inde ya\u015far\u0131z.<br \/>\n\u00d6k\u00fczler bu teklifi d\u00fc\u015f\u00fcnm\u00fc\u015fler, ta\u015f\u0131nm\u0131\u015flar ve sar\u0131 \u00f6k\u00fcz\u00fc vermeleri halinde rahata erecekleri kan\u0131s\u0131na var\u0131p, arkada\u015flar\u0131n\u0131 Arslanlara vermeyi kabul etmi\u015fler.<br \/>\nArslanlar sar\u0131 \u00f6k\u00fcz\u00fc al\u0131p g\u00f6t\u00fcrd\u00fckten sonra afiyetle yemi\u015fler ve bir m\u00fcddet ortal\u0131kta hi\u00e7 g\u00f6r\u00fcnmemi\u015fler. Ancak, bir s\u00fcre sonra tekrar geri gelmi\u015fler ve bu sefer de ba\u015fka bir \u00f6k\u00fcz\u00fc istemi\u015fler. Yine benzer g\u00fcvenceler verip, s\u00fcr\u00fcden bir ba\u015fka \u00f6k\u00fcz\u00fc daha kopar\u0131p yemi\u015fler.<br \/>\n\u00d6k\u00fczler her pazarl\u0131kta bir arkada\u015flar\u0131n\u0131 daha feda edince, s\u00fcr\u00fc iyice k\u00fc\u00e7\u00fclm\u00fc\u015f ve say\u0131ca Arslanlara kar\u015f\u0131 koyamayacak bir hale gelmi\u015f.<br \/>\nS\u00fcr\u00fcn\u00fcn iyice k\u00fc\u00e7\u00fcld\u00fc\u011f\u00fcn\u00fc g\u00f6ren Arslanlar, bu durumu f\u0131rsat bilip topluca sald\u0131r\u0131ya ge\u00e7mi\u015fler.<br \/>\nArslanlar\u0131n sald\u0131r\u0131ya ge\u00e7ti\u011fini g\u00f6ren \u00f6k\u00fczlerden biri arkada\u015flar\u0131na \u015f\u00f6yle demi\u015f!<br \/>\n-Biz bu sava\u015f\u0131, sar\u0131 \u00f6k\u00fcz\u00fc verdi\u011fimiz g\u00fcn kaybettik.<\/p>\n<p>FABL NED\u0130R?<\/p>\n<p>Hayattan al\u0131nan k\u00fc\u00e7\u00fcc\u00fck kesitlerin hayvanlar ya da bitkiler aras\u0131nda ge\u00e7mi\u015f gibi anlat\u0131ld\u0131\u011f\u0131 bir t\u00fcr k\u0131sa \u00f6yk\u00fcd\u00fcr. Fabl, genellikle ders vermek, d\u00fc\u015f\u00fcnd\u00fcrmek ve g\u00fcld\u00fcrmek amac\u0131yla yaz\u0131l\u0131r.<\/p>\n<p>D\u0130PLOMA<\/p>\n<p>\u201cDiploma, se\u00e7im e\u015fit \u015fartlarda yap\u0131ls\u0131n diye iptal edilmi\u015f.\u201d<br \/>\nODT\u00dc Payla\u015f\u0131m\u0131d\u0131r.<\/p>\n","protected":false},"excerpt":{"rendered":"<p>Bu hikaye, birlik ve beraberli\u011fin \u00f6nemini anlatan ibretlik bir fabld\u0131r. Hikayeye g\u00f6re, zaman\u0131n birinde b\u00fcy\u00fck bir \u00f6k\u00fcz s\u00fcr\u00fcs\u00fc, vah\u015fi hayvan sald\u0131r\u0131lar\u0131ndan korunmak i\u00e7in ormanda birbirlerine kenetlenmi\u015f halde ya\u015farlarm\u0131\u015f. Bu birlik ve dayan\u0131\u015fma ruhu y\u00fcz\u00fcnden, ormandaki Arslanlar isteseler de s\u00fcr\u00fcdeki \u00f6k\u00fczleri avlayamazlarm\u0131\u015f. G\u00fcnlerden bir g\u00fcn, Arslanlardan biri s\u00fcr\u00fcye iyice yakla\u015fm\u0131\u015f ve \u015f\u00f6yle demi\u015f! -Biz sizin d\u00fc\u015fman\u0131n\u0131z [&hellip;]<\/p>\n","protected":false},"author":14,"featured_media":94437,"comment_status":"open","ping_status":"open","sticky":false,"template":"","format":"standard","meta":{"footnotes":""},"categories":[47],"tags":[],"class_list":["post-94622","post","type-post","status-publish","format-standard","has-post-thumbnail","hentry","category-erdogan-serin"],"views":113,"_links":{"self":[{"href":"https:\/\/mersingazetesi.com\/index.php\/wp-json\/wp\/v2\/posts\/94622","targetHints":{"allow":["GET"]}}],"collection":[{"href":"https:\/\/mersingazetesi.com\/index.php\/wp-json\/wp\/v2\/posts"}],"about":[{"href":"https:\/\/mersingazetesi.com\/index.php\/wp-json\/wp\/v2\/types\/post"}],"author":[{"embeddable":true,"href":"https:\/\/mersingazetesi.com\/index.php\/wp-json\/wp\/v2\/users\/14"}],"replies":[{"embeddable":true,"href":"https:\/\/mersingazetesi.com\/index.php\/wp-json\/wp\/v2\/comments?post=94622"}],"version-history":[{"count":0,"href":"https:\/\/mersingazetesi.com\/index.php\/wp-json\/wp\/v2\/posts\/94622\/revisions"}],"wp:featuredmedia":[{"embeddable":true,"href":"https:\/\/mersingazetesi.com\/index.php\/wp-json\/wp\/v2\/media\/94437"}],"wp:attachment":[{"href":"https:\/\/mersingazetesi.com\/index.php\/wp-json\/wp\/v2\/media?parent=94622"}],"wp:term":[{"taxonomy":"category","embeddable":true,"href":"https:\/\/mersingazetesi.com\/index.php\/wp-json\/wp\/v2\/categories?post=94622"},{"taxonomy":"post_tag","embeddable":true,"href":"https:\/\/mersingazetesi.com\/index.php\/wp-json\/wp\/v2\/tags?post=94622"}],"curies":[{"name":"wp","href":"https:\/\/api.w.org\/{rel}","templated":true}]}}