{"id":94518,"date":"2025-03-20T11:08:26","date_gmt":"2025-03-20T08:08:26","guid":{"rendered":"https:\/\/mersingazetesi.com\/?p=94518"},"modified":"2025-03-20T11:32:27","modified_gmt":"2025-03-20T08:32:27","slug":"gercek-gazeteci-tetikcilik-yapmaz","status":"publish","type":"post","link":"https:\/\/mersingazetesi.com\/index.php\/2025\/03\/20\/gercek-gazeteci-tetikcilik-yapmaz\/","title":{"rendered":"GER\u00c7EK GAZETEC\u0130 TET\u0130K\u00c7\u0130L\u0130K YAPMAZ!"},"content":{"rendered":"<div dir=\"ltr\">\n<div dir=\"ltr\">Zor bir i\u015ftir gazetecilik! Ve hatta mihnetli bir i\u015ftir. \u00d6zellikle de ara\u015ft\u0131rmac\u0131 gazetecilik&#8230; \u00c7\u00fcnk\u00fc ger\u00e7ek(ara\u015ft\u0131rmac\u0131) gazeteci, bas\u0131n ahlak ve ilkelerini de g\u00f6zeterek, ger\u00e7e\u011fin pe\u015finde ko\u015fan namuslu insand\u0131r ve halk\u0131n da g\u00f6n\u00fcll\u00fc avukat\u0131d\u0131r.<\/div>\n<div>G\u00f6n\u00fcll\u00fc savunucusudur yani. Haks\u0131zl\u0131k, yolsuzluk, us\u00fcls\u00fczl\u00fck ve adaletsizlik gibi, halk\u0131n iyili\u011fine, esenli\u011fine olmayan ne varsa, hepsini arar, bulur, ortaya \u00e7\u0131kar\u0131r.<\/div>\n<div>Bu y\u00fczden de ara\u015ft\u0131rmac\u0131 gazetecinin d\u00fc\u015fman\u0131 \u00e7oktur. En ba\u015f d\u00fc\u015fmanlar\u0131 da, halk\u0131n a\u015f\u0131na, ekme\u011fine g\u00f6z koyanlar ile ipli\u011fini pazara \u00e7\u0131kard\u0131\u011f\u0131 siyasal iktidarlard\u0131r.<\/div>\n<div>Onun i\u00e7indir ki, haks\u0131zl\u0131\u011f\u0131, hukuksuzlu\u011fu, adaletsizli\u011fi al\u0131\u015fkanl\u0131k haline getirenler, ellerindeki g\u00fcc\u00fc de kullanarak ve her t\u00fcrl\u00fc yola, y\u00f6nteme de ba\u015fvurarak, ger\u00e7ek gazetecileri susturmak ve m\u00fcmk\u00fcnse kalemlerini k\u0131rmak isterler.<\/div>\n<div>Bunu ba\u015faramad\u0131klar\u0131 takdirde de iftara atmak, kara \u00e7almak ve kumpas kurmak suretiyle mahkeme kap\u0131lar\u0131nda s\u00fcr\u00fcnd\u00fcr\u00fcrler ve bu insanlara hayat\u0131 adet\u00e2 dar ederler.<\/p>\n<div dir=\"ltr\"><\/div>\n<p>Gazeteci postuna b\u00fcr\u00fcnm\u00fc\u015f ya\u011fdanl\u0131klar\u0131n ve tetik\u00e7ilerin ise dokunulmazl\u0131klar\u0131 vard\u0131r! Bunlar, g\u00fc\u00e7ten ve g\u00fc\u00e7l\u00fcden yana olduklar\u0131 ve buralardan beslendikleri i\u00e7in dokunanlar\u0131 olmaz.<\/p><\/div>\n<div>Ars\u0131zl\u0131kta, y\u00fczs\u00fczl\u00fckte ve utanmazl\u0131kta da hi\u00e7 kimse bunlara galebe \u00e7alamaz.<\/div>\n<div>B\u00f6yle oldu\u011fu i\u00e7in de her t\u00fcrl\u00fc ahlaks\u0131zl\u0131\u011f\u0131 ve k\u00f6t\u00fcl\u00fc\u011f\u00fc korkusuzca yaparlar.<\/div>\n<div>Kimileri sureti haktan g\u00f6r\u00fcn\u00fcp ustal\u0131kla yapar, kimileri de alenen ve s\u0131r\u0131tarak&#8230;<\/p>\n<div dir=\"ltr\"><\/div>\n<p>Bas\u0131n\u0131m\u0131z\u0131n ve medyam\u0131z\u0131n bu gibilerden ar\u0131n\u0131p, hakk\u0131n ve ger\u00e7e\u011fin sesi olmas\u0131 umut ve dile\u011fimle esen kal\u0131n!<\/p><\/div>\n<div><\/div>\n<p>\u00d6ZL\u00dc S\u00d6Z\u00dcM<\/p><\/div>\n<div dir=\"ltr\"><\/div>\n<div>&#8220;Otoriter y\u00f6netimler i\u00e7in en b\u00fcy\u00fck ve en tehlikeli d\u00fc\u015fman halk\u0131 ba\u015f tac\u0131 edenlerdir!&#8221;<\/div>\n","protected":false},"excerpt":{"rendered":"<p>Zor bir i\u015ftir gazetecilik! Ve hatta mihnetli bir i\u015ftir. \u00d6zellikle de ara\u015ft\u0131rmac\u0131 gazetecilik&#8230; \u00c7\u00fcnk\u00fc ger\u00e7ek(ara\u015ft\u0131rmac\u0131) gazeteci, bas\u0131n ahlak ve ilkelerini de g\u00f6zeterek, ger\u00e7e\u011fin pe\u015finde ko\u015fan namuslu insand\u0131r ve halk\u0131n da g\u00f6n\u00fcll\u00fc avukat\u0131d\u0131r. G\u00f6n\u00fcll\u00fc savunucusudur yani. Haks\u0131zl\u0131k, yolsuzluk, us\u00fcls\u00fczl\u00fck ve adaletsizlik gibi, halk\u0131n iyili\u011fine, esenli\u011fine olmayan ne varsa, hepsini arar, bulur, ortaya \u00e7\u0131kar\u0131r. Bu y\u00fczden de [&hellip;]<\/p>\n","protected":false},"author":14,"featured_media":94437,"comment_status":"open","ping_status":"open","sticky":false,"template":"","format":"standard","meta":{"footnotes":""},"categories":[47],"tags":[],"class_list":["post-94518","post","type-post","status-publish","format-standard","has-post-thumbnail","hentry","category-erdogan-serin"],"views":86,"_links":{"self":[{"href":"https:\/\/mersingazetesi.com\/index.php\/wp-json\/wp\/v2\/posts\/94518","targetHints":{"allow":["GET"]}}],"collection":[{"href":"https:\/\/mersingazetesi.com\/index.php\/wp-json\/wp\/v2\/posts"}],"about":[{"href":"https:\/\/mersingazetesi.com\/index.php\/wp-json\/wp\/v2\/types\/post"}],"author":[{"embeddable":true,"href":"https:\/\/mersingazetesi.com\/index.php\/wp-json\/wp\/v2\/users\/14"}],"replies":[{"embeddable":true,"href":"https:\/\/mersingazetesi.com\/index.php\/wp-json\/wp\/v2\/comments?post=94518"}],"version-history":[{"count":0,"href":"https:\/\/mersingazetesi.com\/index.php\/wp-json\/wp\/v2\/posts\/94518\/revisions"}],"wp:featuredmedia":[{"embeddable":true,"href":"https:\/\/mersingazetesi.com\/index.php\/wp-json\/wp\/v2\/media\/94437"}],"wp:attachment":[{"href":"https:\/\/mersingazetesi.com\/index.php\/wp-json\/wp\/v2\/media?parent=94518"}],"wp:term":[{"taxonomy":"category","embeddable":true,"href":"https:\/\/mersingazetesi.com\/index.php\/wp-json\/wp\/v2\/categories?post=94518"},{"taxonomy":"post_tag","embeddable":true,"href":"https:\/\/mersingazetesi.com\/index.php\/wp-json\/wp\/v2\/tags?post=94518"}],"curies":[{"name":"wp","href":"https:\/\/api.w.org\/{rel}","templated":true}]}}