{"id":94436,"date":"2025-03-19T10:41:02","date_gmt":"2025-03-19T07:41:02","guid":{"rendered":"https:\/\/mersingazetesi.com\/?p=94436"},"modified":"2025-03-19T11:50:31","modified_gmt":"2025-03-19T08:50:31","slug":"ulkemizin-gercek-gundemi-gecim-sikintisidir","status":"publish","type":"post","link":"https:\/\/mersingazetesi.com\/index.php\/2025\/03\/19\/ulkemizin-gercek-gundemi-gecim-sikintisidir\/","title":{"rendered":"\u00dcLKEM\u0130Z\u0130N GER\u00c7EK G\u00dcNDEM\u0130 GE\u00c7\u0130M SIKINTISIDIR"},"content":{"rendered":"<div dir=\"ltr\">\n<div>Ge\u00e7en hafta sonu otomobilimle Adana&#8217;dan Silifke&#8217;ye gelirken, yolumun \u00fczerindeki farkl\u0131 yerlerde \u00e7\u00f6p bidonlar\u0131ndan yiyecek toplayan bir erkek ile iki kad\u0131n g\u00f6rd\u00fcm.<\/div>\n<div>Hele bir kad\u0131n vard\u0131 ki y\u00fcre\u011fimi s\u0131zlatt\u0131.<\/div>\n<div>Eski p\u00fcsk\u00fc bir \u00e7ocuk arabas\u0131nda biri o\u011flan, di\u011feri k\u0131z, iki k\u00fc\u00e7\u00fck \u00e7ocu\u011fu olan gen\u00e7 bir anne.<\/div>\n<div>Anne, \u00e7\u00f6p bidonundaki bayat ekmekleri toplam\u0131\u015f, \u00fczerlerindeki k\u00fcfleri ve pislikleri \u00f6zenle temizleyip bir po\u015fete dolduruyordu.<\/div>\n<div>\u0130kiz olduklar\u0131n\u0131 sand\u0131\u011f\u0131m d\u00f6rt, be\u015f ya\u015flar\u0131ndaki iki sevimli \u00e7ocu\u011fu da merakl\u0131 ve \u015fa\u015fk\u0131n bak\u0131\u015flarla annelerini izliyordu.<\/div>\n<div>Ak\u015fam eve gelip de televizyonu a\u00e7t\u0131\u011f\u0131mda, her zaman oldu\u011fu gibi haberlerde bu ve benzeri konulardan hi\u00e7 s\u00f6z edilmedi\u011fini g\u00f6rd\u00fcm. Sadece haberlerde de\u011fil, farkl\u0131 televizyon kanallar\u0131ndaki tart\u0131\u015fma programlar\u0131nda da s\u00f6z edilmiyordu.<\/div>\n<div>Oysa ki, an itibariyle \u00dclkemizin en yak\u0131c\u0131 ve en y\u0131k\u0131c\u0131 sorunu ge\u00e7im s\u0131k\u0131nt\u0131s\u0131d\u0131r.<\/div>\n<div>Belli bir kesim, ge\u00e7inemedi\u011fi i\u00e7in \u00e7\u00f6p bidonlar\u0131na at\u0131lm\u0131\u015f yiyecekleri toplamak zorunda kal\u0131yor.<\/div>\n<div>Belli bir kesim de g\u00fc\u00e7l\u00fckle ve hatta k\u0131t kanaat ge\u00e7inebiliyor.<\/div>\n<div>Ger\u00e7ek bu iken, \u00dclkemiz insan\u0131 s\u00fcrekli yapay g\u00fcndemlerle me\u015fgul ediliyor. Maalesef(!) bas\u0131n\u0131m\u0131z ve medyam\u0131z da bu yapay g\u00fcndemlere \u00e7anak tutuyor. \u00c7anak tutman\u0131n da \u00f6tesinde ortak oluyor.<\/div>\n<div>Muhalefet partilerimiz de \u00f6n al\u0131p, bu yapay g\u00fcndemleri de\u011fi\u015ftiremiyor.<\/div>\n<div>O y\u00fczdendir ki, yap\u0131lan kamuoyu yoklamalar\u0131nda karars\u0131zlar partisi hep \u00f6nlerde \u00e7\u0131k\u0131yor.<\/div>\n<div>Art\u0131k \u015fu ger\u00e7e\u011fi g\u00f6relim!<\/div>\n<div>Bu g\u00fczel \u00dclke&#8217;nin g\u00fcndemi yeni bir anayasa de\u011fildir.<\/div>\n<div>Bu g\u00fczel \u00dclke&#8217;nin g\u00fcndemi Ekrem \u0130mamo\u011flu&#8217;nun diplomas\u0131 da de\u011fildir.<\/div>\n<div>Bu g\u00fczel \u00dclke&#8217;nin ger\u00e7ek g\u00fcndemi hayat pahal\u0131l\u0131\u011f\u0131 ve ge\u00e7im s\u0131k\u0131nt\u0131s\u0131d\u0131r. Ba\u015fka bir ifadeyle a\u00e7l\u0131k, yoksulluk ve sefalettir.<\/div>\n<div>Bu sorunlar\u0131 g\u00fcndeme getirmesi ve g\u00fcndemde tutmas\u0131 gerekenler de bas\u0131n ve medya ile muhalefet partileridir.<\/div>\n<div>Sorunlar\u0131 \u00e7\u00f6zmesi ve sosyal adaleti sa\u011flamas\u0131 gereken de i\u015f ba\u015f\u0131ndaki siyasal iktidard\u0131r.<\/div>\n<div>Gelin g\u00f6r\u00fcn ki, bunlardan hi\u00e7biri sorumluluklar\u0131n\u0131n gere\u011fini tam olarak yerine getirmiyorlar.<\/div>\n<div>O y\u00fczden de Toplumda g\u00fcvensizlik had safhada.<\/div>\n<div>\u00d6yle ki, Toplumun ezici \u00e7o\u011funlu\u011fu bu \u00dclke&#8217;de soysal adalet ve adalet oldu\u011funa inanm\u0131yor. \u00a0Ger\u00e7ek\u00e7i olmak gerekirse, bu durum s\u00fcrd\u00fcr\u00fclebilir bir durum de\u011fildir.<\/div>\n<div>Umar\u0131m, herkes akl\u0131n\u0131 ba\u015f\u0131na al\u0131r da bu sarmaldan bir an \u00f6nce \u00e7\u0131kar\u0131z.<\/div>\n<div>Aksi halde, \u00fclkeler liginde bir alt lige d\u00fc\u015fmemiz ka\u00e7\u0131n\u0131lmaz olacakt\u0131r. Do\u011frusu, \u00dclkemiz insan\u0131 bunlar\u0131 hak etmiyor.<\/div>\n<\/div>\n<div dir=\"ltr\"><\/div>\n<div dir=\"ltr\">YAZMAYA DAHA \u00c7OK \u00d6NEM VERMEL\u0130Y\u0130Z<\/div>\n<div dir=\"ltr\"><\/div>\n<div dir=\"ltr\">E\u011fitim sistemimizde yazmaya daha \u00e7ok \u00f6nem vermemiz laz\u0131m. \u00c7\u00fcnk\u00fc okurken c\u00fcmle baz\u0131nda, yazarken kelime baz\u0131nda d\u00fc\u015f\u00fcn\u00fcr\u00fcz. \u00d6yle ki, bir c\u00fcmlede kullanaca\u011f\u0131m\u0131z kelimeleri se\u00e7erken \u00e7o\u011fu zaman k\u0131l\u0131 k\u0131rk yarar\u0131z.<\/div>\n<div dir=\"ltr\">K\u0131sacas\u0131, yazmak d\u00fc\u015f\u00fcnsel aktiviteyi art\u0131r\u0131yor. \u00c7ocuklar\u0131m\u0131za, torunlar\u0131m\u0131za okuma al\u0131\u015fkanl\u0131\u011f\u0131n\u0131n yan\u0131 s\u0131ra yazma al\u0131\u015fkanl\u0131\u011f\u0131 da kazand\u0131rmam\u0131z laz\u0131m. Yeni nesil yazma konusunda maalesef \u00e7ok yetersiz!<br \/>\nUnutmayal\u0131m! &#8220;Bir ev i\u00e7in t\u00fcten bacas\u0131 neyse, bir millet i\u00e7in de dili odur!&#8221;<\/div>\n<div dir=\"ltr\">T\u00fcrk Dili&#8217;ni koruyup geli\u015ftirebilmemiz i\u00e7in insan\u0131m\u0131za yazma al\u0131\u015fkanl\u0131\u011f\u0131 kazanmam\u0131z \u015fart.<\/div>\n<div dir=\"ltr\"><\/div>\n<div dir=\"ltr\">\u00a0 \u00a0 \u00a0 \u00a0 \u00d6ZL\u00dc S\u00d6ZLER\u0130M<\/div>\n<div dir=\"ltr\"><\/div>\n<div dir=\"ltr\">&#8211; \u201cDinini, inanc\u0131n\u0131 do\u011fru ve g\u00fcvenilir kaynaklardan \u00f6\u011frenen bir insan, din ve inan\u00e7 istismarc\u0131lar\u0131n\u0131n oyununa da gelmez, tuza\u011f\u0131na da d\u00fc\u015fmez.&#8221;<\/div>\n<div dir=\"ltr\">&#8211; \u201cKurulan ve kovalanan her hayal, er ya da ge\u00e7 ger\u00e7ekle\u015fir.&#8221;<br \/>\nHayallerinin pe\u015finde a\u015fk ile ko\u015fanlara sevgiler.- \u201cOkumak \u00f6nemlidir amma, yazmak daha da \u00f6nemlidir! \u00c7\u00fcnk\u00fc okuryazar olan herkes kitap okuyabilir, ancak, her okuryazar kitap yazamaz.&#8221;<\/p>\n<\/div>\n<div dir=\"ltr\">&#8211; &#8220;En b\u00fcy\u00fck h\u0131rs\u0131zl\u0131k milli irade h\u0131rs\u0131zl\u0131\u011f\u0131d\u0131r.&#8221;<\/div>\n<div dir=\"ltr\">&#8211; \u201cBir insana en \u00e7ok yak\u0131\u015fan \u015fey masumiyettir.&#8221;- \u201c\u00c7anakkale Destan\u0131, Cumhuriyetimizin kurulu\u015f yolculu\u011fundaki ilk destan\u0131m\u0131zd\u0131r. Selam olsun O Destan&#8217;\u0131 yazanlara ve O Destan&#8217;\u0131n izini s\u00fcrenlere!\u201d<\/p>\n<\/div>\n","protected":false},"excerpt":{"rendered":"<p>Ge\u00e7en hafta sonu otomobilimle Adana&#8217;dan Silifke&#8217;ye gelirken, yolumun \u00fczerindeki farkl\u0131 yerlerde \u00e7\u00f6p bidonlar\u0131ndan yiyecek toplayan bir erkek ile iki kad\u0131n g\u00f6rd\u00fcm. Hele bir kad\u0131n vard\u0131 ki y\u00fcre\u011fimi s\u0131zlatt\u0131. Eski p\u00fcsk\u00fc bir \u00e7ocuk arabas\u0131nda biri o\u011flan, di\u011feri k\u0131z, iki k\u00fc\u00e7\u00fck \u00e7ocu\u011fu olan gen\u00e7 bir anne. Anne, \u00e7\u00f6p bidonundaki bayat ekmekleri toplam\u0131\u015f, \u00fczerlerindeki k\u00fcfleri ve pislikleri \u00f6zenle [&hellip;]<\/p>\n","protected":false},"author":14,"featured_media":94437,"comment_status":"open","ping_status":"open","sticky":false,"template":"","format":"standard","meta":{"footnotes":""},"categories":[47],"tags":[],"class_list":["post-94436","post","type-post","status-publish","format-standard","has-post-thumbnail","hentry","category-erdogan-serin"],"views":82,"_links":{"self":[{"href":"https:\/\/mersingazetesi.com\/index.php\/wp-json\/wp\/v2\/posts\/94436","targetHints":{"allow":["GET"]}}],"collection":[{"href":"https:\/\/mersingazetesi.com\/index.php\/wp-json\/wp\/v2\/posts"}],"about":[{"href":"https:\/\/mersingazetesi.com\/index.php\/wp-json\/wp\/v2\/types\/post"}],"author":[{"embeddable":true,"href":"https:\/\/mersingazetesi.com\/index.php\/wp-json\/wp\/v2\/users\/14"}],"replies":[{"embeddable":true,"href":"https:\/\/mersingazetesi.com\/index.php\/wp-json\/wp\/v2\/comments?post=94436"}],"version-history":[{"count":0,"href":"https:\/\/mersingazetesi.com\/index.php\/wp-json\/wp\/v2\/posts\/94436\/revisions"}],"wp:featuredmedia":[{"embeddable":true,"href":"https:\/\/mersingazetesi.com\/index.php\/wp-json\/wp\/v2\/media\/94437"}],"wp:attachment":[{"href":"https:\/\/mersingazetesi.com\/index.php\/wp-json\/wp\/v2\/media?parent=94436"}],"wp:term":[{"taxonomy":"category","embeddable":true,"href":"https:\/\/mersingazetesi.com\/index.php\/wp-json\/wp\/v2\/categories?post=94436"},{"taxonomy":"post_tag","embeddable":true,"href":"https:\/\/mersingazetesi.com\/index.php\/wp-json\/wp\/v2\/tags?post=94436"}],"curies":[{"name":"wp","href":"https:\/\/api.w.org\/{rel}","templated":true}]}}