{"id":94069,"date":"2025-03-14T11:09:14","date_gmt":"2025-03-14T08:09:14","guid":{"rendered":"https:\/\/mersingazetesi.com\/?p=94069"},"modified":"2025-03-14T11:09:14","modified_gmt":"2025-03-14T08:09:14","slug":"asil-olan-dunya-mutlulugudur","status":"publish","type":"post","link":"https:\/\/mersingazetesi.com\/index.php\/2025\/03\/14\/asil-olan-dunya-mutlulugudur\/","title":{"rendered":"ASIL OLAN D\u00dcNYA MUTLULU\u011eUDUR"},"content":{"rendered":"<div>\u0130nsano\u011flu mutlu olsun diye yarat\u0131lm\u0131\u015ft\u0131r.<\/div>\n<div>Bu da ancak g\u00fczel ve ya\u015fanabilir bir d\u00fcnya ile m\u00fcmk\u00fcnd\u00fcr.<\/div>\n<div>Bunu sa\u011flamas\u0131 gerekenler de \u00f6ncelikle y\u00f6netme mevki ve sorumlulu\u011funda olan siyasiler ve onlar\u0131n g\u00f6revlendirdikleri b\u00fcrokratlard\u0131r.<\/div>\n<div>Ama bu demek de\u011fildir ki, bu i\u015ften sadece siyasiler ve b\u00fcrokratlar sorumludur. G\u00fczel ve ya\u015fan\u0131las\u0131 bir d\u00fcnyadan ak\u0131l sa\u011fl\u0131\u011f\u0131 yerinde olan herkes sorumludur.<\/div>\n<div>Hem de yediden yetmi\u015fe sorumludur.<\/div>\n<div>Bireysel anlamda onlar\u0131n da yapmas\u0131 gerekenler vard\u0131r \u00e7\u00fcnk\u00fc. Onlar\u0131n da sorumluluklar\u0131, y\u00fck\u00fcml\u00fcl\u00fckleri ve \u00f6devleri vard\u0131r.<\/div>\n<div>Fakat bunun i\u00e7in bilin\u00e7li olmak \u015fartt\u0131r.<\/div>\n<div>Bunun da yolu insan, \u00e7evre ve do\u011fa odakl\u0131 bir e\u011fitim sisteminden ge\u00e7er.<\/div>\n<div>Bizdeki e\u011fitim sistemi maalesef(!) buna uygun de\u011fil.<\/div>\n<div>Buna odakl\u0131 de\u011fil Bizdeki e\u011fitim sistemi.<\/div>\n<div>\u00c7\u00fcnk\u00fc insan\u0131 ve d\u00fcnya mutlulu\u011funu \u00f6ncelemiyor. Ayr\u0131ca, verilen e\u011fitim, insan\u0131, \u00e7evreyi ve do\u011fay\u0131 korumaya, geli\u015ftirmeye d\u00f6n\u00fck i\u00e7erikten de yoksun g\u00f6r\u00fcn\u00fcyor.<\/div>\n<div>O y\u00fczden de \u00dclkemizin her bir yan\u0131nda do\u011fa katliam\u0131 ve \u00e7evre kirlili\u011fi alm\u0131\u015f ba\u015f\u0131n\u0131 gitmi\u015f.<\/div>\n<div>Bunda en b\u00fcy\u00fck pay, ku\u015fkusuz ki siyaset kurumunundur.<\/div>\n<div>\u00c7\u00fcnk\u00fc siyaset kurumu \u00fczerine d\u00fc\u015feni yapm\u0131yor. Tam aksine, insanlar\u0131 mutluluk vaadiyle aldat\u0131p, hayatlar\u0131ndan \u00e7al\u0131yor.<\/div>\n<div>Ayr\u0131ca, uygulamalar\u0131yla do\u011fa katliam\u0131n\u0131n ve \u00e7evre kirlili\u011finin \u00f6n\u00fcn\u00fc a\u00e7\u0131p, hayat\u0131 insanlara adet\u00e2 dar ediyor. Oysa ki, bu katliam\u0131 ve kirlili\u011fi \u00f6nlemesi gereken onlard\u0131r.<\/div>\n<div>As\u0131l g\u00f6rev onlar\u0131nd\u0131r yani.<\/div>\n<div>O nedenledir ki, siyaset kurumunun \u015fapkas\u0131n\u0131 \u00f6n\u00fcne koyup, insanlar\u0131n mutlu ve huzurlu bir ya\u015fam s\u00fcrmeleri i\u00e7in \u00fczerine d\u00fc\u015feni yapmas\u0131 laz\u0131m.<\/div>\n<div>Buna uygun ekonomik, sosyal ve k\u00fclt\u00fcrel ortam\u0131 sa\u011flamas\u0131 laz\u0131m.<\/div>\n<div>\u00dcstelik de en geni\u015f anlamda sa\u011flamas\u0131 laz\u0131m.<\/div>\n<div>Aksi halde, bunun hesab\u0131n\u0131 veremezler ve vebal alt\u0131nda kal\u0131rlar.<\/div>\n<div>Nitekim kal\u0131yorlar da.<\/div>\n<div dir=\"ltr\"><\/div>\n<div>\u00a0 \u00a0 \u00a0 \u00a0 \u00a0 \u00a0\u00d6ZL\u00dc S\u00d6ZLER\u0130M<\/div>\n<div dir=\"ltr\"><\/div>\n<div>&#8211; \u201cAkl\u0131, adaleti ve emniyeti olan bir devletin varsa korkma! \u00c7\u00fcnk\u00fc ne kervan\u0131n da\u011f\u0131l\u0131r ne de kervan\u0131na kurt ya da k\u0131ran girer!&#8221;<\/p>\n<p>&#8211; \u201cSiz do\u011faya kastederseniz, do\u011fa bunun intikam\u0131n\u0131 sizden al\u0131r. Sizden almasa dahi \u00e7ocuklar\u0131n\u0131zdan, torunlar\u0131n\u0131zdan al\u0131r.&#8221;<\/p>\n<p>&#8211; &#8220;\u0130nsanlar\u0131n en sahtekar\u0131 Allah ile aldatand\u0131r.&#8221;<\/p>\n<p>&#8211; &#8220;Bir devleti \u015fu iki \u015fey ayakta tutar! Bilgi ve tecr\u00fcbeyle beslenmi\u015f ak\u0131l, adaletle ta\u00e7lanm\u0131\u015f hukuk.&#8221;<\/p><\/div>\n<div dir=\"ltr\"><\/div>\n","protected":false},"excerpt":{"rendered":"<p>\u0130nsano\u011flu mutlu olsun diye yarat\u0131lm\u0131\u015ft\u0131r. Bu da ancak g\u00fczel ve ya\u015fanabilir bir d\u00fcnya ile m\u00fcmk\u00fcnd\u00fcr. Bunu sa\u011flamas\u0131 gerekenler de \u00f6ncelikle y\u00f6netme mevki ve sorumlulu\u011funda olan siyasiler ve onlar\u0131n g\u00f6revlendirdikleri b\u00fcrokratlard\u0131r. Ama bu demek de\u011fildir ki, bu i\u015ften sadece siyasiler ve b\u00fcrokratlar sorumludur. G\u00fczel ve ya\u015fan\u0131las\u0131 bir d\u00fcnyadan ak\u0131l sa\u011fl\u0131\u011f\u0131 yerinde olan herkes sorumludur. Hem de [&hellip;]<\/p>\n","protected":false},"author":14,"featured_media":94070,"comment_status":"open","ping_status":"open","sticky":false,"template":"","format":"standard","meta":{"footnotes":""},"categories":[47],"tags":[],"class_list":["post-94069","post","type-post","status-publish","format-standard","has-post-thumbnail","hentry","category-erdogan-serin"],"views":104,"_links":{"self":[{"href":"https:\/\/mersingazetesi.com\/index.php\/wp-json\/wp\/v2\/posts\/94069","targetHints":{"allow":["GET"]}}],"collection":[{"href":"https:\/\/mersingazetesi.com\/index.php\/wp-json\/wp\/v2\/posts"}],"about":[{"href":"https:\/\/mersingazetesi.com\/index.php\/wp-json\/wp\/v2\/types\/post"}],"author":[{"embeddable":true,"href":"https:\/\/mersingazetesi.com\/index.php\/wp-json\/wp\/v2\/users\/14"}],"replies":[{"embeddable":true,"href":"https:\/\/mersingazetesi.com\/index.php\/wp-json\/wp\/v2\/comments?post=94069"}],"version-history":[{"count":0,"href":"https:\/\/mersingazetesi.com\/index.php\/wp-json\/wp\/v2\/posts\/94069\/revisions"}],"wp:featuredmedia":[{"embeddable":true,"href":"https:\/\/mersingazetesi.com\/index.php\/wp-json\/wp\/v2\/media\/94070"}],"wp:attachment":[{"href":"https:\/\/mersingazetesi.com\/index.php\/wp-json\/wp\/v2\/media?parent=94069"}],"wp:term":[{"taxonomy":"category","embeddable":true,"href":"https:\/\/mersingazetesi.com\/index.php\/wp-json\/wp\/v2\/categories?post=94069"},{"taxonomy":"post_tag","embeddable":true,"href":"https:\/\/mersingazetesi.com\/index.php\/wp-json\/wp\/v2\/tags?post=94069"}],"curies":[{"name":"wp","href":"https:\/\/api.w.org\/{rel}","templated":true}]}}