{"id":93843,"date":"2025-03-11T12:37:31","date_gmt":"2025-03-11T09:37:31","guid":{"rendered":"https:\/\/mersingazetesi.com\/?p=93843"},"modified":"2025-03-11T17:56:43","modified_gmt":"2025-03-11T14:56:43","slug":"akli-ve-bilimi-rehber-edinmeyenin-akibeti-berbattir","status":"publish","type":"post","link":"https:\/\/mersingazetesi.com\/index.php\/2025\/03\/11\/akli-ve-bilimi-rehber-edinmeyenin-akibeti-berbattir\/","title":{"rendered":"AKLI VE B\u0130L\u0130M\u0130 REHBER ED\u0130NMEYEN\u0130N AKIBET\u0130 BERBATTIR"},"content":{"rendered":"<div dir=\"ltr\">\n<p>Cahil bir padi\u015fah olan 3\u00fcnc\u00fc Mustafa, fala (y\u0131ld\u0131z fal\u0131na) ve b\u00fcy\u00fcye \u00e7ok inan\u0131rd\u0131 ve \u00dclkeyi de (g\u00fcn\u00fcm\u00fczde astrolog denilen) m\u00fcneccimlere dan\u0131\u015farak y\u00f6netirdi. Bu y\u00fczden de, o d\u00f6nemin en g\u00fc\u00e7l\u00fc devleti olan Prusya&#8217;n\u0131n, girdi\u011fi her sava\u015f\u0131 kazanmas\u0131n\u0131 elindeki m\u00fcneccimlere ba\u011flard\u0131. Rivayet o ki, Osmanl\u0131&#8217;y\u0131 da Prusya gibi g\u00fc\u00e7l\u00fc bir devlet yapmak isteyen Padi\u015fah, B\u00fcy\u00fck Friedrich&#8217;te (Frederik&#8217;te) denilen Kral 2nci Frederik&#8217;e bir el\u00e7i g\u00f6nderir ve kendilerine \u00fc\u00e7 m\u00fcneccim g\u00f6nderilmesini talep eder. El\u00e7iyi dinleyen Kral, alayc\u0131 bir g\u00fcl\u00fcmsemeyle y\u00fcz\u00fcne bakar ve &#8220;Benim \u00fc\u00e7 m\u00fcneccimim ak\u0131ld\u0131r, bilimdir ve tabi ki sistemli ve disiplinli bir \u015fekilde \u00e7al\u0131\u015fmakt\u0131r&#8221; der ve hemen arkas\u0131ndan da ekler!<br \/>\n-G\u00fc\u00e7l\u00fc bir ekonomi ve a\u011fz\u0131na kadar t\u0131ka basa dolu bir kamu hazinesi-\u0130yi e\u011fitilmi\u015f ve iyi donat\u0131lm\u0131\u015f disiplinli ve g\u00fc\u00e7l\u00fc bir ordu<br \/>\n-Tarihi okuyarak, bug\u00fcn\u00fc anlama ve yar\u0131n\u0131 \u00f6ng\u00f6rme<br \/>\nB\u00fcy\u00fck Frederik&#8217;in vermek istedi\u011fi mesaj\u0131 anlamayan Padi\u015fah, demek ki Bize yard\u0131m etmek istemedi Kefere diye d\u00fc\u015f\u00fcn\u00fcr.<\/p>\n<p>PAD\u0130\u015eAH 3\u2019\u00dcNC\u00dc MUSTAFA K\u0130MD\u0130R?<\/p>\n<p>Babas\u0131 3\u00fcnc\u00fc Ahmet&#8217;in 1730&#8217;da taht\u0131 b\u0131rakmas\u0131 \u00fczerine kafese kapat\u0131lan ve Amcas\u0131&#8217;n\u0131n O\u011flu 3\u00fcnc\u00fc Osman&#8217;\u0131n 1757&#8217;de \u00f6l\u00fcm\u00fc \u00fczerine (tam 27 y\u0131l sonra) kafesten \u00e7\u0131kar\u0131l\u0131p tahta oturtulan 26nc\u0131 Osmanl\u0131 Padi\u015fah\u0131 olup, kesintisiz 26 y\u0131l tahtta kalm\u0131\u015ft\u0131r.Osmanl\u0131 Devleti, Padi\u015fah 3\u00fcnc\u00fc Mustafa&#8217;n\u0131n saltanat\u0131 s\u00fcresince, girdi\u011fi hemen her sava\u015f\u0131 kaybetmi\u015ftir. \u00c7\u00fcnk\u00fc Ordu&#8217;nun ba\u015f\u0131ndaki zabitlerin (subaylar\u0131n) neredeyse tamam\u0131, medreselerde hurafeler ve safsatalarla yeti\u015ftirilmi\u015f, ak\u0131ldan ve bilimden kopuk gerici mollalard\u0131r.<br \/>\n&#8220;S\u00f6zlerimle (pozitif) ak\u0131l ve bilim aras\u0131nda bir \u00e7eli\u015fki g\u00f6r\u00fcrseniz, s\u00f6zlerime de\u011fil, akla ve bilime itibar edin!&#8221; diyen Cumhuriyetimizin banisi (kurucusu) b\u00fcy\u00fck \u00f6nder Gazi Mustafa Kemal Atat\u00fcrk&#8217;\u00fcn ve kerpi\u00e7 bir duvar\u0131 y\u00fcr\u00fctebilecek kadar keramet sahibidir diyenlere &#8220;Bizim hurafe ve safsatayla i\u015fimiz olmaz!<br \/>\nEn b\u00fcy\u00fck keramet \u00e7al\u0131\u015fmak ve ba\u015farmakt\u0131r&#8221; diyen Pir H\u00fcnk\u00e2r Hace Bekta\u015f Veli&#8217;nin tavsiyelerine uymam\u0131z umut ve dile\u011fimle esen kal\u0131n diyor, yaz\u0131m\u0131 H\u00fcnk\u00e2r&#8217;\u0131n bir d\u00f6rtl\u00fc\u011f\u00fcyle bitiriyorum.<br \/>\nHararet nardad\u0131r, sac da de\u011fildirKeramet ba\u015ftad\u0131r, tac da de\u011fildirHer ne arar isen \u00f6z\u00fcnde ara!<br \/>\nKud\u00fcs&#8217;te, Mekke&#8217;de, hac da de\u011fildir<br \/>\n*Hace: Anlay\u0131\u015f\u0131, bilgisi, g\u00f6rg\u00fcs\u00fc ve sezgisiyle topluma \u00f6nderlik eden ve ona yol g\u00f6steren ki\u015fi.<br \/>\n\u00d6rnek ki\u015fi, rol model.<br \/>\n*Nar: Ate\u015f<\/p>\n<p>\u00d6ZL\u00dc S\u00d6ZLER\u0130M<br \/>\n&#8211; \u201cAkl\u0131 ve bilimi rehber edinen \u00fclkeler, istiklal m\u00fccadelesi vermek zorunda kalmazlar.&#8221;<br \/>\n&#8211; &#8220;Bir \u00fclkede \u00e7ocuklar\u0131n duygular\u0131na, gen\u00e7lerin fikirlerine, ya\u015fl\u0131lar\u0131n tecr\u00fcbelerine itibar edilmiyorsa, o \u00fclkenin ileri gitmesi m\u00fcmk\u00fcn de\u011fildir.&#8221;<\/p>\n<\/div>\n","protected":false},"excerpt":{"rendered":"<p>Cahil bir padi\u015fah olan 3\u00fcnc\u00fc Mustafa, fala (y\u0131ld\u0131z fal\u0131na) ve b\u00fcy\u00fcye \u00e7ok inan\u0131rd\u0131 ve \u00dclkeyi de (g\u00fcn\u00fcm\u00fczde astrolog denilen) m\u00fcneccimlere dan\u0131\u015farak y\u00f6netirdi. Bu y\u00fczden de, o d\u00f6nemin en g\u00fc\u00e7l\u00fc devleti olan Prusya&#8217;n\u0131n, girdi\u011fi her sava\u015f\u0131 kazanmas\u0131n\u0131 elindeki m\u00fcneccimlere ba\u011flard\u0131. Rivayet o ki, Osmanl\u0131&#8217;y\u0131 da Prusya gibi g\u00fc\u00e7l\u00fc bir devlet yapmak isteyen Padi\u015fah, B\u00fcy\u00fck Friedrich&#8217;te (Frederik&#8217;te) [&hellip;]<\/p>\n","protected":false},"author":14,"featured_media":93071,"comment_status":"open","ping_status":"open","sticky":false,"template":"","format":"standard","meta":{"footnotes":""},"categories":[47],"tags":[],"class_list":["post-93843","post","type-post","status-publish","format-standard","has-post-thumbnail","hentry","category-erdogan-serin"],"views":64,"_links":{"self":[{"href":"https:\/\/mersingazetesi.com\/index.php\/wp-json\/wp\/v2\/posts\/93843","targetHints":{"allow":["GET"]}}],"collection":[{"href":"https:\/\/mersingazetesi.com\/index.php\/wp-json\/wp\/v2\/posts"}],"about":[{"href":"https:\/\/mersingazetesi.com\/index.php\/wp-json\/wp\/v2\/types\/post"}],"author":[{"embeddable":true,"href":"https:\/\/mersingazetesi.com\/index.php\/wp-json\/wp\/v2\/users\/14"}],"replies":[{"embeddable":true,"href":"https:\/\/mersingazetesi.com\/index.php\/wp-json\/wp\/v2\/comments?post=93843"}],"version-history":[{"count":0,"href":"https:\/\/mersingazetesi.com\/index.php\/wp-json\/wp\/v2\/posts\/93843\/revisions"}],"wp:featuredmedia":[{"embeddable":true,"href":"https:\/\/mersingazetesi.com\/index.php\/wp-json\/wp\/v2\/media\/93071"}],"wp:attachment":[{"href":"https:\/\/mersingazetesi.com\/index.php\/wp-json\/wp\/v2\/media?parent=93843"}],"wp:term":[{"taxonomy":"category","embeddable":true,"href":"https:\/\/mersingazetesi.com\/index.php\/wp-json\/wp\/v2\/categories?post=93843"},{"taxonomy":"post_tag","embeddable":true,"href":"https:\/\/mersingazetesi.com\/index.php\/wp-json\/wp\/v2\/tags?post=93843"}],"curies":[{"name":"wp","href":"https:\/\/api.w.org\/{rel}","templated":true}]}}