{"id":93740,"date":"2025-03-10T11:42:09","date_gmt":"2025-03-10T08:42:09","guid":{"rendered":"https:\/\/mersingazetesi.com\/?p=93740"},"modified":"2025-03-10T11:42:09","modified_gmt":"2025-03-10T08:42:09","slug":"dalkavukluk-ve-devlet-adamligi-2","status":"publish","type":"post","link":"https:\/\/mersingazetesi.com\/index.php\/2025\/03\/10\/dalkavukluk-ve-devlet-adamligi-2\/","title":{"rendered":"DALKAVUKLUK VE DEVLET ADAMLI\u011eI"},"content":{"rendered":"<p>\u00c7\u0131karc\u0131, kindar ve entrikac\u0131 bir insan olan ve dalkavukluktan \u00e7ok ho\u015flanan Sadrazam Vekili Vezir Haled Efendi(!) \u00e7\u0131karlar\u0131na hizmet etmeyen ve kendisine dalkavukluk yapmayan Moral\u0131 Osman Efendi&#8217;ye etmedi\u011fini b\u0131rakmazm\u0131\u015f.<br \/>\nAdamca\u011f\u0131z\u0131, \u00e7e\u015fitli bahaneler uydurup, oradan oraya s\u00fcrer dururmu\u015f. Osman Efendi, Devlet&#8217;in bir i\u015fi i\u00e7in g\u00fcnlerden bir g\u00fcn Halet Efendi&#8217;yi ziyarete gider.<br \/>\nHalet Efendi&#8217;nin Osman Efendi&#8217;yi d\u0131\u015f kap\u0131da kar\u015f\u0131lad\u0131\u011f\u0131n\u0131 g\u00f6ren Molla \u0130zzet, &#8220;Bu ne i\u015ftir Efendim?! Osman Efendi&#8217;yi hem d\u0131\u015f kap\u0131da kar\u015f\u0131lay\u0131p iltifat ediyorsunuz, hem de Adamca\u011f\u0131za yapmad\u0131k k\u00f6t\u00fcl\u00fc\u011f\u00fc b\u0131rakm\u0131yorsunuz?&#8221; der!<br \/>\nHalet Efendi bunun \u00fczerine, &#8220;Do\u011fru s\u00f6yl\u00fcyorsun be Molla! Osman Efendi&#8217;ye, elinden ekme\u011fini almak da dahil hemen her k\u00f6t\u00fcl\u00fc\u011f\u00fc yapt\u0131m, fakat adaml\u0131\u011f\u0131na (insanl\u0131\u011f\u0131na) bir \u015fey yapamad\u0131m&#8221; diye itirafta bulunur.<br \/>\n&#8220;EFEND\u0130 \u0130NSAN, HER H\u00c2L VE \u015eARTTA \u0130NSAN\u0130 DE\u011eERLERDEN VAZGE\u00c7MEYEN \u0130NSANDIR.&#8221;<\/p>\n<p>HALET EFEND\u0130 K\u0130MD\u0130R?<\/p>\n<p>As\u0131l ad\u0131 Mehmet Said olup, Sultan 2nci Mahmut&#8217;un en \u00f6nemli vezirlerinden biridir. Sadrazam Vekilli\u011fi de dahil, Devlet&#8217;in de\u011fi\u015fik birimlerinde \u00fcst d\u00fczey g\u00f6revlerde bulunmu\u015f, \u00e7\u0131karc\u0131l\u0131\u011f\u0131 ve entrikac\u0131l\u0131\u011f\u0131 y\u00fcz\u00fcnden kafas\u0131 kesilerek idam edilmi\u015ftir.<\/p>\n<p>MORAL\u0130 OSMAN EFEND\u0130 K\u0130MD\u0130R?<\/p>\n<p>Devrinin en onurlu, en namuslu ve en \u00e7al\u0131\u015fkan b\u00fcrokratlar\u0131ndan biri olup, as\u0131l mesle\u011fi olan defterdarl\u0131k da dahil, Devlet&#8217;in \u00e7e\u015fitli birimlerinde uzun y\u0131llar \u00fcst d\u00fczey g\u00f6revlerde bulunmu\u015ftur.<\/p>\n<p>MOLLA \u0130ZZET K\u0130MD\u0130R?<\/p>\n<p>Molla \u0130zzet (Ke\u00e7ecizade Molla \u0130zzet ya da Ke\u00e7eizade \u0130zzet Molla) kimdir?<\/p>\n<p>\u00dcnl\u00fc bir gazel ustas\u0131 olan ve ayn\u0131 zamanda n\u00fcktedanl\u0131\u011f\u0131yla da bilinen Ke\u00e7ecizade Molla \u0130zzet, Sultan 2nci Abd\u00fclhamit d\u00f6neminde bir m\u00fcddet kazaskerlik de yapm\u0131\u015ft\u0131r.<\/p>\n<p>*Molla \u0130zzet&#8217;ten alimlerin dalkavuklu\u011fa dair bir beyit!<\/p>\n<p>Me\u015fhurdur ki, f\u0131sk ile olmaz cihan harap<br \/>\nEyler an\u0131 m\u00fcdahane-i aliman harap<br \/>\n(Me\u015fhurdur ki, f\u0131sk ile -do\u011fru yoldan ayr\u0131lmakla- olmaz d\u00fcnya harap -y\u0131k\u0131k d\u00f6k\u00fck olan, virane) onu as\u0131l harap eden alimlerin -bilginlerin- dalkavuklu\u011fudur.)<\/p>\n<p>\u00d6ZL\u00dc S\u00d6ZLER\u0130M<\/p>\n<p>&#8211; &#8220;Kurulan ve kovalanan her hayal, er ya da ge\u00e7 ger\u00e7ekle\u015fir.&#8221;<br \/>\nErdo\u011fan Serin &#8211; S\u0130L\u0130FKE<br \/>\nHayallerinin pe\u015finde a\u015fk ile ko\u015fanlara Merhaba.<\/p>\n<p>&#8211; &#8220;\u015eans ve iyi talih, Yaradan&#8217;\u0131n insano\u011fluna bir l\u00fctfudur! Yaradan&#8217;\u0131n bu l\u00fctfunu iyi ve g\u00fczel i\u015fler i\u00e7in kullananlara ne mutlu.&#8221;<\/p>\n","protected":false},"excerpt":{"rendered":"<p>\u00c7\u0131karc\u0131, kindar ve entrikac\u0131 bir insan olan ve dalkavukluktan \u00e7ok ho\u015flanan Sadrazam Vekili Vezir Haled Efendi(!) \u00e7\u0131karlar\u0131na hizmet etmeyen ve kendisine dalkavukluk yapmayan Moral\u0131 Osman Efendi&#8217;ye etmedi\u011fini b\u0131rakmazm\u0131\u015f. Adamca\u011f\u0131z\u0131, \u00e7e\u015fitli bahaneler uydurup, oradan oraya s\u00fcrer dururmu\u015f. Osman Efendi, Devlet&#8217;in bir i\u015fi i\u00e7in g\u00fcnlerden bir g\u00fcn Halet Efendi&#8217;yi ziyarete gider. Halet Efendi&#8217;nin Osman Efendi&#8217;yi d\u0131\u015f kap\u0131da [&hellip;]<\/p>\n","protected":false},"author":14,"featured_media":93071,"comment_status":"open","ping_status":"open","sticky":false,"template":"","format":"standard","meta":{"footnotes":""},"categories":[47],"tags":[],"class_list":["post-93740","post","type-post","status-publish","format-standard","has-post-thumbnail","hentry","category-erdogan-serin"],"views":76,"_links":{"self":[{"href":"https:\/\/mersingazetesi.com\/index.php\/wp-json\/wp\/v2\/posts\/93740","targetHints":{"allow":["GET"]}}],"collection":[{"href":"https:\/\/mersingazetesi.com\/index.php\/wp-json\/wp\/v2\/posts"}],"about":[{"href":"https:\/\/mersingazetesi.com\/index.php\/wp-json\/wp\/v2\/types\/post"}],"author":[{"embeddable":true,"href":"https:\/\/mersingazetesi.com\/index.php\/wp-json\/wp\/v2\/users\/14"}],"replies":[{"embeddable":true,"href":"https:\/\/mersingazetesi.com\/index.php\/wp-json\/wp\/v2\/comments?post=93740"}],"version-history":[{"count":0,"href":"https:\/\/mersingazetesi.com\/index.php\/wp-json\/wp\/v2\/posts\/93740\/revisions"}],"wp:featuredmedia":[{"embeddable":true,"href":"https:\/\/mersingazetesi.com\/index.php\/wp-json\/wp\/v2\/media\/93071"}],"wp:attachment":[{"href":"https:\/\/mersingazetesi.com\/index.php\/wp-json\/wp\/v2\/media?parent=93740"}],"wp:term":[{"taxonomy":"category","embeddable":true,"href":"https:\/\/mersingazetesi.com\/index.php\/wp-json\/wp\/v2\/categories?post=93740"},{"taxonomy":"post_tag","embeddable":true,"href":"https:\/\/mersingazetesi.com\/index.php\/wp-json\/wp\/v2\/tags?post=93740"}],"curies":[{"name":"wp","href":"https:\/\/api.w.org\/{rel}","templated":true}]}}