{"id":93416,"date":"2025-03-06T11:32:38","date_gmt":"2025-03-06T08:32:38","guid":{"rendered":"https:\/\/mersingazetesi.com\/?p=93416"},"modified":"2025-03-06T11:32:38","modified_gmt":"2025-03-06T08:32:38","slug":"bu-isler-karsilikli-guzelleme-duzerek-olmaz","status":"publish","type":"post","link":"https:\/\/mersingazetesi.com\/index.php\/2025\/03\/06\/bu-isler-karsilikli-guzelleme-duzerek-olmaz\/","title":{"rendered":"BU \u0130\u015eLER KAR\u015eILIKLI G\u00dcZELLEME D\u00dcZEREK OLMAZ!"},"content":{"rendered":"<div>Eleba\u015f\u0131l\u0131\u011f\u0131n\u0131 Abdullah \u00d6calan&#8217;\u0131n yapt\u0131\u011f\u0131 malum Ter\u00f6r \u00d6rg\u00fct\u00fc, k\u0131rk k\u00fcs\u00fcr y\u0131ld\u0131r s\u00fcrd\u00fcrd\u00fc\u011f\u00fc ter\u00f6r faaliyeti s\u0131rad\u0131nda, ba\u015fta askerlerimizi, polislerimizi, g\u00fcvenlik korucular\u0131m\u0131z\u0131 ve kamu g\u00f6revlilerimizi olmak \u00fczere, \u00e7oluk \u00e7ocuk demeden k\u0131rk binin \u00fczerinde insan\u0131m\u0131z\u0131 ac\u0131mas\u0131zca katletti.<\/div>\n<div>On binlercesini de yaralad\u0131 ve yar\u0131m b\u0131rakt\u0131.<\/div>\n<div>Y\u00fcz binlercesini de yerinden yurdundan etti.<\/div>\n<div>En sonunda da MHP Lideri Devlet Bah\u00e7eli&#8217;nin yapt\u0131\u011f\u0131 \u00e7a\u011fr\u0131 \u00fczerine silahlar\u0131 b\u0131rakmay\u0131 kabul etti\u011fini (daha do\u011frusu, ate\u015fkes ilan etti\u011fini) a\u00e7\u0131klad\u0131.<\/div>\n<div>T\u00fcrkiye Cumhuriyeti&#8217;ne ba\u015f kald\u0131rm\u0131\u015f bir ter\u00f6r \u00f6rg\u00fct\u00fcn\u00fcn silah b\u0131rakmas\u0131, halk\u0131m\u0131z\u0131n ve insanl\u0131\u011f\u0131n iyili\u011fi, esenli\u011fi a\u00e7\u0131s\u0131ndan ku\u015fkusuz ki iyi bir \u015feydir.<\/div>\n<div>Asl\u0131nda, her ter\u00f6r \u00f6rg\u00fct\u00fcn\u00fcn silah b\u0131rakmas\u0131 iyi bir \u015feydir.<\/div>\n<div>B\u00f6yle bir \u015feye akl\u0131 ba\u015f\u0131nda olan hi\u00e7bir vatanda\u015f\u0131m\u0131z itiraz da etmez, kar\u015f\u0131 da \u00e7\u0131kmaz. Lakin Halk\u0131m\u0131z\u0131n bilmek istedi\u011fi bir husus var. Malum \u00d6rg\u00fct neyin kar\u015f\u0131l\u0131\u011f\u0131nda b\u0131rakacak silah\u0131?<\/div>\n<div>DEM&#8217;in \u0130stanbul Milletvekili S\u0131rr\u0131 S\u00fcreyya \u00d6nder, \u00e7\u0131kt\u0131\u011f\u0131 bir televizyon kanal\u0131nda, &#8220;Size \u015ferefim \u00fczerine yemin ederim ki, \u00d6calan&#8217;\u0131n hi\u00e7bir \u00f6n \u015fart\u0131 ya da \u015fart\u0131 yok! Ortada herhangi bir pazarl\u0131k da yok&#8221; dedi.<\/div>\n<div>Dedi amma, \u00d6nder&#8217;in \u015ferefini ortaya koyarak etti\u011fi bu yemini vatanda\u015flar\u0131m\u0131z samimi ve inand\u0131r\u0131c\u0131 bulmad\u0131.<\/div>\n<div>\u00c7\u00fcnk\u00fc k\u0131rk y\u0131l\u0131 a\u015fk\u0131n s\u00fcredir silahl\u0131 kalk\u0131\u015fma halinde olan bir \u00d6rg\u00fct&#8217;\u00fcn kay\u0131ts\u0131z \u015farts\u0131z silah b\u0131rakmas\u0131n\u0131n ger\u00e7ek\u00e7i bir yan\u0131 yok.<\/div>\n<div>Buna herkes inansa bile, \u00d6rg\u00fct taraf\u0131ndan kand\u0131r\u0131l\u0131p da\u011fa \u00e7\u0131kar\u0131lan \u00e7ocuklar\u0131n aileleri inanmaz.<\/div>\n<div>Ayr\u0131ca, bu i\u015flerin kar\u015f\u0131l\u0131kl\u0131 g\u00fczellemeyle olmayaca\u011f\u0131 da ortada.<\/div>\n<div>O nedenledir ki, bu s\u00fcre\u00e7te ne yap\u0131lacaksa, her \u015feyin a\u00e7\u0131k ve \u015feffaf bir \u015fekilde ortaya konulmas\u0131 ve siyasi partilerimizle vatanda\u015flar\u0131m\u0131z\u0131n en geni\u015f anlamda bilgilendirilerek, kafalardaki soru i\u015faretlerinin giderilmesi laz\u0131m.<\/div>\n<div>En \u00f6nemlisi de ter\u00f6rle m\u00fccadele s\u00fcrecinde \u00e7ok a\u011f\u0131r bedeller \u00f6deyen \u015fehit yak\u0131nlar\u0131 ile gazilerin ikna edilmeleri laz\u0131m.<\/div>\n<div>Bir de say\u0131lar\u0131 elli d\u00f6rt bini a\u015fan g\u00fcvenlik korucular\u0131 i\u00e7in nas\u0131l bir form\u00fcl d\u00fc\u015f\u00fcn\u00fcld\u00fc\u011f\u00fcn\u00fcn a\u00e7\u0131klanmas\u0131 ve bu insanlar\u0131n rahatlat\u0131lmas\u0131 laz\u0131m.<\/div>\n<div>Daha a\u00e7\u0131k bir ifadeyle, bu insanlar\u0131 ma\u011fdur etmeyecek ger\u00e7ek\u00e7i bir form\u00fcl\u00fcn ortaya konulmas\u0131 laz\u0131m.<\/div>\n<div>B\u00fct\u00fcn bunlar yap\u0131l\u0131p da Toplum t\u00fcm\u00fcyle ikna edilmeden, bu s\u00fcre\u00e7ten sa\u011fl\u0131kl\u0131 bir sonu\u00e7 \u00e7\u0131kmaz.<\/div>\n<div>O y\u00fczdendir ki, kap\u0131lar\u0131n ard\u0131na kadar a\u00e7\u0131l\u0131p, s\u00fcrecin a\u00e7\u0131k ve \u015feffaf bir \u015fekilde y\u00fcr\u00fct\u00fclmesi laz\u0131m.<\/div>\n<div>Dahas\u0131, Bah\u00e7eli&#8217;nin DEM E\u015f Genel Ba\u015fkan\u0131 Tuncer Bak\u0131rhan&#8217;a s\u00f6yledi\u011fi, &#8220;T\u00fcrkiye Cumhuriyeti&#8217;ni hep birlikte demokratikle\u015ftirece\u011fiz!&#8221; s\u00f6z\u00fcn\u00fcn de lafta kalmamas\u0131 laz\u0131m.<\/div>\n<div>\u00c7\u00fcnk\u00fc T\u00fcrkiye Cumhuriyeti&#8217;nin, evrensel norm ve standartlarda laik ve demokratik bir hukuk\u00a0devleti olmaya ihtiyac\u0131 var.<\/div>\n<div dir=\"ltr\">Hem de \u015fiddetle ihtiyac\u0131 var.<\/div>\n<div dir=\"ltr\">Fakat bu ihtiya\u00e7, Ter\u00f6rist Eleba\u015f\u0131 istedi\u011fi i\u00e7in de\u011fil, T\u00fcrkiye Cumhuriyeti yurtta\u015flar\u0131 bunu hak etti\u011fi i\u00e7in kar\u015f\u0131lanmal\u0131d\u0131r.<\/div>\n<div dir=\"ltr\">Ter\u00f6rist Eleba\u015f\u0131 istedi diye b\u00f6yle bir yola ba\u015fvurmak ya da s\u00fcre\u00e7 \u00fczerinden siyasi ikbal hesaplar\u0131 yapmak, bu Millet&#8217;e yap\u0131lan en b\u00fcy\u00fck haks\u0131zl\u0131kt\u0131r.<\/div>\n<div dir=\"ltr\">Milletimiz, kendisine yap\u0131lan b\u00f6yle bir haks\u0131zl\u0131\u011f\u0131 kabul etmez.<\/div>\n<div dir=\"ltr\"><\/div>\n<div>\u00a0 \u00a0 \u00a0 \u00a0 \u00a0 \u00a0 \u00a0\u00d6ZL\u00dc S\u00d6Z\u00dcM<\/p>\n<p>&#8220;\u0130nsan odur ki, ak\u015fam olup da ba\u015f\u0131n\u0131 yast\u0131\u011fa koydu\u011funda ya\u015fad\u0131\u011f\u0131 g\u00fcn\u00fcn muhasebesini yapabilmeli ve \u00f6z\u00fcn\u00fc sorguya \u00e7ekip, hatalar\u0131ndan ve kusurlar\u0131ndan ar\u0131nabilmelidir.&#8221;<\/p><\/div>\n","protected":false},"excerpt":{"rendered":"<p>Eleba\u015f\u0131l\u0131\u011f\u0131n\u0131 Abdullah \u00d6calan&#8217;\u0131n yapt\u0131\u011f\u0131 malum Ter\u00f6r \u00d6rg\u00fct\u00fc, k\u0131rk k\u00fcs\u00fcr y\u0131ld\u0131r s\u00fcrd\u00fcrd\u00fc\u011f\u00fc ter\u00f6r faaliyeti s\u0131rad\u0131nda, ba\u015fta askerlerimizi, polislerimizi, g\u00fcvenlik korucular\u0131m\u0131z\u0131 ve kamu g\u00f6revlilerimizi olmak \u00fczere, \u00e7oluk \u00e7ocuk demeden k\u0131rk binin \u00fczerinde insan\u0131m\u0131z\u0131 ac\u0131mas\u0131zca katletti. On binlercesini de yaralad\u0131 ve yar\u0131m b\u0131rakt\u0131. Y\u00fcz binlercesini de yerinden yurdundan etti. En sonunda da MHP Lideri Devlet Bah\u00e7eli&#8217;nin yapt\u0131\u011f\u0131 \u00e7a\u011fr\u0131 [&hellip;]<\/p>\n","protected":false},"author":14,"featured_media":93071,"comment_status":"open","ping_status":"open","sticky":false,"template":"","format":"standard","meta":{"footnotes":""},"categories":[47],"tags":[],"class_list":["post-93416","post","type-post","status-publish","format-standard","has-post-thumbnail","hentry","category-erdogan-serin"],"views":109,"_links":{"self":[{"href":"https:\/\/mersingazetesi.com\/index.php\/wp-json\/wp\/v2\/posts\/93416","targetHints":{"allow":["GET"]}}],"collection":[{"href":"https:\/\/mersingazetesi.com\/index.php\/wp-json\/wp\/v2\/posts"}],"about":[{"href":"https:\/\/mersingazetesi.com\/index.php\/wp-json\/wp\/v2\/types\/post"}],"author":[{"embeddable":true,"href":"https:\/\/mersingazetesi.com\/index.php\/wp-json\/wp\/v2\/users\/14"}],"replies":[{"embeddable":true,"href":"https:\/\/mersingazetesi.com\/index.php\/wp-json\/wp\/v2\/comments?post=93416"}],"version-history":[{"count":0,"href":"https:\/\/mersingazetesi.com\/index.php\/wp-json\/wp\/v2\/posts\/93416\/revisions"}],"wp:featuredmedia":[{"embeddable":true,"href":"https:\/\/mersingazetesi.com\/index.php\/wp-json\/wp\/v2\/media\/93071"}],"wp:attachment":[{"href":"https:\/\/mersingazetesi.com\/index.php\/wp-json\/wp\/v2\/media?parent=93416"}],"wp:term":[{"taxonomy":"category","embeddable":true,"href":"https:\/\/mersingazetesi.com\/index.php\/wp-json\/wp\/v2\/categories?post=93416"},{"taxonomy":"post_tag","embeddable":true,"href":"https:\/\/mersingazetesi.com\/index.php\/wp-json\/wp\/v2\/tags?post=93416"}],"curies":[{"name":"wp","href":"https:\/\/api.w.org\/{rel}","templated":true}]}}