{"id":934,"date":"2021-11-23T11:48:02","date_gmt":"2021-11-23T08:48:02","guid":{"rendered":"http:\/\/mersin.mesiad.org\/index.php\/2021\/11\/23\/aranan-zanli-kaza-yapinca-sahte-kimlikle-yakalandi\/"},"modified":"2021-11-23T11:48:02","modified_gmt":"2021-11-23T08:48:02","slug":"aranan-zanli-kaza-yapinca-sahte-kimlikle-yakalandi","status":"publish","type":"post","link":"https:\/\/mersingazetesi.com\/index.php\/2021\/11\/23\/aranan-zanli-kaza-yapinca-sahte-kimlikle-yakalandi\/","title":{"rendered":"Aranan zanl\u0131 kaza yap\u0131nca sahte kimlikle yakaland\u0131"},"content":{"rendered":"<p><span style=\"color: rgb(0, 0, 0); font-family: Tahoma, Arial, 'Times New Roman TUR', Verdana; font-size: 15px; line-height: normal;\">Mersin \u0130l Jandarma Komutanl\u0131\u011f\u0131&#8217;ndan yap\u0131lan a\u00e7\u0131klamaya g\u00f6re, Tarsus&#8217;un \u00c7evreli Mahallesi&#8217;nde arac\u0131 ile seyir halindeyken kaza yapan ve yaral\u0131 olarak kald\u0131r\u0131ld\u0131\u011f\u0131 Tarsus Devlet Hastanesi&#8217;nde kendisini A.K. olarak tan\u0131tan \u015fahs\u0131n n\u00fcfus c\u00fczdan\u0131ndaki foto\u011fraf\u0131n sonradan eklenti oldu\u011funu tespit eden ekipler, yap\u0131lan ara\u015ft\u0131rmada as\u0131l ad\u0131n\u0131n E.E. oldu\u011funu tespit etti.<\/span><br style=\"color: rgb(0, 0, 0); font-family: Tahoma, Arial, 'Times New Roman TUR', Verdana; font-size: 15px; line-height: normal;\" \/><br \/>\n<span style=\"color: rgb(0, 0, 0); font-family: Tahoma, Arial, 'Times New Roman TUR', Verdana; font-size: 15px; line-height: normal;\">Ger\u00e7ek kimli\u011fi E.E. olan \u015fahs\u0131n yap\u0131lan kimlik sorgusunda ise 19 ayr\u0131 su\u00e7tan kayd\u0131n\u0131n bulundu\u011fu ve 7 y\u0131ld\u0131r \u00e7e\u015fitli su\u00e7lardan arand\u0131\u011f\u0131 belirlendi. Tarsus Adliyesi&#8217;ne sevk edilen E.E., tutuklanarak cezaevine g\u00f6nderildi.<\/span><\/p>\n","protected":false},"excerpt":{"rendered":"<p>Mersin&#8217;de 19 ayr\u0131 su\u00e7tan kayd\u0131 bulunan ve 7 y\u0131ld\u0131r \u00e7e\u015fitli su\u00e7lardan aranan bir ki\u015fi, kaza yap\u0131nca sahte kimlikle yakaland\u0131.<\/p>\n","protected":false},"author":2,"featured_media":0,"comment_status":"open","ping_status":"open","sticky":false,"template":"","format":"standard","meta":{"footnotes":""},"categories":[],"tags":[],"class_list":["post-934","post","type-post","status-publish","format-standard","hentry"],"views":16,"_links":{"self":[{"href":"https:\/\/mersingazetesi.com\/index.php\/wp-json\/wp\/v2\/posts\/934","targetHints":{"allow":["GET"]}}],"collection":[{"href":"https:\/\/mersingazetesi.com\/index.php\/wp-json\/wp\/v2\/posts"}],"about":[{"href":"https:\/\/mersingazetesi.com\/index.php\/wp-json\/wp\/v2\/types\/post"}],"author":[{"embeddable":true,"href":"https:\/\/mersingazetesi.com\/index.php\/wp-json\/wp\/v2\/users\/2"}],"replies":[{"embeddable":true,"href":"https:\/\/mersingazetesi.com\/index.php\/wp-json\/wp\/v2\/comments?post=934"}],"version-history":[{"count":0,"href":"https:\/\/mersingazetesi.com\/index.php\/wp-json\/wp\/v2\/posts\/934\/revisions"}],"wp:attachment":[{"href":"https:\/\/mersingazetesi.com\/index.php\/wp-json\/wp\/v2\/media?parent=934"}],"wp:term":[{"taxonomy":"category","embeddable":true,"href":"https:\/\/mersingazetesi.com\/index.php\/wp-json\/wp\/v2\/categories?post=934"},{"taxonomy":"post_tag","embeddable":true,"href":"https:\/\/mersingazetesi.com\/index.php\/wp-json\/wp\/v2\/tags?post=934"}],"curies":[{"name":"wp","href":"https:\/\/api.w.org\/{rel}","templated":true}]}}