{"id":93338,"date":"2025-03-05T12:05:03","date_gmt":"2025-03-05T09:05:03","guid":{"rendered":"https:\/\/mersingazetesi.com\/?p=93338"},"modified":"2025-03-05T12:05:03","modified_gmt":"2025-03-05T09:05:03","slug":"baris-surecinin-dogru-ve-seffaf-yurutulmesi-lazim","status":"publish","type":"post","link":"https:\/\/mersingazetesi.com\/index.php\/2025\/03\/05\/baris-surecinin-dogru-ve-seffaf-yurutulmesi-lazim\/","title":{"rendered":"BARI\u015e S\u00dcREC\u0130&#8217;N\u0130N DO\u011eRU VE \u015eEFFAF Y\u00dcR\u00dcT\u00dcLMES\u0130 LAZIM!"},"content":{"rendered":"<div dir=\"auto\">DEMliler, \u00d6calan \u00fczerine d\u00fc\u015feni yapt\u0131, \u015fimdi s\u0131ra Devlet&#8217;te diyorlar ve do\u011fru olan\u0131 yap\u0131p, \u00e7\u00f6z\u00fcm\u00fcn adresi olarak da Meclis&#8217;i g\u00f6steriyorlar.<\/div>\n<div dir=\"auto\">An itibariyle Meclis&#8217;te gurubu bulunan be\u015f siyasi parti var.<\/div>\n<div dir=\"auto\">Bunlardan biri \u0130Y\u0130 Parti&#8217;dir. \u0130Y\u0130 Parti, bu s\u00fcrece kar\u015f\u0131 oldu\u011funu daha i\u015fin ba\u015f\u0131nda a\u00e7\u0131k\u00e7a ilan etti.<\/div>\n<div dir=\"auto\">Geri kalan be\u015f siyasi partiden \u00fc\u00e7\u00fc (AK Parti, MHP ve DEM) i\u015fin i\u00e7inde ama, bu \u00fc\u00e7 partiye mensup milletvekillerinin ezici \u00e7o\u011funlu\u011fu olandan bitenden haberdar de\u011filler. Daha do\u011frusu, konuya duyarl\u0131 bir yurtta\u015f kadar haberdarlar.<\/div>\n<div dir=\"auto\">\u00c7\u00fcnk\u00fc bu s\u00fcre\u00e7 liderlik d\u00fczeyinde y\u00fcr\u00fct\u00fcl\u00fcyor ve olan\u0131 biteni sadece bu \u00fc\u00e7 partinin genel ba\u015fkanlar\u0131 ve e\u015f genel ba\u015fkanlar\u0131 biliyor. DEMliler&#8217;in a\u00e7\u0131klamalar\u0131ndan anl\u0131yoruz ki, asl\u0131nda s\u00fcrece dair onlar da pek bir \u015fey bilmiyorlar.<\/div>\n<div dir=\"auto\">Bu y\u00fczden de s\u00fcrekli olarak beklentilerini dile getiriyorlar.<\/div>\n<div dir=\"auto\">Meclis&#8217;te gurubu bulunan di\u011fer iki muhalefet partisine (CHP&#8217;ye ve Yeni Yol Partisi&#8217;ne) gelince, kendilerine s\u00fcrece dair herhangi bir bilgi verilmedi\u011fi i\u00e7in, olan\u0131 biteni seyretmekle yetiniyorlar.<\/div>\n<div dir=\"auto\">Bununla birlikte, belli ko\u015fullar \u00e7er\u00e7evesinde s\u00fcrece katk\u0131 ve destek vereceklerini de samimi bir \u015fekilde ifade ediyorlar. Ancak, \u00d6calan&#8217;\u0131n ve DEM&#8217;in, siyasetin demokratikle\u015fmesi, demokratik cumhuriyetin in\u015fas\u0131 ve Cumhuriyet&#8217;in en geni\u015f anlamda hukukla ta\u00e7land\u0131r\u0131lmas\u0131 y\u00f6n\u00fcndeki genel talepleri d\u0131\u015f\u0131nda, s\u00fcrecin i\u00e7eri\u011fine dair hi\u00e7bir \u015fey bilmiyorlar.<\/div>\n<div dir=\"auto\">Halk\u0131m\u0131z\u0131n iyili\u011fi ve esenli\u011fi i\u00e7in madem ki b\u00f6yle bir s\u00fcre\u00e7 ba\u015flat\u0131ld\u0131, bu konuda CHP ve Yeni Yol Partisi liderliklerine de bilgi verilmesi laz\u0131m.<\/div>\n<div dir=\"auto\">Bu s\u00fcrecin ba\u015far\u0131yla neticelenmesi i\u00e7in nelerin yap\u0131laca\u011f\u0131n\u0131n ayr\u0131nt\u0131l\u0131 bir \u015fekilde anlat\u0131lmas\u0131 ve bu iki muhalefet partisinin g\u00f6r\u00fc\u015f ve \u00f6nerilerinin dikkate al\u0131nmas\u0131 laz\u0131m.<\/div>\n<div dir=\"auto\">Sadece bu yetmez ama, Meclis&#8217;te gurubu bulunmayan muhalefet partileri ile \u015fehit ve gazi yak\u0131nlar\u0131n\u0131n temsilcilerinin g\u00f6r\u00fc\u015flerinin de dikkate al\u0131nmas\u0131 laz\u0131m.<\/div>\n<div dir=\"auto\">Hatta, Toplum&#8217;un bu s\u00fcrece haz\u0131rlanmas\u0131 bak\u0131m\u0131ndan belli ba\u015fl\u0131 sivil toplum \u00f6rg\u00fctlerinin de s\u00fcrece dahil edilmeleri laz\u0131m.<\/div>\n<div dir=\"auto\">Ayr\u0131ca, istismara ve provokasyona a\u00e7\u0131k olan bu s\u00fcrecin siyasi ikbal hesaplar\u0131n\u0131n da d\u0131\u015f\u0131nda tutulmas\u0131 laz\u0131m.<\/div>\n<div dir=\"auto\">Bu hususlara riayet edilmedi\u011fi takdirde, s\u00fcrecin akamete u\u011frama ihtimali y\u00fcksektir.<\/div>\n<div dir=\"auto\">Umar\u0131m ve dilerim, birtak\u0131m siyasi hesaplar u\u011fruna bu tarihi f\u0131rsat heba edilmez?!<\/div>\n<div dir=\"auto\"><\/div>\n<div dir=\"auto\">\u00a0 \u00a0 \u00a0 \u00a0 \u00a0 \u00d6ZL\u00dc S\u00d6ZLER\u0130M<\/div>\n<div dir=\"auto\"><\/div>\n<div dir=\"auto\">&#8211; &#8220;Hayat okulunun ac\u0131mas\u0131 yoktur! Ya\u015fanm\u0131\u015fl\u0131klardan ders almazsan\u0131z ac\u0131 ve \u00fcz\u00fcnt\u00fc kaderiniz olur.&#8221;<\/div>\n<div dir=\"auto\"><\/div>\n<div dir=\"auto\">&#8211; &#8220;As\u0131l oru\u00e7, bir \u00f6m\u00fcr boyu hak yememektir.&#8221;<\/div>\n","protected":false},"excerpt":{"rendered":"<p>DEMliler, \u00d6calan \u00fczerine d\u00fc\u015feni yapt\u0131, \u015fimdi s\u0131ra Devlet&#8217;te diyorlar ve do\u011fru olan\u0131 yap\u0131p, \u00e7\u00f6z\u00fcm\u00fcn adresi olarak da Meclis&#8217;i g\u00f6steriyorlar. An itibariyle Meclis&#8217;te gurubu bulunan be\u015f siyasi parti var. Bunlardan biri \u0130Y\u0130 Parti&#8217;dir. \u0130Y\u0130 Parti, bu s\u00fcrece kar\u015f\u0131 oldu\u011funu daha i\u015fin ba\u015f\u0131nda a\u00e7\u0131k\u00e7a ilan etti. Geri kalan be\u015f siyasi partiden \u00fc\u00e7\u00fc (AK Parti, MHP ve DEM) [&hellip;]<\/p>\n","protected":false},"author":14,"featured_media":93071,"comment_status":"open","ping_status":"open","sticky":false,"template":"","format":"standard","meta":{"footnotes":""},"categories":[47],"tags":[],"class_list":["post-93338","post","type-post","status-publish","format-standard","has-post-thumbnail","hentry","category-erdogan-serin"],"views":75,"_links":{"self":[{"href":"https:\/\/mersingazetesi.com\/index.php\/wp-json\/wp\/v2\/posts\/93338","targetHints":{"allow":["GET"]}}],"collection":[{"href":"https:\/\/mersingazetesi.com\/index.php\/wp-json\/wp\/v2\/posts"}],"about":[{"href":"https:\/\/mersingazetesi.com\/index.php\/wp-json\/wp\/v2\/types\/post"}],"author":[{"embeddable":true,"href":"https:\/\/mersingazetesi.com\/index.php\/wp-json\/wp\/v2\/users\/14"}],"replies":[{"embeddable":true,"href":"https:\/\/mersingazetesi.com\/index.php\/wp-json\/wp\/v2\/comments?post=93338"}],"version-history":[{"count":0,"href":"https:\/\/mersingazetesi.com\/index.php\/wp-json\/wp\/v2\/posts\/93338\/revisions"}],"wp:featuredmedia":[{"embeddable":true,"href":"https:\/\/mersingazetesi.com\/index.php\/wp-json\/wp\/v2\/media\/93071"}],"wp:attachment":[{"href":"https:\/\/mersingazetesi.com\/index.php\/wp-json\/wp\/v2\/media?parent=93338"}],"wp:term":[{"taxonomy":"category","embeddable":true,"href":"https:\/\/mersingazetesi.com\/index.php\/wp-json\/wp\/v2\/categories?post=93338"},{"taxonomy":"post_tag","embeddable":true,"href":"https:\/\/mersingazetesi.com\/index.php\/wp-json\/wp\/v2\/tags?post=93338"}],"curies":[{"name":"wp","href":"https:\/\/api.w.org\/{rel}","templated":true}]}}