{"id":93070,"date":"2025-03-02T12:07:38","date_gmt":"2025-03-02T09:07:38","guid":{"rendered":"https:\/\/mersingazetesi.com\/?p=93070"},"modified":"2025-03-02T12:07:38","modified_gmt":"2025-03-02T09:07:38","slug":"demokratik-bir-hukuk-devletinde-boyle-dil-ve-soylem-olmaz","status":"publish","type":"post","link":"https:\/\/mersingazetesi.com\/index.php\/2025\/03\/02\/demokratik-bir-hukuk-devletinde-boyle-dil-ve-soylem-olmaz\/","title":{"rendered":"DEMOKRAT\u0130K B\u0130R HUKUK DEVLET\u0130NDE B\u00d6YLE D\u0130L VE S\u00d6YLEM OLMAZ!"},"content":{"rendered":"<div>Meslekten ihra\u00e7 edilen Te\u011fmenler konusundaki tav\u0131rlar\u0131 \u00fczerinden Kara ve Deniz Kuvvetleri Komutanlar\u0131 hakk\u0131nda su\u00e7lamada bulunan Ana Muhalefet Partisi Lideri \u00d6zg\u00fcr \u00d6zel&#8217;i, iddias\u0131n\u0131 ispata davet edebilirsiniz.<\/div>\n<div>\u00d6zg\u00fcr \u00d6zel hakk\u0131nda, gerekirse su\u00e7 duyurusunda bulunup, maddi ve manevi tazminat davas\u0131 da a\u00e7abilirsiniz.<\/div>\n<div>Demokratik bir hukuk devletinde her iki hareket tarz\u0131 da normaldir ve dolay\u0131s\u0131yla anla\u015f\u0131labilir \u015feylerdir.<\/div>\n<div>Ancak, b\u00f6yle bir su\u00e7lamada bulundu diye, Ana Muhalefet Partisi Lideri&#8217;ne kar\u015f\u0131 tehditk\u00e2r ifadeler kullanamazs\u0131n\u0131z.<\/div>\n<div>\u201cAya\u011f\u0131n\u0131 denk al, yoksa aya\u011f\u0131n\u0131 denk getirmesini biliriz\u201d diyemezsiniz.<\/div>\n<div>\u00c7\u00fcnk\u00fc demokratik hukuk devletlerinde b\u00f6yle bir usul ve esas yoktur.<\/div>\n<div>Hal b\u00f6yle iken neyi, nas\u0131l yapacaks\u0131n\u0131z da denk getireceksiniz \u00d6zg\u00fcr \u00d6zel&#8217;in \u2018Aya\u011f\u0131\u2019n\u0131?<\/div>\n<div>Hem sonra, \u00d6zg\u00fcr \u00d6zel&#8217;in \u2018Aya\u011f\u0131&#8217;n\u0131n denk olup olmad\u0131\u011f\u0131na karar verecek olan \u0130ktidar de\u011fil ki!<\/div>\n<div>Buna se\u00e7men karar verir. Se\u00e7men, siyaset\u00e7inin aya\u011f\u0131n\u0131n denk olmad\u0131\u011f\u0131n\u0131 g\u00f6rd\u00fc\u011f\u00fcnde, hi\u00e7 g\u00f6z\u00fcn\u00fcn ya\u015f\u0131na bakmaz ve sand\u0131kta cezay\u0131 keser.<\/div>\n<div>Hem de \u00f6yle bir keser ki, anas\u0131ndan do\u011fdu\u011funa bin pi\u015fman eder.<\/div>\n<div>Hi\u00e7 kimse kusura bakmas\u0131n! Demokratik bir hukuk devletinde b\u00f6yle \u015fey olmaz. Olursa da, b\u00f6yle bir devlete demokratik hukuk devleti denmez.<\/div>\n<div>Ayr\u0131ca, demokrasiye ve hukukun \u00fcst\u00fcnl\u00fc\u011f\u00fcne inanan hi\u00e7bir yurtta\u015f da b\u00f6ylesine tehditk\u00e2r bir ifadeyi kabul etmez.<\/div>\n<div>Dahas\u0131, b\u00f6yle bir ifade demokratik bir hukuk devletinin ruhuna ve felsefesine de uymaz.<\/div>\n<div>O y\u00fczdendir ki, siyaset\u00e7ilerin dillerine ve s\u00f6ylemlerine dikkat etmeleri laz\u0131m. \u00d6zellikle de y\u00f6netme mevki ve sorumlulu\u011funda olanlar\u0131n&#8230;<\/div>\n<div dir=\"ltr\"><\/div>\n<div dir=\"ltr\">\u00a0 \u00a0 \u00a0 \u00a0 \u00a0 \u00a0\u00d6ZL\u00dc S\u00d6ZLER\u0130M<\/div>\n<div dir=\"ltr\"><\/div>\n<div dir=\"ltr\">-\u201cKurulan ve kovalanan her hayal, er ya da ge\u00e7 ger\u00e7ekle\u015fir.&#8221;<\/p>\n<\/div>\n<div dir=\"ltr\">Y\u0131lmadan, b\u0131kmadan, usanmadan hayallerinin pe\u015finde ko\u015fanlara sevgiler\u2026<\/p>\n<p>&#8211; &#8220;Yery\u00fcz\u00fcnde cehaletten daha yak\u0131c\u0131 ve daha y\u0131k\u0131c\u0131 bir silah yoktur!&#8221;<\/p>\n<p>&#8211; &#8220;Her dua makbuld\u00fcr! Fakat en makbul dua, bir insan\u0131n ba\u015fkalar\u0131 i\u00e7in etti\u011fi duad\u0131r.\u201d<\/p><\/div>\n","protected":false},"excerpt":{"rendered":"<p>Meslekten ihra\u00e7 edilen Te\u011fmenler konusundaki tav\u0131rlar\u0131 \u00fczerinden Kara ve Deniz Kuvvetleri Komutanlar\u0131 hakk\u0131nda su\u00e7lamada bulunan Ana Muhalefet Partisi Lideri \u00d6zg\u00fcr \u00d6zel&#8217;i, iddias\u0131n\u0131 ispata davet edebilirsiniz. \u00d6zg\u00fcr \u00d6zel hakk\u0131nda, gerekirse su\u00e7 duyurusunda bulunup, maddi ve manevi tazminat davas\u0131 da a\u00e7abilirsiniz. Demokratik bir hukuk devletinde her iki hareket tarz\u0131 da normaldir ve dolay\u0131s\u0131yla anla\u015f\u0131labilir \u015feylerdir. Ancak, b\u00f6yle [&hellip;]<\/p>\n","protected":false},"author":14,"featured_media":93071,"comment_status":"open","ping_status":"open","sticky":false,"template":"","format":"standard","meta":{"footnotes":""},"categories":[47],"tags":[],"class_list":["post-93070","post","type-post","status-publish","format-standard","has-post-thumbnail","hentry","category-erdogan-serin"],"views":65,"_links":{"self":[{"href":"https:\/\/mersingazetesi.com\/index.php\/wp-json\/wp\/v2\/posts\/93070","targetHints":{"allow":["GET"]}}],"collection":[{"href":"https:\/\/mersingazetesi.com\/index.php\/wp-json\/wp\/v2\/posts"}],"about":[{"href":"https:\/\/mersingazetesi.com\/index.php\/wp-json\/wp\/v2\/types\/post"}],"author":[{"embeddable":true,"href":"https:\/\/mersingazetesi.com\/index.php\/wp-json\/wp\/v2\/users\/14"}],"replies":[{"embeddable":true,"href":"https:\/\/mersingazetesi.com\/index.php\/wp-json\/wp\/v2\/comments?post=93070"}],"version-history":[{"count":0,"href":"https:\/\/mersingazetesi.com\/index.php\/wp-json\/wp\/v2\/posts\/93070\/revisions"}],"wp:featuredmedia":[{"embeddable":true,"href":"https:\/\/mersingazetesi.com\/index.php\/wp-json\/wp\/v2\/media\/93071"}],"wp:attachment":[{"href":"https:\/\/mersingazetesi.com\/index.php\/wp-json\/wp\/v2\/media?parent=93070"}],"wp:term":[{"taxonomy":"category","embeddable":true,"href":"https:\/\/mersingazetesi.com\/index.php\/wp-json\/wp\/v2\/categories?post=93070"},{"taxonomy":"post_tag","embeddable":true,"href":"https:\/\/mersingazetesi.com\/index.php\/wp-json\/wp\/v2\/tags?post=93070"}],"curies":[{"name":"wp","href":"https:\/\/api.w.org\/{rel}","templated":true}]}}