{"id":92681,"date":"2025-02-25T11:34:25","date_gmt":"2025-02-25T08:34:25","guid":{"rendered":"https:\/\/mersingazetesi.com\/?p=92681"},"modified":"2025-02-25T11:34:25","modified_gmt":"2025-02-25T08:34:25","slug":"yeni-turkiye","status":"publish","type":"post","link":"https:\/\/mersingazetesi.com\/index.php\/2025\/02\/25\/yeni-turkiye\/","title":{"rendered":"YEN\u0130 T\u00dcRK\u0130YE!!!"},"content":{"rendered":"<div dir=\"ltr\">AK Parti&#8217;nin 23 \u015eubat 2025 Pazar G\u00fcn\u00fc yap\u0131lan 8. Ola\u011fan Kongresi&#8217;nde, ge\u00e7erli oy kullanan 1547 delegenin tamam\u0131n\u0131n oyunu alarak, 9. kez Genel Ba\u015fkan se\u00e7ilen Cumhurba\u015fkan\u0131 Recep Tayyip Erdo\u011fan, Kongre Salonu&#8217;nda yapt\u0131\u011f\u0131 konu\u015fmada, &#8220;Yeni T\u00fcrkiye&#8217;ye al\u0131\u015facaks\u0131n\u0131z!&#8221; dedi.<\/div>\n<div dir=\"ltr\">\nTamam, al\u0131\u015fal\u0131m da, nas\u0131l al\u0131\u015fal\u0131m!?<\/div>\n<div dir=\"ltr\"><\/div>\n<div dir=\"ltr\">Cumhurba\u015fkan\u0131&#8217;n\u0131n yeni T\u00fcrkiye dedi\u011fi T\u00fcrkiye, eskisinden daha iyi durumda de\u011fil ki!<\/div>\n<div dir=\"ltr\">D\u00fcnden bug\u00fcne bakt\u0131\u011f\u0131m\u0131zda, enflasyon ve hayat pahal\u0131l\u0131\u011f\u0131 alm\u0131\u015f ba\u015f\u0131n\u0131 gitmi\u015f.<\/div>\n<div dir=\"ltr\">Emekli, asgari \u00fccretli ve dar gelirli peri\u015fan bir durumda. Ge\u00e7imini topraktan sa\u011flayan \u00fcretici de \u00f6yle.<\/div>\n<div dir=\"ltr\">Yoksulluk deseniz diz boyu. Adaletin hali ortada. Ad\u0131 var, kendi yok.<\/div>\n<div dir=\"ltr\">Daha do\u011frusu, adalete olan inan\u00e7 ve g\u00fcven dip noktada. Kime sorsan\u0131z, pahal\u0131l\u0131ktan, haks\u0131zl\u0131ktan ve adaletsizlikten yak\u0131n\u0131yor.<\/div>\n<div dir=\"ltr\"><\/div>\n<div dir=\"ltr\">K\u0131sacas\u0131, 17 Ekim Referandumundan bu yana her \u015fey eskisinden \u00e7ok daha k\u00f6t\u00fc bir durumda.<\/div>\n<div dir=\"ltr\">\u00d6yle ki, atanm\u0131\u015flar se\u00e7ilmi\u015flere (Millet&#8217;in iradesine) ayar verir ve hatta posta koyar oldu.<\/div>\n<div dir=\"ltr\"><\/div>\n<div dir=\"ltr\">Hal b\u00f6yle iken, neyine al\u0131\u015faca\u011f\u0131z b\u00f6yle bir T\u00fcrkiye&#8217;nin?<\/div>\n<div dir=\"ltr\"><\/div>\n<div dir=\"ltr\">Hem sonra, bu i\u015fler dayatmac\u0131l\u0131kla olmaz. Dahas\u0131, dayatmac\u0131l\u0131k demokrasinin ruhuna ve felsefesine uymaz.<\/div>\n<div dir=\"ltr\">Al\u0131\u015fmak i\u00e7in benimsemek ve \u00f6z\u00fcmsemek laz\u0131m.<\/div>\n<div dir=\"ltr\">Bunun i\u00e7in de bug\u00fcnk\u00fc T\u00fcrkiye&#8217;nin eskisinden daha iyi durumda olmas\u0131 laz\u0131m. \u00d6rne\u011fin, daha demokratik olmas\u0131 laz\u0131m.<\/div>\n<div dir=\"ltr\">Daha \u00f6zg\u00fcrl\u00fck\u00e7\u00fc olmas\u0131 laz\u0131m. Ge\u00e7im \u015fartlar\u0131n\u0131n eskisinden daha kolay olmas\u0131 laz\u0131m.<\/div>\n<div dir=\"ltr\">En \u00f6nemlisi de adaletli bir d\u00fczen olmas\u0131 laz\u0131m.<\/div>\n<div dir=\"ltr\"><\/div>\n<div dir=\"ltr\">Yap\u0131lan t\u00fcm kamuoyu ara\u015ft\u0131rmalar\u0131 g\u00f6steriyor ki, T\u00fcrkiye bu konularda eskisinden \u00e7ok daha k\u00f6t\u00fc durumda.<\/div>\n<div dir=\"ltr\"><\/div>\n<div dir=\"ltr\">Ke\u015fke, Cumhuriyetimizi (en geni\u015f anlamda) demokrasi, \u00f6zg\u00fcrl\u00fck ve adaletle ta\u00e7land\u0131rabilseydik de b\u00f6yle bir T\u00fcrkiye&#8217;de mutlu ve huzurlu bir \u015fekilde ya\u015f\u0131yor olsayd\u0131k!<\/div>\n<div dir=\"ltr\">B\u00f6yle bir T\u00fcrkiye&#8217;ye kim al\u0131\u015fmaz ki?<\/div>\n<div dir=\"ltr\">B\u00f6yle bir T\u00fcrkiye&#8217;de ya\u015famay\u0131 kim istemez ki?<br \/>\nDaha demokratik, daha \u00f6zg\u00fcrl\u00fck\u00e7\u00fc, daha adaletli ve daha m\u00fcreffeh bir T\u00fcrkiye&#8217;de huzur ve g\u00fcven i\u00e7inde ya\u015famam\u0131z umut ve dile\u011fimle esen kal\u0131n!<\/div>\n<div dir=\"ltr\"><\/div>\n<div dir=\"ltr\">\u00a0 \u00a0 \u00a0 \u00a0 \u00a0 \u00a0 \u00d6ZL\u00dc S\u00d6Z\u00dcM<\/div>\n<div dir=\"ltr\"><\/div>\n<div>&#8220;A\u015fk ile yola \u00e7\u0131kan yorulmaz. A\u015fk ile \u00e7\u0131k\u0131lan yolda da engel olmaz.&#8221;<\/div>\n","protected":false},"excerpt":{"rendered":"<p>AK Parti&#8217;nin 23 \u015eubat 2025 Pazar G\u00fcn\u00fc yap\u0131lan 8. Ola\u011fan Kongresi&#8217;nde, ge\u00e7erli oy kullanan 1547 delegenin tamam\u0131n\u0131n oyunu alarak, 9. kez Genel Ba\u015fkan se\u00e7ilen Cumhurba\u015fkan\u0131 Recep Tayyip Erdo\u011fan, Kongre Salonu&#8217;nda yapt\u0131\u011f\u0131 konu\u015fmada, &#8220;Yeni T\u00fcrkiye&#8217;ye al\u0131\u015facaks\u0131n\u0131z!&#8221; dedi. Tamam, al\u0131\u015fal\u0131m da, nas\u0131l al\u0131\u015fal\u0131m!? Cumhurba\u015fkan\u0131&#8217;n\u0131n yeni T\u00fcrkiye dedi\u011fi T\u00fcrkiye, eskisinden daha iyi durumda de\u011fil ki! D\u00fcnden bug\u00fcne bakt\u0131\u011f\u0131m\u0131zda, [&hellip;]<\/p>\n","protected":false},"author":14,"featured_media":91277,"comment_status":"open","ping_status":"open","sticky":false,"template":"","format":"standard","meta":{"footnotes":""},"categories":[47],"tags":[],"class_list":["post-92681","post","type-post","status-publish","format-standard","has-post-thumbnail","hentry","category-erdogan-serin"],"views":107,"_links":{"self":[{"href":"https:\/\/mersingazetesi.com\/index.php\/wp-json\/wp\/v2\/posts\/92681","targetHints":{"allow":["GET"]}}],"collection":[{"href":"https:\/\/mersingazetesi.com\/index.php\/wp-json\/wp\/v2\/posts"}],"about":[{"href":"https:\/\/mersingazetesi.com\/index.php\/wp-json\/wp\/v2\/types\/post"}],"author":[{"embeddable":true,"href":"https:\/\/mersingazetesi.com\/index.php\/wp-json\/wp\/v2\/users\/14"}],"replies":[{"embeddable":true,"href":"https:\/\/mersingazetesi.com\/index.php\/wp-json\/wp\/v2\/comments?post=92681"}],"version-history":[{"count":0,"href":"https:\/\/mersingazetesi.com\/index.php\/wp-json\/wp\/v2\/posts\/92681\/revisions"}],"wp:featuredmedia":[{"embeddable":true,"href":"https:\/\/mersingazetesi.com\/index.php\/wp-json\/wp\/v2\/media\/91277"}],"wp:attachment":[{"href":"https:\/\/mersingazetesi.com\/index.php\/wp-json\/wp\/v2\/media?parent=92681"}],"wp:term":[{"taxonomy":"category","embeddable":true,"href":"https:\/\/mersingazetesi.com\/index.php\/wp-json\/wp\/v2\/categories?post=92681"},{"taxonomy":"post_tag","embeddable":true,"href":"https:\/\/mersingazetesi.com\/index.php\/wp-json\/wp\/v2\/tags?post=92681"}],"curies":[{"name":"wp","href":"https:\/\/api.w.org\/{rel}","templated":true}]}}