{"id":92532,"date":"2025-02-23T12:13:32","date_gmt":"2025-02-23T09:13:32","guid":{"rendered":"https:\/\/mersingazetesi.com\/?p=92532"},"modified":"2025-02-23T15:34:25","modified_gmt":"2025-02-23T12:34:25","slug":"su-meselesi","status":"publish","type":"post","link":"https:\/\/mersingazetesi.com\/index.php\/2025\/02\/23\/su-meselesi\/","title":{"rendered":"SU MESELES\u0130"},"content":{"rendered":"<div>\n<div>\u00dclkemiz, su kaynaklar\u0131 bak\u0131m\u0131ndan kendi kendine yeterli bir \u00dclkedir.<\/div>\n<div>Ancak, su kaynaklar\u0131n\u0131 do\u011fru ve verimli kulland\u0131\u011f\u0131 s\u00f6ylenemez.<\/div>\n<div>O y\u00fczden de sular\u0131m\u0131z\u0131n \u00f6nemli bir k\u0131sm\u0131 heba olup gidiyor.<\/div>\n<div>Belli ki, bu konuda yeni bir anlay\u0131\u015fa ihtiya\u00e7 var. Bu anlay\u0131\u015f \u00e7er\u00e7evesinde de ak\u0131lc\u0131, bilimsel ve ger\u00e7ek\u00e7i bir planlama ve d\u00fczenleme yap\u0131lmas\u0131 gerekir.<\/div>\n<div>B\u00f6yle bir planlama ve d\u00fczenleme yap\u0131lmad\u0131\u011f\u0131 takdirde, \u00dclkemizin yak\u0131n gelecekte su s\u0131k\u0131nt\u0131s\u0131 \u00e7ekme ihtimali y\u00fcksektir.<\/div>\n<div>\u00d6zellikle de Ankara ve \u0130stanbul gibi b\u00fcy\u00fck\u015fehirlerimizin ve \u0130\u00e7 Anadolu&#8217;daki belli ba\u015fl\u0131 b\u00f6lgelerimizin&#8230;<\/div>\n<div dir=\"ltr\"><\/div>\n<div>Bu b\u00f6lgelerin ba\u015f\u0131nda da Konya Ovas\u0131 ve \u00e7evresi geliyor.<\/div>\n<div>\u00c7\u00fcnk\u00fc Konya ve \u00e7evresinde yap\u0131lan tar\u0131m ve hayvanc\u0131l\u0131k faaliyeti, B\u00f6lgenin su kaynaklar\u0131yla orant\u0131l\u0131 de\u011fildir.<\/div>\n<div>Daha do\u011frusu, su kaynaklar\u0131yla ters orant\u0131l\u0131d\u0131r. An itibariyle Konya B\u00f6lgesi, b\u00fcy\u00fckba\u015f hayvanc\u0131l\u0131\u011f\u0131n ve sulu tar\u0131m\u0131n asla yap\u0131lmamas\u0131 gereken b\u00f6lgelerin ba\u015f\u0131nda geliyor. Bu demek de\u011fildir ki, Konya ve \u00e7evresinde sulu tar\u0131m ve b\u00fcy\u00fckba\u015f hayvanc\u0131l\u0131k yap\u0131lmaz. Bunlar pek ala yap\u0131labilir.<\/div>\n<div>Fakat bunun i\u00e7in Konya B\u00f6lgesi&#8217;ne ve \u00e7evresine ba\u015fka b\u00f6lgelerden su aktar\u0131m\u0131 \u015fart.<\/div>\n<div>As\u0131l olan ise \u00dclkemizin i\u00e7 b\u00f6lgelerindeki da\u011flar\u0131n s\u00fcratle a\u011fa\u00e7land\u0131r\u0131lmas\u0131 ve buralara su tutucu bitkilerin ekilmesidir.<\/div>\n<div>Bu yap\u0131lmadan ve Hakkari gibi su tutma kapasitesi y\u00fcksek olan illerimize barajlar yap\u0131l\u0131p, buralardaki sular borularla orta ve bat\u0131 b\u00f6lgelerimizdeki b\u00fcy\u00fck\u015fehirlere ta\u015f\u0131nmadan, \u00dclkemizin belli b\u00f6lgeleri i\u00e7me ve sulama suyu s\u0131k\u0131nt\u0131s\u0131 \u00e7ekmeye mahkumdur.<\/div>\n<div>Umar\u0131m, ak\u0131l ve bili \u00f6ne d\u00fc\u015fer de, i\u015f i\u015ften ge\u00e7meden bu meseleye el at\u0131l\u0131r.<\/div>\n<div>Aksi halde, yak\u0131n gelecekte b\u00fcy\u00fck s\u0131k\u0131nt\u0131lar \u00e7ekmemiz ve derin pi\u015fmanl\u0131klar ya\u015famam\u0131z ka\u00e7\u0131n\u0131lmazd\u0131r.<\/div>\n<div><\/div>\n<\/div>\n<div>\u00a0 \u00a0 \u00a0 \u00a0 \u00a0 \u00a0 \u00d6ZL\u00dc S\u00d6ZLER\u0130M<\/div>\n<div dir=\"ltr\"><\/div>\n<div>\n<p>&#8211; &#8220;Gaflet, dalalet ve atalet i\u00e7inde olan toplumlar, hem g\u00fcvenli de\u011fildirler hem de g\u00fcvende de\u011fildirler.&#8221;<\/p>\n<p>Gaflet : Bir \u015feyin ay\u0131rd\u0131nda olmama hali, aymazl\u0131k<br \/>\nDalalet : Do\u011fru yoldan sapmak, sapk\u0131nl\u0131k<br \/>\nAtalet. : Tembellik<\/p>\n<p>&#8211; &#8220;En makbul politikac\u0131, milletinin ve insanl\u0131\u011f\u0131n iyili\u011fini, esenli\u011fini d\u00fc\u015f\u00fcnen ve bu konuda \u00e7aba ve gayret g\u00f6steren politikac\u0131d\u0131r.&#8221;<\/p>\n<\/div>\n<div>&#8211; &#8220;Bir \u00fclkeyi g\u00fc\u00e7l\u00fc ve itibarl\u0131 k\u0131lan \u015fey, halk\u0131n\u0131n refah ve bilin\u00e7 d\u00fczeyidir.&#8221;<\/div>\n","protected":false},"excerpt":{"rendered":"<p>\u00dclkemiz, su kaynaklar\u0131 bak\u0131m\u0131ndan kendi kendine yeterli bir \u00dclkedir. Ancak, su kaynaklar\u0131n\u0131 do\u011fru ve verimli kulland\u0131\u011f\u0131 s\u00f6ylenemez. O y\u00fczden de sular\u0131m\u0131z\u0131n \u00f6nemli bir k\u0131sm\u0131 heba olup gidiyor. Belli ki, bu konuda yeni bir anlay\u0131\u015fa ihtiya\u00e7 var. Bu anlay\u0131\u015f \u00e7er\u00e7evesinde de ak\u0131lc\u0131, bilimsel ve ger\u00e7ek\u00e7i bir planlama ve d\u00fczenleme yap\u0131lmas\u0131 gerekir. B\u00f6yle bir planlama ve d\u00fczenleme [&hellip;]<\/p>\n","protected":false},"author":14,"featured_media":91277,"comment_status":"open","ping_status":"open","sticky":false,"template":"","format":"standard","meta":{"footnotes":""},"categories":[47],"tags":[],"class_list":["post-92532","post","type-post","status-publish","format-standard","has-post-thumbnail","hentry","category-erdogan-serin"],"views":77,"_links":{"self":[{"href":"https:\/\/mersingazetesi.com\/index.php\/wp-json\/wp\/v2\/posts\/92532","targetHints":{"allow":["GET"]}}],"collection":[{"href":"https:\/\/mersingazetesi.com\/index.php\/wp-json\/wp\/v2\/posts"}],"about":[{"href":"https:\/\/mersingazetesi.com\/index.php\/wp-json\/wp\/v2\/types\/post"}],"author":[{"embeddable":true,"href":"https:\/\/mersingazetesi.com\/index.php\/wp-json\/wp\/v2\/users\/14"}],"replies":[{"embeddable":true,"href":"https:\/\/mersingazetesi.com\/index.php\/wp-json\/wp\/v2\/comments?post=92532"}],"version-history":[{"count":0,"href":"https:\/\/mersingazetesi.com\/index.php\/wp-json\/wp\/v2\/posts\/92532\/revisions"}],"wp:featuredmedia":[{"embeddable":true,"href":"https:\/\/mersingazetesi.com\/index.php\/wp-json\/wp\/v2\/media\/91277"}],"wp:attachment":[{"href":"https:\/\/mersingazetesi.com\/index.php\/wp-json\/wp\/v2\/media?parent=92532"}],"wp:term":[{"taxonomy":"category","embeddable":true,"href":"https:\/\/mersingazetesi.com\/index.php\/wp-json\/wp\/v2\/categories?post=92532"},{"taxonomy":"post_tag","embeddable":true,"href":"https:\/\/mersingazetesi.com\/index.php\/wp-json\/wp\/v2\/tags?post=92532"}],"curies":[{"name":"wp","href":"https:\/\/api.w.org\/{rel}","templated":true}]}}