{"id":92431,"date":"2025-02-21T17:06:37","date_gmt":"2025-02-21T14:06:37","guid":{"rendered":"https:\/\/mersingazetesi.com\/?p=92431"},"modified":"2025-02-21T17:07:16","modified_gmt":"2025-02-21T14:07:16","slug":"mersin-idman-yurdu-kullerinden-mi-dogacak","status":"publish","type":"post","link":"https:\/\/mersingazetesi.com\/index.php\/2025\/02\/21\/mersin-idman-yurdu-kullerinden-mi-dogacak\/","title":{"rendered":"MERS\u0130N \u0130DMAN YURDU K\u00dcLLER\u0130NDEN M\u0130 DO\u011eACAK?"},"content":{"rendered":"<p>SERDAR ERKAN<br \/>\n1925 y\u0131l\u0131ndan bu yana kentin armas\u0131 olan ve k\u0131rm\u0131z\u0131 lacivertli renkleri ta\u015f\u0131yan Yeni Mersin \u0130dman Yurdu i\u00e7in art\u0131k yeni bir d\u00f6nem ba\u015fl\u0131yor. Kul\u00fcb\u00fcn eski Ba\u015fkan\u0131 Say\u0131n Metin Salt\u0131k ile yap\u0131lan g\u00f6r\u00fc\u015fmeler sonucu kul\u00fcb\u00fcn devri ger\u00e7ekle\u015ftirildi. Yeni Mersin \u0130dman Yurdu yoluna yeni kurumsal yap\u0131s\u0131yla halk\u0131n tak\u0131m\u0131 olarak devam etme karar\u0131 ald\u0131.<\/p>\n<p>Yeni Mersin \u0130dman Yurdu&#8217;ndan yap\u0131lan a\u00e7\u0131lamada, &#8220;\u015eubat ay\u0131 i\u00e7erisinde y\u00fcr\u00fctt\u00fc\u011f\u00fcm\u00fcz ve kentimizin tak\u0131m\u0131 olan Yeni Mersin \u0130dman Yurdu\u2019nun mevcut transfer yasa\u011f\u0131 ve k\u00f6t\u00fc gidi\u015fat\u0131na y\u00f6nelik B\u00fcy\u00fck\u015fehir Belediye Ba\u015fkan\u0131m\u0131z Say\u0131n Vahap Se\u00e7er\u2019in yazd\u0131\u011f\u0131 re\u00e7eteyle, bu iki b\u00fcy\u00fck problemi sona erdirmek i\u00e7in ad\u0131mlar at\u0131lm\u0131\u015ft\u0131r. Kul\u00fcb\u00fc yeniden aya\u011fa kald\u0131rmak i\u00e7in olu\u015fturdu\u011fumuz bu proje takvimi \u00f6nce transfer yasa\u011f\u0131n\u0131n kald\u0131r\u0131lmas\u0131 ile ba\u015flam\u0131\u015f, ard\u0131ndan da teknik heyetin de\u011fi\u015ftirilmesi ve 16 futbolcu ile yap\u0131lan s\u00f6zle\u015fme ile devam etmi\u015ftir.Kul\u00fcb\u00fcm\u00fcz ilk ma\u00e7\u0131nda iyi bir oyun sergilemesine ra\u011fmen istedi\u011fi sonucu alamam\u0131\u015f\u00b8 fakat ikinci ma\u00e7\u0131nda ald\u0131\u011f\u0131 deplasman galibiyetiyle ligde kalma umutlar\u0131m\u0131z\u0131n kap\u0131lar\u0131n\u0131 aralam\u0131\u015ft\u0131r. Kul\u00fcb\u00fcm\u00fcz\u00fcn yeni ba\u015fkan\u0131 daha \u00f6nceki y\u00f6netimde de g\u00f6rev alan ve kul\u00fcb\u00fcn ba\u015far\u0131s\u0131 i\u00e7in t\u00fcm imkanlar\u0131n\u0131 seferber eden Servet \u00d6zdemir olmu\u015ftur. \u00d6te yandan Yeni Mersin \u0130dman Yurdu kul\u00fcb\u00fcm\u00fcz\u00fcn armas\u0131n\u0131 , ismini ve renklerini sahiplenerek 2. Ligde bulundu\u011fu konuma b\u00fcy\u00fck fedakarl\u0131klarla getiren eski Ba\u015fkan say\u0131n Metin Salt\u0131k ve y\u00f6netimine kentin sportif tarihine ge\u00e7ecek bu hamleye yapt\u0131klar\u0131 \u00f6nemli katk\u0131 i\u00e7in de \u015f\u00fckranlar\u0131m\u0131z\u0131 sunar\u0131z.&#8221; denildi.<\/p>\n<p>&#8220;Bug\u00fcn itibar\u0131yla ba\u015fkanl\u0131k g\u00f6revini \u00fcstlenmenin gururunu ya\u015f\u0131yorum&#8221;<\/p>\n<p>Yeni Mersin \u0130dman Yurdu Ba\u015fkan\u0131 Servet \u00d6zdemir, &#8216;B\u00fcy\u00fck Mersin&#8217; taraftar\u0131n\u0131n 100\u2019\u00fcn\u00fc g\u00fcld\u00fcrecek bir kul\u00fcb\u00fcn yeniden temellerini atman\u0131n heyecan\u0131 ve gururu i\u00e7erisinde olduala\u0131n\u0131 s\u00f6yleyen, &#8220;Bu gururu, ba\u015far\u0131ya d\u00f6n\u00fc\u015ft\u00fcrecek hamleleri hep birlikte ataca\u011f\u0131z. Mersin \u0130dman Yurdu ismini yok olmaktan kurtaran ve Mersin halk\u0131na arma\u011fan eden B\u00fcy\u00fck\u015fehir Belediye Ba\u015fkan\u0131m\u0131z Say\u0131n Vahap Se\u00e7er\u2019e te\u015fekk\u00fcr ediyor ve ona g\u00fcveniyoruz. Y\u00f6netimimize g\u00fcveniyoruz. Teknik heyetimize g\u00fcveniyoruz. Futbolcular\u0131m\u0131za g\u00fcveniyoruz. Her \u015feyden \u00f6nce vefakar ve cefakar taraftar\u0131m\u0131za g\u00fcveniyoruz. Ya\u015fad\u0131\u011f\u0131m\u0131z zorlu ve me\u015fakkatli s\u00fcrecin ard\u0131ndan, Yeni Mersin \u0130dman Yurdu i\u00e7in yeni bir sayfa a\u00e7m\u0131\u015f bulunuyoruz. \u00c7ocukluk ve gen\u00e7lik y\u0131llar\u0131m\u0131n tak\u0131m\u0131, sportif ve idari kademelerinde g\u00f6rev ald\u0131\u011f\u0131m bu b\u00fcy\u00fck kul\u00fcpte, bug\u00fcn itibar\u0131yla ba\u015fkanl\u0131k g\u00f6revini \u00fcstlenmenin gururunu ya\u015f\u0131yorum. Heyecanl\u0131y\u0131m\u2026 Gururluyum\u2026 &#8221; dedi.<\/p>\n<p>&#8220;Var g\u00fcc\u00fcm\u00fczle<br \/>\n\u00e7al\u0131\u015faca\u011f\u0131z&#8221;<\/p>\n<p>\u00d6zdemir \u015f\u00f6yle devam etti;<br \/>\n&#8220;\u00d6ncelikle, \u00fc\u00e7 y\u0131l boyunca birlikte \u00e7al\u0131\u015ft\u0131\u011f\u0131m ve y\u00f6netiminde yer ald\u0131\u011f\u0131m \u00f6nceki ba\u015fkan\u0131m\u0131z Say\u0131n Metin Salt\u0131k\u2019a ve Say\u0131n \u00dcmit Salt\u0131k\u2019a, kul\u00fcb\u00fcm\u00fcz i\u00e7in verdikleri emekler ve \u00f6zverili \u00e7al\u0131\u015fmalar\u0131 dolay\u0131s\u0131yla en i\u00e7ten te\u015fekk\u00fcrlerimi sunuyorum. Onlardan devrald\u0131\u011f\u0131m\u0131z bayra\u011f\u0131, tarihe ge\u00e7ecek ba\u015far\u0131lara ta\u015f\u0131mak i\u00e7in sab\u0131rs\u0131zland\u0131\u011f\u0131m\u0131z\u0131 da sizlerle payla\u015fmak isterim. Ayr\u0131ca, bu kutsal g\u00f6revi lay\u0131k\u0131yla yerine getirece\u011fime inanarak arkam\u0131zda duran, t\u00fcm imk\u00e2nlar\u0131n\u0131 seferber eden Mersin B\u00fcy\u00fck\u015fehir Belediye Ba\u015fkan\u0131m\u0131z Say\u0131n Vahap Se\u00e7er ve ekibine de \u015f\u00fckranlar\u0131m\u0131 sunuyorum. Say\u0131n Ba\u015fkan\u0131m\u0131z\u0131n deste\u011fiyle \u00e7\u0131kt\u0131\u011f\u0131m\u0131z bu yolda, kul\u00fcb\u00fcm\u00fcz\u00fc kurumsalla\u015fma ve tesisle\u015fme anlam\u0131nda ileriye ta\u015f\u0131rken, sportif ba\u015far\u0131larla da ad\u0131ndan s\u00f6z ettiren bir yap\u0131ya kavu\u015fturmak i\u00e7in var g\u00fcc\u00fcm\u00fczle \u00e7al\u0131\u015faca\u011f\u0131z. Memnuniyetle S\u00fcper Lig\u2019e diyece\u011fimiz g\u00fcnler \u00e7ok yak\u0131nda.&#8221;<\/p>\n","protected":false},"excerpt":{"rendered":"<p>SERDAR ERKAN 1925 y\u0131l\u0131ndan bu yana kentin armas\u0131 olan ve k\u0131rm\u0131z\u0131 lacivertli renkleri ta\u015f\u0131yan Yeni Mersin \u0130dman Yurdu i\u00e7in art\u0131k yeni bir d\u00f6nem ba\u015fl\u0131yor. Kul\u00fcb\u00fcn eski Ba\u015fkan\u0131 Say\u0131n Metin Salt\u0131k ile yap\u0131lan g\u00f6r\u00fc\u015fmeler sonucu kul\u00fcb\u00fcn devri ger\u00e7ekle\u015ftirildi. Yeni Mersin \u0130dman Yurdu yoluna yeni kurumsal yap\u0131s\u0131yla halk\u0131n tak\u0131m\u0131 olarak devam etme karar\u0131 ald\u0131. Yeni Mersin \u0130dman [&hellip;]<\/p>\n","protected":false},"author":2,"featured_media":92433,"comment_status":"open","ping_status":"open","sticky":false,"template":"","format":"standard","meta":{"footnotes":""},"categories":[6],"tags":[],"class_list":["post-92431","post","type-post","status-publish","format-standard","has-post-thumbnail","hentry","category-spor"],"views":459,"_links":{"self":[{"href":"https:\/\/mersingazetesi.com\/index.php\/wp-json\/wp\/v2\/posts\/92431","targetHints":{"allow":["GET"]}}],"collection":[{"href":"https:\/\/mersingazetesi.com\/index.php\/wp-json\/wp\/v2\/posts"}],"about":[{"href":"https:\/\/mersingazetesi.com\/index.php\/wp-json\/wp\/v2\/types\/post"}],"author":[{"embeddable":true,"href":"https:\/\/mersingazetesi.com\/index.php\/wp-json\/wp\/v2\/users\/2"}],"replies":[{"embeddable":true,"href":"https:\/\/mersingazetesi.com\/index.php\/wp-json\/wp\/v2\/comments?post=92431"}],"version-history":[{"count":0,"href":"https:\/\/mersingazetesi.com\/index.php\/wp-json\/wp\/v2\/posts\/92431\/revisions"}],"wp:featuredmedia":[{"embeddable":true,"href":"https:\/\/mersingazetesi.com\/index.php\/wp-json\/wp\/v2\/media\/92433"}],"wp:attachment":[{"href":"https:\/\/mersingazetesi.com\/index.php\/wp-json\/wp\/v2\/media?parent=92431"}],"wp:term":[{"taxonomy":"category","embeddable":true,"href":"https:\/\/mersingazetesi.com\/index.php\/wp-json\/wp\/v2\/categories?post=92431"},{"taxonomy":"post_tag","embeddable":true,"href":"https:\/\/mersingazetesi.com\/index.php\/wp-json\/wp\/v2\/tags?post=92431"}],"curies":[{"name":"wp","href":"https:\/\/api.w.org\/{rel}","templated":true}]}}